{"id":123159,"date":"2025-12-22T13:02:08","date_gmt":"2025-12-22T13:02:08","guid":{"rendered":"https:\/\/www.europesays.com\/fi\/123159\/"},"modified":"2025-12-22T13:02:08","modified_gmt":"2025-12-22T13:02:08","slug":"internetin-suluista-tuli-arkea-venajalla-nyt-valittavat-jo-viranomaisetkin","status":"publish","type":"post","link":"https:\/\/www.europesays.com\/fi\/123159\/","title":{"rendered":"Internetin suluista tuli arkea Ven\u00e4j\u00e4ll\u00e4 \u2013 nyt valittavat jo viranomaisetkin"},"content":{"rendered":"<p class=\"ai-optimize-6 ai-optimize-introduction\">Kun marraskuun lopussa mobiiliverkko suljettiin Ven\u00e4j\u00e4n Belgorodin alueella ensimm\u00e4ist\u00e4 kertaa, se tuli yll\u00e4tyksen\u00e4 jopa paikalliselle hallinnolle.<\/p>\n<p class=\"ai-optimize-6 ai-optimize-introduction\">Alueen kuvern\u00f6\u00f6ri <strong>Vjat\u0161eslav Gladkov<\/strong> kertoi, ett\u00e4 mobiili-internet on osittain pois p\u00e4\u00e4lt\u00e4, mik\u00e4 \u201dluonnollisesti on varotoimi\u201d. Samalla osa Belgorodin viestint\u00e4yhteyksist\u00e4 k\u00e4rsi Gladkovin mukaan h\u00e4iri\u00f6ist\u00e4, mik\u00e4 koski h\u00e4lytysj\u00e4rjestelmi\u00e4 ja muita turvallisuustoimintoja.<\/p>\n<p class=\"ai-optimize-7\">T\u00e4m\u00e4n j\u00e4lkeen yli vuorokauden kest\u00e4vi\u00e4 mobiilidatan sulkuja on toteutettu Pietarissa, Smolenskissa, Arkangelissa sek\u00e4 muissa Ven\u00e4j\u00e4n kaupungeissa ja alueilla. P\u00e4\u00e4t\u00f6ksen tekev\u00e4t alueelliset turvallisuusviranomaiset yleens\u00e4 itsen\u00e4isesti, konsultoimatta tai edes varoittamatta aluehallintoja, Meduza-uutismedia <a href=\"https:\/\/meduza.io\/feature\/2025\/12\/22\/privychnyy-byt-razrushen\" target=\"_blank\" rel=\"noopener nofollow\">kertoo<\/a>.<\/p>\n<p class=\"ai-optimize-8\">S\u00e4\u00e4nn\u00f6lliset internet-katkokset alkoivat maassa viime toukokuussa. Samaan aikaan Ven\u00e4j\u00e4n viranomaiset alkoivat kannustaa ihmisi\u00e4 vaihtamaan ulkomaisista viestint\u00e4sovelluksista <a href=\"https:\/\/www.verkkouutiset.fi\/a\/tallainen-sovellus-tuli-puhelimiin-venajalla-kaikki-voi-paatya-fsblle\/#44cd70c2\" target=\"_blank\" rel=\"noopener nofollow\">valtio-omisteiseen Maxiin<\/a>, ja my\u00f6hemmin he alkoivat hy\u00f6dynt\u00e4\u00e4 hallinnollisia keinoja pakottaakseen ven\u00e4l\u00e4iset k\u00e4ytt\u00e4m\u00e4\u00e4n sit\u00e4.<\/p>\n<p class=\"ai-optimize-9\">Maxin on tarkoitus toimia silloinkin, kun viranomaiset sammuttavat mobiiliverkon. Samalla, niin kutsutulla valkoisella listalla on my\u00f6s hallituksen verkkosivuja, valtion asiointiportaali, valtio-ohjattuja ven\u00e4l\u00e4ismedioita ja jopa pikaruokaketju Vkusno i tochka, joka luotiin McDonald\u2019sin tilalle.<\/p>\n<p class=\"ai-optimize-10\">Ven\u00e4j\u00e4n viestint\u00e4- ja mediavalvontaviranomainen Roskomnadzor ilmoitti marraskuun lopulla sulkevansa WhatsAppin maassa kokonaan, puhelut oli kielletty jo aiemmin. My\u00f6s muita viestint\u00e4sovelluksia on estetty.<\/p>\n<p class=\"ai-optimize-11\">Vapaata tiedonsaantia entist\u00e4 tehokkaammin kitkev\u00e4t rajoitukset ovat muodostuneet p\u00e4\u00e4ns\u00e4ryksi alueellisille byrokratioille. Paikallishallinnon ty\u00f6ntekij\u00e4t ja alueiden poliittiset strategit ovat kertoneet Meduzalle kansalaisten mielipahasta ja viestinn\u00e4n h\u00e4iriintymisest\u00e4. He pelk\u00e4\u00e4v\u00e4t my\u00f6s Telegramin t\u00e4ydellist\u00e4 sulkemista.<\/p>\n<p class=\"ai-optimize-12\">Keskisen federaatiopiirin virkamies luonnehtii Meduzalle, ett\u00e4 Gladkov sanoi \u00e4\u00e4neen sen, mit\u00e4 moni ajattelee. Sek\u00e4 alueviranomaiset ett\u00e4 poliittiset strategit sanovat, ett\u00e4 yksi mobiili-internetin katkaisujen suurimmista ongelmista on kansalaisten tyytym\u00e4tt\u00f6myys.<\/p>\n<p class=\"ai-optimize-13\">\u2013 Arki on hajonnut k\u00e4siin, mit\u00e4 siihen voi sanoa, er\u00e4s virkamies kuvaa tilannetta.<\/p>\n<p class=\"ai-optimize-14\">\u2013 Jotkut saattavat luopua WhatsAppista, vaikka sen est\u00e4minen \u00e4rsytt\u00e4\u00e4 monia, ja siirty\u00e4 muihin viestint\u00e4kanaviin. Mutta kun et voi maksaa kortilla kaupassa tai kahvilassa, tilata taksia tai tehd\u00e4 verkko-ostoksia, koska maksut eiv\u00e4t mene l\u00e4pi, sit\u00e4 ei voi en\u00e4\u00e4 sivuuttaa.<\/p>\n<p class=\"ai-optimize-15\">Keskist\u00e4 ja luoteista federaatiopiiri\u00e4 edustavat viranomaisl\u00e4hteet kertovat, ett\u00e4 monella asukkaalla on k\u00e4yt\u00f6ss\u00e4\u00e4n vain mobiiliverkko. Kiinte\u00e4 internet-yhteys saattaa syrj\u00e4isilt\u00e4 paikoilta jopa puuttua. Kaikilla ei ole my\u00f6sk\u00e4\u00e4n varaa kiinte\u00e4\u00e4n yhteyteen.<\/p>\n<p class=\"ai-optimize-16\">\u2013 N\u00e4m\u00e4 ihmiset ovat ilman netti\u00e4 sek\u00e4 kotona ett\u00e4 sen ulkopuolella, toteaa yksi haastateltu ja huomauttaa, ett\u00e4 totta kai ihmiset valittavat, kun laskut j\u00e4\u00e4v\u00e4t maksamatta ja koululaisten kotil\u00e4ksyt tekem\u00e4tt\u00e4.<\/p>\n<p class=\"ai-optimize-17\">\u2013 Saattaa n\u00e4ytt\u00e4\u00e4 silt\u00e4, ettei hallinnossa v\u00e4litet\u00e4 ihmisten ongelmista. Mutta se ei pid\u00e4 paikkaansa, er\u00e4s alueviranomainen sanoo Meduzalle.<\/p>\n<p class=\"ai-optimize-18\">\u2013 Esimerkiksi Telegramin kautta tapahtuva viestint\u00e4 auttaa seuraamaan tapahtumia ajoissa ja est\u00e4m\u00e4\u00e4n tilanteiden k\u00e4rjistymisen.<\/p>\n<p class=\"ai-optimize-19\">Hallinnon palveluksessa olevat k\u00e4rsiv\u00e4t samoista ongelmista.<\/p>\n<p class=\"ai-optimize-20\">\u2013 Eiv\u00e4t ihmiset ole aina toimistolla wifin \u00e4\u00e4rell\u00e4, he ovat usein liikkeell\u00e4. Silloin on vaikea lopettaa tekstin kirjoittamista ja aina ei pysty soittamaan puhelua. Se on ongelma. Prosessit h\u00e4iriintyv\u00e4t. Ja kun [duuman vaalien] vaalikampanjat alkavat, ongelmat kasvavat, selitt\u00e4\u00e4 presidentinhallinnon poliittisella osastolla ty\u00f6skentelev\u00e4 konsultti.<\/p>\n<p class=\"ai-optimize-21\">T\u00e4rke\u00e4t p\u00e4\u00e4t\u00f6kset t\u00f6iss\u00e4 viiv\u00e4styv\u00e4t, kun viesti saattaa tulla perille tuntien kuluttua, h\u00e4n kuvailee.<\/p>\n<p class=\"ai-optimize-22\">Kuvern\u00f6\u00f6ri Gladkovin viittaus, ett\u00e4 h\u00e4lytysj\u00e4rjestelm\u00e4 lamaantui, ei viitannut Meduzan l\u00e4hteiden mukaan vain Ukrainan tekemist\u00e4 lennokki-iskuista varoittamiseen, vaan my\u00f6s asukkaiden ja viranomaisten v\u00e4lisiin yhteydenottoihin, ja jopa pr-viestint\u00e4\u00e4n.<\/p>\n<p class=\"ai-optimize-23\">Ennen sotaa Kreml painosti aluekuvern\u00f6\u00f6rej\u00e4 ja kaupunkien pormestareita perustamaan omia Telegram-kanavia ja julkaisemaan niiss\u00e4 sis\u00e4lt\u00f6\u00e4 jatkuvasti joko itse tai avustajien voimin ker\u00e4t\u00e4kseen seuraajakunnan. K\u00e4yt\u00e4nt\u00f6 on laajentunut my\u00f6s pienempiin kuntiin.<\/p>\n<p class=\"ai-optimize-24\">Reaktiot ja kommentit p\u00e4ivityksiin toimivat ik\u00e4\u00e4n kuin kuumemittarina, presidentin hallinnon poliittisen osaston virkamies kertoo. Niiden kautta johdossa ymm\u00e4rret\u00e4\u00e4n, mill\u00e4 mielell\u00e4 kansalaiset ovat.<\/p>\n<p class=\"ai-optimize-25\">Mobiiliverkon rajoittamisen takia t\u00e4m\u00e4 viestinn\u00e4n tapa kuitenkin h\u00e4iriintyy. Kaikki kansalaiset eiv\u00e4t seuraa samojen henkil\u00f6iden tilej\u00e4 en\u00e4\u00e4 Maxissa, tai k\u00e4ytt\u00e4v\u00e4t Max-sovellusta vain toisessa, asioiden hoitoon tarkoitetussa puhelimessaan.<\/p>\n<p class=\"ai-optimize-26\">\u2013 Miten saamme mit\u00e4\u00e4n asioita perille, kysyy virkamies turhautuneena.<\/p>\n<p class=\"ai-optimize-27\">Telegram on mahdollistanut hallinnolle haluttujen narratiivien levitt\u00e4misen. Sen kautta on voitu torjua kielteisi\u00e4 mielialoja ja korostaa my\u00f6nteisi\u00e4 asioita esimerkiksi ostamalla suosittuja uutiskanavia tai julkaisemalla niiss\u00e4 maksettuja viestej\u00e4. N\u00e4in viranomaiset voivat vaikuttaa ihmisiin, jotka etsiv\u00e4t vaihtoehtoisia tiedonl\u00e4hteit\u00e4.<\/p>\n<p class=\"ai-optimize-28\">Telegramin hy\u00f6ty on ollut, ett\u00e4 ihmiset ovat pit\u00e4neet sit\u00e4 riippumattomana.<\/p>\n<p>Poimintoja videosis\u00e4ll\u00f6ist\u00e4mme<\/p>\n<p class=\"ai-optimize-29\">\u2013 Voit kontrolloida televisiota niin paljon kuin haluat, ja tunkea ilmaisia sanomalehti\u00e4 ihmisten postilaatikoihin, mutta kansa haluaa itsen\u00e4isi\u00e4 l\u00e4hteit\u00e4, virkamies jatkaa.<\/p>\n<p class=\"ai-optimize-30\">\u2013 Toisin kuin Telegramiin, valtiojohtoiseen viestint\u00e4sovellukseen asennoidutaan siten, ett\u00e4 se on taas yksi televisio. Eiv\u00e4t he lue mit\u00e4\u00e4n Maxilta ja he suhtautuvat siihen tietoon puolueellisesti, valittaa viranomainen, joka on huolissaan siit\u00e4, ett\u00e4 kun painopiste siirtyy Telegramilta Maxiin, hallintoviranomaiset yksinkertaisesti menett\u00e4v\u00e4t \u201dvaltansa ihmisiin\u201d.<\/p>\n<p class=\"ai-optimize-31\">Kremlin kanssa yhteisty\u00f6t\u00e4 tekev\u00e4 ja useita kuvern\u00f6\u00f6rej\u00e4 neuvova poliittinen strategi kertoo, ett\u00e4 pari kuukautta sitten h\u00e4n sai kollegoidensa kanssa viestin, ett\u00e4 \u201dKaikki suljetaan, my\u00f6s Telegram.\u201d<\/p>\n<p class=\"ai-optimize-32\">\u2013 Ennen duuman vaaleja ty\u00f6kalut ja toimintatavat on j\u00e4rjestett\u00e4v\u00e4 uudelleen, presidentinhallinnon poliittisen osaston l\u00e4hde kuvailee v\u00e4lj\u00e4\u00e4 ohjeistusta.<\/p>\n<p class=\"ai-optimize-33\">H\u00e4nen mukaansa Telegramin pysyv\u00e4st\u00e4 sulkemisesta ei kuitenkaan t\u00e4ll\u00e4 hetkell\u00e4 ole puhetta.<\/p>\n<p class=\"ai-optimize-34\">Meduza on kertonut ett\u00e4 presidentinhallinnon sis\u00e4poliittinen osasto haluaa s\u00e4ilytt\u00e4\u00e4 hallintoa tukevien Telegram-kanavien infrastruktuurin vuoden 2026 duuman vaaleihin saakka, koska viranomaisten arvioidaan olevan kykenem\u00e4tt\u00f6mi\u00e4 luomaan vastaavaa j\u00e4rjestelm\u00e4\u00e4 muihin viestisovelluksiin.<\/p>\n","protected":false},"excerpt":{"rendered":"Kun marraskuun lopussa mobiiliverkko suljettiin Ven\u00e4j\u00e4n Belgorodin alueella ensimm\u00e4ist\u00e4 kertaa, se tuli yll\u00e4tyksen\u00e4 jopa paikalliselle hallinnolle. Alueen kuvern\u00f6\u00f6ri&hellip;\n","protected":false},"author":2,"featured_media":123160,"comment_status":"","ping_status":"","sticky":false,"template":"","format":"standard","meta":{"footnotes":""},"categories":[87],"tags":[33,31,30,148,32,91,92,547],"class_list":{"0":"post-123159","1":"post","2":"type-post","3":"status-publish","4":"format-standard","5":"has-post-thumbnail","7":"category-internet","8":"tag-fi","9":"tag-finland","10":"tag-finnish","11":"tag-internet","12":"tag-suomi","13":"tag-technology","14":"tag-teknologia","15":"tag-venaja"},"share_on_mastodon":{"url":"https:\/\/pubeurope.com\/@fi\/115763356799358212","error":""},"_links":{"self":[{"href":"https:\/\/www.europesays.com\/fi\/wp-json\/wp\/v2\/posts\/123159","targetHints":{"allow":["GET"]}}],"collection":[{"href":"https:\/\/www.europesays.com\/fi\/wp-json\/wp\/v2\/posts"}],"about":[{"href":"https:\/\/www.europesays.com\/fi\/wp-json\/wp\/v2\/types\/post"}],"author":[{"embeddable":true,"href":"https:\/\/www.europesays.com\/fi\/wp-json\/wp\/v2\/users\/2"}],"replies":[{"embeddable":true,"href":"https:\/\/www.europesays.com\/fi\/wp-json\/wp\/v2\/comments?post=123159"}],"version-history":[{"count":0,"href":"https:\/\/www.europesays.com\/fi\/wp-json\/wp\/v2\/posts\/123159\/revisions"}],"wp:featuredmedia":[{"embeddable":true,"href":"https:\/\/www.europesays.com\/fi\/wp-json\/wp\/v2\/media\/123160"}],"wp:attachment":[{"href":"https:\/\/www.europesays.com\/fi\/wp-json\/wp\/v2\/media?parent=123159"}],"wp:term":[{"taxonomy":"category","embeddable":true,"href":"https:\/\/www.europesays.com\/fi\/wp-json\/wp\/v2\/categories?post=123159"},{"taxonomy":"post_tag","embeddable":true,"href":"https:\/\/www.europesays.com\/fi\/wp-json\/wp\/v2\/tags?post=123159"}],"curies":[{"name":"wp","href":"https:\/\/api.w.org\/{rel}","templated":true}]}}