{"id":123161,"date":"2025-12-22T13:05:09","date_gmt":"2025-12-22T13:05:09","guid":{"rendered":"https:\/\/www.europesays.com\/fi\/123161\/"},"modified":"2025-12-22T13:05:09","modified_gmt":"2025-12-22T13:05:09","slug":"cheek-ja-jere-tiihonen-juhlivat-syntymapaiviaan-katso-nostalginen-lapsuuskuva-tunnistaisitko","status":"publish","type":"post","link":"https:\/\/www.europesays.com\/fi\/123161\/","title":{"rendered":"Cheek ja Jere Tiihonen juhlivat syntym\u00e4p\u00e4ivi\u00e4\u00e4n \u2013 Katso nostalginen lapsuuskuva \u2013 tunnistaisitko?"},"content":{"rendered":"<p class=\"article-content article-content-width !bg-background\">Ex-r\u00e4pp\u00e4ri <a alt=\"Haku\" class=\"text-primary-red font-extrabold\" href=\"https:\/\/www.seiska.fi\/haku?q=Cheek\" rel=\"nofollow noopener\" target=\"_blank\">Cheek<\/a>, eli <a alt=\"Haku\" class=\"text-primary-red font-extrabold\" href=\"https:\/\/www.seiska.fi\/haku?q=Jare Tiihonen\" rel=\"nofollow noopener\" target=\"_blank\">Jare Tiihonen<\/a> t\u00e4ytt\u00e4\u00e4 maanantaina (22.12.) 44 vuotta, eik\u00e4 h\u00e4n ole ainoa p\u00e4iv\u00e4nsankari. Luonnollisesti my\u00f6s Jaren <a alt=\"Haku\" class=\"text-primary-red font-extrabold\" href=\"https:\/\/www.seiska.fi\/haku?q=Jere\" rel=\"nofollow noopener\" target=\"_blank\">Jere<\/a>-kaksosveli juhlii syntym\u00e4p\u00e4ivi\u00e4.<\/p>\n<p class=\"article-content article-content-width !bg-background\"><b>Video: Jare Tiihonen saapuu hovioikeuteen<\/b><\/p>\n<p class=\"article-content article-content-width !bg-background\">Juhlap\u00e4iv\u00e4n kunniaksi Jere onkin julkaissut <a href=\"https:\/\/www.instagram.com\/jeretii\/\" aria-label=\"Jere Tiihosen Instagram\" target=\"_blank\" rel=\"nofollow noopener\">Instagramissaan<\/a> onnittelup\u00e4ivityksen veljelleen. Julkaisu on kuvitettu nelj\u00e4ll\u00e4 otoksella veljesparista. Yksi kuvan ruudukkoon valituista hetkist\u00e4 on poikien lapsuuskuva.<\/p>\n<p class=\"article-content article-content-width !bg-background\">P\u00e4ivityksen kuvatekstiin Jere on kirjoittanut veljelleen rakkaudent\u00e4yteiset onnentoivotukset.<\/p>\n<p class=\"article-content article-content-width !bg-background\"> \u2013 Paljon onnea rakkaalle veljelle.<\/p>\n<p>N\u00e4in Jare vastaa<\/p>\n<p class=\"article-content article-content-width !bg-background\">Jare on vastannut onnentoivotuksiin julkaisun kommenttikent\u00e4ss\u00e4.<\/p>\n<p class=\"article-content article-content-width !bg-background\"> \u2013 Parasta syntt\u00e4rip\u00e4iv\u00e4\u00e4 Jermulle! h\u00e4n kirjoittaa.\u00a0<\/p>\n<p class=\"article-content article-content-width !bg-background\">Molempien veljeksien onnittelut ovat tehostettu syd\u00e4n-emojilla.<\/p>\n<p class=\"article-content article-content-width !bg-background\">Julkaisun kommenttikentt\u00e4 on t\u00e4yttynyt nopeasti kommenteista, joissa somekansa onnittelee veljesparia merkkip\u00e4iv\u00e4n\u00e4\u00e4n.\u00a0<\/p>\n<p class=\"article-content article-content-width !bg-background\">Er\u00e4s kommentoija ottaa kantaa my\u00f6s veljesten yhdenn\u00e4k\u00f6isyyteen:<\/p>\n<p class=\"article-content article-content-width !bg-background\"> \u2013 Onnea veljeksille! T\u00e4ysin tunnistettavissa jo vauvakuvasta.<\/p>\n<p>Huippur\u00e4pp\u00e4ri<\/p>\n<p class=\"article-content article-content-width !bg-background\">Cheek oli aktiiviurallaan kenties suosituin kotimainen r\u00e4pp\u00e4ri. Vuonna 2018 Lahden m\u00e4kimontun tuplakeikkaan p\u00e4\u00e4ttynyt ura toi h\u00e4nelle muun muassa enn\u00e4tykselliset 15 Emma-palkintoa kotimaisen musiikin palkintogaalasta.<\/p>\n<p>                <img decoding=\"async\" src=\"https:\/\/www.europesays.com\/fi\/wp-content\/uploads\/2025\/12\/1838134.webp\" width=\"576\" height=\"274\" title=\"Cheek lopetti uransa kahteen konserttiin Lahden m\u00e4kimontulla. Kuva viimeiselt\u00e4 keikalta elokuussa 2018.\" alt=\"Cheek pitelee mikrofonia k\u00e4dess\u00e4\u00e4n silm\u00e4t kiinni.\" loading=\"lazy\" \/>            <\/p>\n<p>\n            Cheek lopetti uransa kahteen konserttiin Lahden m\u00e4kimontulla. Kuva viimeiselt\u00e4 keikalta elokuussa 2018.<br \/>\n            WWW.PASIMURTO.COM\n        <\/p>\n<p class=\"article-content article-content-width !bg-background\">Joulukuussa Cheekin nimen alle ilmestyi musiikin suoratoistopalveluissa uusi albumi.<\/p>\n<p class=\"article-content article-content-width !bg-background\">Kyseess\u00e4 ei kuitenkaan ollut mestarir\u00e4pp\u00e4rin uusi tuleminen, vaan Cheek-tribuuttialbumi, jolla t\u00e4htiartistit versioivat r\u00e4pp\u00e4rin kappaleita.<\/p>\n<p class=\"article-content article-content-width !bg-background\">Albumi teki yhden p\u00e4iv\u00e4n striimausenn\u00e4tyksen, kun sen kappaleita kuunneltiin ilmestymisp\u00e4iv\u00e4n\u00e4 yli kaksi miljoonaa kertaa.<\/p>\n<p><script async src=\"\/\/www.instagram.com\/embed.js\"><\/script><\/p>\n","protected":false},"excerpt":{"rendered":"Ex-r\u00e4pp\u00e4ri Cheek, eli Jare Tiihonen t\u00e4ytt\u00e4\u00e4 maanantaina (22.12.) 44 vuotta, eik\u00e4 h\u00e4n ole ainoa p\u00e4iv\u00e4nsankari. Luonnollisesti my\u00f6s Jaren&hellip;\n","protected":false},"author":2,"featured_media":123162,"comment_status":"","ping_status":"","sticky":false,"template":"","format":"standard","meta":{"footnotes":""},"categories":[136],"tags":[407,1866,137,33,31,30,2711,8106,408,32,410,22066,109],"class_list":{"0":"post-123161","1":"post","2":"type-post","3":"status-publish","4":"format-standard","5":"has-post-thumbnail","7":"category-julkkikset","8":"tag-celebrities","9":"tag-cheek","10":"tag-entertainment","11":"tag-fi","12":"tag-finland","13":"tag-finnish","14":"tag-jare-tiihonen","15":"tag-jere-tiihonen","16":"tag-julkkikset","17":"tag-suomi","18":"tag-syntymapaiva","19":"tag-tribuuttialbumi","20":"tag-viihde"},"share_on_mastodon":{"url":"https:\/\/pubeurope.com\/@fi\/115763368819574418","error":""},"_links":{"self":[{"href":"https:\/\/www.europesays.com\/fi\/wp-json\/wp\/v2\/posts\/123161","targetHints":{"allow":["GET"]}}],"collection":[{"href":"https:\/\/www.europesays.com\/fi\/wp-json\/wp\/v2\/posts"}],"about":[{"href":"https:\/\/www.europesays.com\/fi\/wp-json\/wp\/v2\/types\/post"}],"author":[{"embeddable":true,"href":"https:\/\/www.europesays.com\/fi\/wp-json\/wp\/v2\/users\/2"}],"replies":[{"embeddable":true,"href":"https:\/\/www.europesays.com\/fi\/wp-json\/wp\/v2\/comments?post=123161"}],"version-history":[{"count":0,"href":"https:\/\/www.europesays.com\/fi\/wp-json\/wp\/v2\/posts\/123161\/revisions"}],"wp:featuredmedia":[{"embeddable":true,"href":"https:\/\/www.europesays.com\/fi\/wp-json\/wp\/v2\/media\/123162"}],"wp:attachment":[{"href":"https:\/\/www.europesays.com\/fi\/wp-json\/wp\/v2\/media?parent=123161"}],"wp:term":[{"taxonomy":"category","embeddable":true,"href":"https:\/\/www.europesays.com\/fi\/wp-json\/wp\/v2\/categories?post=123161"},{"taxonomy":"post_tag","embeddable":true,"href":"https:\/\/www.europesays.com\/fi\/wp-json\/wp\/v2\/tags?post=123161"}],"curies":[{"name":"wp","href":"https:\/\/api.w.org\/{rel}","templated":true}]}}