{"id":123167,"date":"2025-12-22T13:13:09","date_gmt":"2025-12-22T13:13:09","guid":{"rendered":"https:\/\/www.europesays.com\/fi\/123167\/"},"modified":"2025-12-22T13:13:09","modified_gmt":"2025-12-22T13:13:09","slug":"etela-karjalan-museolle-ilmestyi-suuri-japanin-lippu-syyna-maailmalla-kiertanyt-manganayttely-etela-karjala","status":"publish","type":"post","link":"https:\/\/www.europesays.com\/fi\/123167\/","title":{"rendered":"Etel\u00e4-Karjalan museolle ilmestyi suuri Japanin lippu \u2013 syyn\u00e4 maailmalla kiert\u00e4nyt mangan\u00e4yttely | Etel\u00e4-Karjala"},"content":{"rendered":"<p class=\"aw-1gybjub aw-5vja16 kEtdKx kmuxyA yle__article__paragraph\">Museossa vietet\u00e4\u00e4n Manga Hokusai Manga -nimisen n\u00e4yttelyn avajaisia. Maailmalla liki kymmenen vuotta kiert\u00e4nyt n\u00e4yttely on nyt ensimm\u00e4ist\u00e4 kertaa Suomessa. <\/p>\n<p><img decoding=\"async\" alt=\"Kuvassa Suomen ja Japanin liput liehuvat vierekk\u00e4in ulkona. Taustalla n\u00e4kyy mets\u00e4inen maisema.\" src=\"https:\/\/www.europesays.com\/fi\/wp-content\/uploads\/2025\/12\/39-157353869492e1a95439.jpeg\" class=\"aw-1l9m598 hKVVvP\"\/><\/p>\n<p>Avaa kuvien katselu<\/p>\n<p>Suomen ja Japanin liput liehuvat Etel\u00e4-Karjalan museolla n\u00e4yttelyn avajaisten kunniaksi. Kuva: Mikko Savolainen \/ Yle<\/p>\n<p class=\"aw-1gybjub aw-1p7kakr kEtdKx cEmitX yle__article__paragraph\">Lappeenrannassa Etel\u00e4-Karjalan museon edustalla olevaan lippusalkoon on ilmestynyt suuri Japanin lippu.<\/p>\n<p class=\"aw-1gybjub aw-1p7kakr kEtdKx cEmitX yle__article__paragraph\">Syyn\u00e4 on maailmaa vuodesta 2016 alkaen kiert\u00e4nyt, ja Suomessa ensimm\u00e4ist\u00e4 kertaa n\u00e4ht\u00e4v\u00e4 n\u00e4yttely Manga Hokusai Manga. N\u00e4yttelyn avajaisia vietet\u00e4\u00e4n Etel\u00e4-Karjalan museolla t\u00e4n\u00e4\u00e4n maanantaina.<\/p>\n<p class=\"aw-1gybjub aw-1p7kakr kEtdKx cEmitX yle__article__paragraph\">Etel\u00e4-Karjalan museon intendentti <strong class=\"aw-ak79eh KyCXm yle__article__strong\">Satu St\u00e5hlberg<\/strong> kertoo, ett\u00e4 lippu on salossa ainoastaan avajaisp\u00e4iv\u00e4n ajan.<\/p>\n<p class=\"aw-1gybjub aw-1p7kakr kEtdKx cEmitX yle__article__paragraph\">Museo lainasi Japanin lipun kaivos- ja teknologiateollisuuden alalla toimivalta Metsolta, sill\u00e4 museon tai kaupungin varastoista sit\u00e4 ei l\u00f6ytynyt.<\/p>\n<p><img decoding=\"async\" alt=\"Kuvassa on rakennus, jonka edustalla liehuu kaksi lippua: Suomen ja Japanin lippu.\" src=\"https:\/\/www.europesays.com\/fi\/wp-content\/uploads\/2025\/12\/39-157353969492e1aca9c0.jpeg\" loading=\"lazy\" class=\"aw-1l9m598 hKVVvP\"\/><\/p>\n<p>Avaa kuvien katselu<\/p>\n<p>Japanin lippu on salossa ainoastaan avajaisten ajan. Kuva: Mikko Savolainen \/ YleJopa nykyajan mangan alkul\u00e4hde<\/p>\n<p class=\"aw-1gybjub aw-1p7kakr kEtdKx cEmitX yle__article__paragraph\">Manga Hokusai Manga esittelee yht\u00e4l\u00e4isyyksi\u00e4 ja eroja japanilaisen puupiirrostaiteilijan <strong class=\"aw-ak79eh KyCXm yle__article__strong\">Katsushika Hokusain<\/strong> (1760\u20131849) piirustuskokoelman sek\u00e4 nykyaikaisen mangan v\u00e4lill\u00e4. Esill\u00e4 on j\u00e4ljenn\u00f6ksi\u00e4 Hokusain teoksista sek\u00e4 nykymangataitelijoiden t\u00f6it\u00e4.<\/p>\n<p class=\"aw-1gybjub aw-1p7kakr kEtdKx cEmitX yle__article__paragraph\">Museon tiedotteen mukaan fanit pit\u00e4v\u00e4t Hokusain kuvakokoelmaa jopa nykyajan mangan alkul\u00e4hteen\u00e4.<\/p>\n<p class=\"aw-1gybjub aw-1p7kakr kEtdKx cEmitX yle__article__paragraph\">Manga tarkoittaa Japanissa tehty\u00e4 sarjakuvaa. Se voi olla tyylillisesti hyvin erilaista.<\/p>\n<p class=\"aw-1gybjub aw-1p7kakr kEtdKx cEmitX yle__article__paragraph\">Hokusain tunnetuin teos on Suuri aalto Kanagawan edustalla, joka syntyi osana puupiirrosten sarjaa. Kuvan teoksesta voi katsoa esimerkiksi New Yorkissa sijaitsevan <a class=\"aw-iao6s4 iHOxEa yle__article__link\" href=\"https:\/\/www.metmuseum.org\/art\/collection\/search\/45434\" role=\"link\" rel=\"nofollow noopener\" target=\"_blank\">The Met -museon<\/a> sivuilta.<\/p>\n<p>Suurl\u00e4hetyst\u00f6 kysyi kiinnostusta<\/p>\n<p class=\"aw-1gybjub aw-1p7kakr kEtdKx cEmitX yle__article__paragraph\">Manga Hokusai Mangan on tuottanut kulttuurinvaihtoon erikoistunut s\u00e4\u00e4ti\u00f6 Japan foundation.<\/p>\n<p class=\"aw-1gybjub aw-1p7kakr kEtdKx cEmitX yle__article__paragraph\">Etel\u00e4-Karjalan museon intendentin Satu St\u00e5hlbergin mukaan Lappeenrantaan n\u00e4yttely p\u00e4\u00e4tyi Japanin Suomen-suurl\u00e4hetyst\u00f6n kautta tulleen yhteydenoton seurauksena.<\/p>\n<p class=\"aw-1gybjub aw-1p7kakr kEtdKx cEmitX yle__article__paragraph\">\u2013 Sielt\u00e4 kysyttiin kiinnostusta ja tulimme valituiksi, St\u00e5hlberg sanoo.<\/p>\n<p class=\"aw-1gybjub aw-1p7kakr kEtdKx cEmitX yle__article__paragraph\">Yleis\u00f6lle n\u00e4yttely avautuu lauantaina 27. joulukuuta. Viimeinen n\u00e4yttelyp\u00e4iv\u00e4 on 8. maaliskuuta 2026, jonka j\u00e4lkeen se matkaa Unkariin.<\/p>\n","protected":false},"excerpt":{"rendered":"Museossa vietet\u00e4\u00e4n Manga Hokusai Manga -nimisen n\u00e4yttelyn avajaisia. Maailmalla liki kymmenen vuotta kiert\u00e4nyt n\u00e4yttely on nyt ensimm\u00e4ist\u00e4 kertaa&hellip;\n","protected":false},"author":2,"featured_media":123168,"comment_status":"","ping_status":"","sticky":false,"template":"","format":"standard","meta":{"footnotes":""},"categories":[130],"tags":[137,1302,22067,33,31,30,1343,1446,966,32,109],"class_list":{"0":"post-123167","1":"post","2":"type-post","3":"status-publish","4":"format-standard","5":"has-post-thumbnail","7":"category-viihde","8":"tag-entertainment","9":"tag-etela-karjala","10":"tag-etela-karjalan-museo","11":"tag-fi","12":"tag-finland","13":"tag-finnish","14":"tag-japani","15":"tag-lappeenranta","16":"tag-museot","17":"tag-suomi","18":"tag-viihde"},"share_on_mastodon":{"url":"https:\/\/pubeurope.com\/@fi\/115763400450625711","error":""},"_links":{"self":[{"href":"https:\/\/www.europesays.com\/fi\/wp-json\/wp\/v2\/posts\/123167","targetHints":{"allow":["GET"]}}],"collection":[{"href":"https:\/\/www.europesays.com\/fi\/wp-json\/wp\/v2\/posts"}],"about":[{"href":"https:\/\/www.europesays.com\/fi\/wp-json\/wp\/v2\/types\/post"}],"author":[{"embeddable":true,"href":"https:\/\/www.europesays.com\/fi\/wp-json\/wp\/v2\/users\/2"}],"replies":[{"embeddable":true,"href":"https:\/\/www.europesays.com\/fi\/wp-json\/wp\/v2\/comments?post=123167"}],"version-history":[{"count":0,"href":"https:\/\/www.europesays.com\/fi\/wp-json\/wp\/v2\/posts\/123167\/revisions"}],"wp:featuredmedia":[{"embeddable":true,"href":"https:\/\/www.europesays.com\/fi\/wp-json\/wp\/v2\/media\/123168"}],"wp:attachment":[{"href":"https:\/\/www.europesays.com\/fi\/wp-json\/wp\/v2\/media?parent=123167"}],"wp:term":[{"taxonomy":"category","embeddable":true,"href":"https:\/\/www.europesays.com\/fi\/wp-json\/wp\/v2\/categories?post=123167"},{"taxonomy":"post_tag","embeddable":true,"href":"https:\/\/www.europesays.com\/fi\/wp-json\/wp\/v2\/tags?post=123167"}],"curies":[{"name":"wp","href":"https:\/\/api.w.org\/{rel}","templated":true}]}}