{"id":123169,"date":"2025-12-22T13:14:08","date_gmt":"2025-12-22T13:14:08","guid":{"rendered":"https:\/\/www.europesays.com\/fi\/123169\/"},"modified":"2025-12-22T13:14:08","modified_gmt":"2025-12-22T13:14:08","slug":"suden-metsastykselle-vihreaa-valoa-ilta-sanomat","status":"publish","type":"post","link":"https:\/\/www.europesays.com\/fi\/123169\/","title":{"rendered":"Suden mets\u00e4stykselle vihre\u00e4\u00e4 valoa &#8211; Ilta-Sanomat"},"content":{"rendered":"<p>Suden ymp\u00e4rivuotinen rauhoitus poistuu.<\/p>\n<p class=\"article-body mb-nof-24 px-nof-16\">Suden mets\u00e4stys nytk\u00e4hti askeleen eteenp\u00e4in, kertoo maa- ja mets\u00e4talousministeri\u00f6.<\/p>\n<p class=\"article-body mb-nof-24 px-nof-16\">Tasavallan presidentti <a class=\"article-personlink\" href=\"https:\/\/www.is.fi\/haku\/?query=Alexander%20Stubb\" rel=\"nofollow noopener\" target=\"_blank\">Alexander Stubb<\/a> vahvisti mets\u00e4styslain muutokset maanantaina. Laki tulee voimaan 1. tammikuuta 2026.<\/p>\n<p class=\"article-body mb-nof-24 px-nof-16\">Mets\u00e4styksen alkamisen tarkka ajankohta tiedotetaan ennen vuodenvaihdetta.<\/p>\n<p class=\"article-body mb-nof-24 px-nof-16\">Valtioneuvosto hyv\u00e4ksyy tarvittavat asetukset yleisistunnossa 30. joulukuuta. My\u00f6s maa- ja mets\u00e4talousministeri\u00f6n susiasetus on tarkoitus hyv\u00e4ksy\u00e4 ennen vuoden\u00advaihdetta.<\/p>\n<p class=\"article-body mb-nof-24 px-nof-16\">Lausuntokierroksella ollut asetusehdotus esitti, ett\u00e4 suden mets\u00e4stys j\u00e4rjestett\u00e4isiin 1. tammikuuta \u2013 10. helmikuuta 2026.<\/p>\n<p class=\"article-body mb-nof-24 px-nof-16\">Mets\u00e4stys toteutetaan alueellisiin kiinti\u00f6ihin perustuen. Asetuksilla s\u00e4\u00e4det\u00e4\u00e4n my\u00f6s k\u00e4yt\u00e4nn\u00f6n j\u00e4rjestelyist\u00e4 mets\u00e4styksen kest\u00e4vyyden turvaamiseksi.<\/p>\n<p class=\"article-body mb-nof-24 px-nof-16\">Suden ymp\u00e4rivuotinen rauhoitus poistuu. Jatkossa rauhoitusajasta ja mets\u00e4styksen ajankohdasta s\u00e4\u00e4det\u00e4\u00e4n valtioneuvoston asetuksella.<\/p>\n<p class=\"article-body mb-nof-24 px-nof-16\">Mets\u00e4stysalueista ja aluekohtaisista kiinti\u00f6ist\u00e4 s\u00e4\u00e4det\u00e4\u00e4n valmistelussa olevassa maa- ja mets\u00e4talousministeri\u00f6n susiasetuksessa.<\/p>\n","protected":false},"excerpt":{"rendered":"Suden ymp\u00e4rivuotinen rauhoitus poistuu. Suden mets\u00e4stys nytk\u00e4hti askeleen eteenp\u00e4in, kertoo maa- ja mets\u00e4talousministeri\u00f6. Tasavallan presidentti Alexander Stubb vahvisti&hellip;\n","protected":false},"author":2,"featured_media":123170,"comment_status":"","ping_status":"","sticky":false,"template":"","format":"standard","meta":{"footnotes":""},"categories":[112],"tags":[33,31,30,34,118,32,119],"class_list":{"0":"post-123169","1":"post","2":"type-post","3":"status-publish","4":"format-standard","5":"has-post-thumbnail","7":"category-tiede","8":"tag-fi","9":"tag-finland","10":"tag-finnish","11":"tag-ilta-sanomat","12":"tag-science","13":"tag-suomi","14":"tag-tiede"},"share_on_mastodon":{"url":"https:\/\/pubeurope.com\/@fi\/115763404054288319","error":""},"_links":{"self":[{"href":"https:\/\/www.europesays.com\/fi\/wp-json\/wp\/v2\/posts\/123169","targetHints":{"allow":["GET"]}}],"collection":[{"href":"https:\/\/www.europesays.com\/fi\/wp-json\/wp\/v2\/posts"}],"about":[{"href":"https:\/\/www.europesays.com\/fi\/wp-json\/wp\/v2\/types\/post"}],"author":[{"embeddable":true,"href":"https:\/\/www.europesays.com\/fi\/wp-json\/wp\/v2\/users\/2"}],"replies":[{"embeddable":true,"href":"https:\/\/www.europesays.com\/fi\/wp-json\/wp\/v2\/comments?post=123169"}],"version-history":[{"count":0,"href":"https:\/\/www.europesays.com\/fi\/wp-json\/wp\/v2\/posts\/123169\/revisions"}],"wp:featuredmedia":[{"embeddable":true,"href":"https:\/\/www.europesays.com\/fi\/wp-json\/wp\/v2\/media\/123170"}],"wp:attachment":[{"href":"https:\/\/www.europesays.com\/fi\/wp-json\/wp\/v2\/media?parent=123169"}],"wp:term":[{"taxonomy":"category","embeddable":true,"href":"https:\/\/www.europesays.com\/fi\/wp-json\/wp\/v2\/categories?post=123169"},{"taxonomy":"post_tag","embeddable":true,"href":"https:\/\/www.europesays.com\/fi\/wp-json\/wp\/v2\/tags?post=123169"}],"curies":[{"name":"wp","href":"https:\/\/api.w.org\/{rel}","templated":true}]}}