{"id":123173,"date":"2025-12-22T13:17:09","date_gmt":"2025-12-22T13:17:09","guid":{"rendered":"https:\/\/www.europesays.com\/fi\/123173\/"},"modified":"2025-12-22T13:17:09","modified_gmt":"2025-12-22T13:17:09","slug":"trumpin-omituinen-kaytos-lentokentalla-kiinnitti-huomiota","status":"publish","type":"post","link":"https:\/\/www.europesays.com\/fi\/123173\/","title":{"rendered":"Trumpin omituinen k\u00e4yt\u00f6s lentokent\u00e4ll\u00e4 kiinnitti huomiota"},"content":{"rendered":"<p>Donald Trumpin terveydentila on taas tapetilla.<\/p>\n<p class=\"article-body mb-nof-24 px-nof-16\">Maga-vaikuttaja <a class=\"article-personlink\" href=\"https:\/\/www.is.fi\/haku\/?query=Paul%20Villarreal\" rel=\"nofollow noopener\" target=\"_blank\">Paul Villarreal<\/a> julkaisi viestipalvelu X:ss\u00e4 videon, jossa n\u00e4kyy kuinka <a class=\"article-personlink\" href=\"https:\/\/www.is.fi\/haku\/?query=Donald%20Trump\" rel=\"nofollow noopener\" target=\"_blank\">Donald Trump<\/a>, 79, poistuu lentokoneesta Palm Beachin kansainv\u00e4lisell\u00e4 lentokent\u00e4ll\u00e4 viime lauantaina. Trump viett\u00e4\u00e4 tiett\u00e4v\u00e4sti joulun Floridan-kartanossaan.<\/p>\n<p class=\"article-body mb-nof-24 px-nof-16\">Trumpin olemus videolla on her\u00e4tt\u00e4nyt paljon keskustelua verkossa.<\/p>\n<p class=\"article-body mb-nof-24 px-nof-16\">Videolla n\u00e4kyy, kuinka Trump ilmestyy lentokoneen ovelle ja l\u00e4ps\u00e4ytt\u00e4\u00e4 oikeaa jalkaansa kolme kertaa ennen kuin astuu portaisiin.<\/p>\n<p class=\"article-body mb-nof-24 px-nof-16\">H\u00e4n laskeutuu portaita eritt\u00e4in varovasti pit\u00e4en tiukasti kiinni kaiteesta. Lyhyiden portaiden laskeutumiseen kuluu l\u00e4hes 20 sekuntia.<\/p>\n<p class=\"article-body mb-nof-24 px-nof-16\">Videon lopussa Trump \u201dlys\u00e4ht\u00e4\u00e4\u201d auton takapenkille, jossa h\u00e4nelle ojennetaan pullollinen juomaa, ilmeisesti sokeriton Coca Cola.<\/p>\n<p class=\"article-body mb-nof-24 px-nof-16\">Video on her\u00e4tt\u00e4nyt paljon keskustelua, <a class=\"underline underline-offset-[0.12em] [text-decoration-thickness:var(--generic-link-underline-thickness)] [text-decoration-color:var(--generic-link-underline-color)] [text-decoration-skip-ink:var(--generic-link-underline-skip-ink)] break-words\" href=\"https:\/\/www.thedailybeast.com\/trump-called-out-for-awkward-exit-on-air-force-ones-steps\/?utm_source=facebook_owned_tdb&amp;utm_campaign=owned_social&amp;via=FB_Page&amp;utm_medium=socialflow&amp;utm_social_handle_id=37763684202&amp;utm_social_post_id=630118758&amp;source=TDB&amp;fbclid=IwdGRjcAO1sytleHRuA2FlbQIxMQBzcnRjBmFwcF9pZAwzNTA2ODU1MzE3MjgAAR5LM6zjZNEu5EeDDnmK6E0yHmsA4aGdcBgHp5hG-_S9i-RitLsZk0P22sXPjw_aem_VJJ0jfFYc0w4UaEjh6pnFA\" rel=\"nofollow noopener\" target=\"_blank\">Daily Beast<\/a> kirjoittaa.<\/p>\n<p class=\"article-body mb-nof-24 px-nof-16\">Moni videon n\u00e4hnyt on huomauttanut presidentin ilmeisest\u00e4 hauraudesta ja omituisesta jalan l\u00e4psyttelyst\u00e4.<\/p>\n<p class=\"article-body mb-nof-24 px-nof-16\">\u2013 H\u00e4n taputtaa jalkaansa varmistaakseen, ett\u00e4 se toimii alas menness\u00e4, er\u00e4s kirjoittaa X:ss\u00e4.<\/p>\n<p class=\"article-body mb-nof-24 px-nof-16\">\u2013 Toivoisin, ett\u00e4 h\u00e4n keskittyisi talouteen yht\u00e4 paljon kuin h\u00e4n keskittyy noiden portaiden laskeutumiseen, toinen irvaili.<\/p>\n<p class=\"article-body mb-nof-24 px-nof-16\">\u2013 H\u00e4n ei kosketa jalkaansa, vaan yritt\u00e4\u00e4 saada eloa k\u00e4teens\u00e4, kolmas tuumaili.<\/p>\n<p class=\"article-body mb-nof-24 px-nof-16\">Trumpin kannattajat puolustivat presidentti\u00e4. Monet huomauttivat, ett\u00e4 h\u00e4n oli juuri p\u00e4\u00e4tt\u00e4nyt pitk\u00e4n p\u00e4iv\u00e4n, johon kuului kampanjatilaisuus Pohjois-Carolinassa.<\/p>\n<p class=\"article-body mb-nof-24 px-nof-16\">Trumpin terveydentila on ollut s\u00e4\u00e4nn\u00f6llinen puheenaihe h\u00e4nen toisella kaudellaan ja puheet vain kiihtyiv\u00e4t, kun h\u00e4n lipsautti k\u00e4yneens\u00e4 magneettikuvauksessa viime lokakuussa.<\/p>\n<p class=\"article-body mb-nof-24 px-nof-16\">Valkoinen talo antoi lopulta lausunnon, jonka mukaan kyseess\u00e4 oli ennaltaehk\u00e4isev\u00e4 tutkimus, eik\u00e4 kuvauksissa l\u00f6ydetty mit\u00e4\u00e4n erikoista.<\/p>\n<p class=\"article-body mb-nof-24 px-nof-16\">Monet l\u00e4\u00e4ketieteen asiantuntijat suhtautuivat Valkoisen talon lausuntoon skeptisesti korostaen, ett\u00e4 \u201dkuvauksessa ei ollut mit\u00e4\u00e4n tavanomaista\u201d.<\/p>\n","protected":false},"excerpt":{"rendered":"Donald Trumpin terveydentila on taas tapetilla. Maga-vaikuttaja Paul Villarreal julkaisi viestipalvelu X:ss\u00e4 videon, jossa n\u00e4kyy kuinka Donald Trump,&hellip;\n","protected":false},"author":2,"featured_media":123174,"comment_status":"","ping_status":"","sticky":false,"template":"","format":"standard","meta":{"footnotes":""},"categories":[14],"tags":[22,23,26,27,33,31,30,17,34,24,25,28,29,15,18,21,32,19,20,56,16,59,60,61],"class_list":{"0":"post-123173","1":"post","2":"type-post","3":"status-publish","4":"format-standard","5":"has-post-thumbnail","7":"category-ulkomaat","8":"tag-breaking-news","9":"tag-breakingnews","10":"tag-featured-news","11":"tag-featurednews","12":"tag-fi","13":"tag-finland","14":"tag-finnish","15":"tag-headlines","16":"tag-ilta-sanomat","17":"tag-latest-news","18":"tag-latestnews","19":"tag-main-news","20":"tag-mainnews","21":"tag-news","22":"tag-otsikot","23":"tag-paauutiset","24":"tag-suomi","25":"tag-top-stories","26":"tag-topstories","27":"tag-ulkomaat","28":"tag-uutiset","29":"tag-world","30":"tag-world-news","31":"tag-worldnews"},"share_on_mastodon":{"url":"https:\/\/pubeurope.com\/@fi\/115763415955006367","error":""},"_links":{"self":[{"href":"https:\/\/www.europesays.com\/fi\/wp-json\/wp\/v2\/posts\/123173","targetHints":{"allow":["GET"]}}],"collection":[{"href":"https:\/\/www.europesays.com\/fi\/wp-json\/wp\/v2\/posts"}],"about":[{"href":"https:\/\/www.europesays.com\/fi\/wp-json\/wp\/v2\/types\/post"}],"author":[{"embeddable":true,"href":"https:\/\/www.europesays.com\/fi\/wp-json\/wp\/v2\/users\/2"}],"replies":[{"embeddable":true,"href":"https:\/\/www.europesays.com\/fi\/wp-json\/wp\/v2\/comments?post=123173"}],"version-history":[{"count":0,"href":"https:\/\/www.europesays.com\/fi\/wp-json\/wp\/v2\/posts\/123173\/revisions"}],"wp:featuredmedia":[{"embeddable":true,"href":"https:\/\/www.europesays.com\/fi\/wp-json\/wp\/v2\/media\/123174"}],"wp:attachment":[{"href":"https:\/\/www.europesays.com\/fi\/wp-json\/wp\/v2\/media?parent=123173"}],"wp:term":[{"taxonomy":"category","embeddable":true,"href":"https:\/\/www.europesays.com\/fi\/wp-json\/wp\/v2\/categories?post=123173"},{"taxonomy":"post_tag","embeddable":true,"href":"https:\/\/www.europesays.com\/fi\/wp-json\/wp\/v2\/tags?post=123173"}],"curies":[{"name":"wp","href":"https:\/\/api.w.org\/{rel}","templated":true}]}}