{"id":123177,"date":"2025-12-22T13:19:19","date_gmt":"2025-12-22T13:19:19","guid":{"rendered":"https:\/\/www.europesays.com\/fi\/123177\/"},"modified":"2025-12-22T13:19:19","modified_gmt":"2025-12-22T13:19:19","slug":"tunnettu-palomies-kuoli-onnettomuudessa-kangasniemella","status":"publish","type":"post","link":"https:\/\/www.europesays.com\/fi\/123177\/","title":{"rendered":"Tunnettu palomies kuoli onnettomuudessa Kangasniemell\u00e4"},"content":{"rendered":"<p>P\u00e4ihtynyt autoilija menetti autonsa hallinnan ja t\u00f6rm\u00e4si kohtalokkain seurauksin polkupy\u00f6r\u00e4ll\u00e4 ajaneen palomiehen p\u00e4\u00e4lle. Turmakuski sai tuomionsa maanantaina.<\/p>\n<p class=\"article-body mb-nof-24 px-nof-16\">Oikeus tuomitsi tunnetun palomiehen kuoliaaksi ajaneen <a class=\"article-personlink\" href=\"https:\/\/www.is.fi\/haku\/?query=Tero%20Tapio%20V%C3%A4is%C3%A4sen\" rel=\"nofollow noopener\" target=\"_blank\">Tero Tapio V\u00e4is\u00e4sen<\/a>, 51, kahden vuoden ehdottomaan vankeusrangaistukseen.<\/p>\n<p class=\"article-body mb-nof-24 px-nof-16\">Mies syyllistyi t\u00f6rke\u00e4\u00e4n liikenne\u00adturvallisuuden vaarantamiseen, t\u00f6rke\u00e4\u00e4n kuolemantuottamukseen, t\u00f6rke\u00e4\u00e4n ratti\u00adjuopumukseen ja huumausaineen k\u00e4ytt\u00f6rikokseen.<\/p>\n<p class=\"article-body mb-nof-24 px-nof-16\">Oikeuden mukaan rikos oli erityisen vakava. Vankeustuomion lis\u00e4ksi mies joutuu maksamaan uhrin omaisille tuhansien eurojen k\u00e4rsimyskorvaukset.<\/p>\n<p><img decoding=\"async\" src=\"https:\/\/www.europesays.com\/fi\/wp-content\/uploads\/2025\/12\/1766409555_308_468.jpg\" alt=\"Yleiskuva turmapaikalta.\" class=\"_Img_1rerz_1\" style=\"aspect-ratio:1.5011727912431587\" loading=\"eager\"\/><\/p>\n<p class=\"article-picture-caption\">Yleiskuva turmapaikalta. Kuva:\u00a0Poliisi<\/p>\n<p><img decoding=\"async\" src=\"https:\/\/www.europesays.com\/fi\/wp-content\/uploads\/2025\/12\/1766409556_192_468.jpg\" alt=\"Palomiehen k\u00e4ytt\u00e4m\u00e4 py\u00f6r\u00e4 tuhoutui onnettomuudessa.\" class=\"_Img_1rerz_1\" style=\"aspect-ratio:1.5\" loading=\"eager\"\/><\/p>\n<p class=\"article-picture-caption\">Palomiehen k\u00e4ytt\u00e4m\u00e4 py\u00f6r\u00e4 tuhoutui onnettomuudessa. Kuva:\u00a0Poliisi<\/p>\n<p class=\"article-body mb-nof-24 px-nof-16\">Traaginen onnettomuus tapahtui Etel\u00e4-Savossa Kangasniemell\u00e4 1. lokakuuta 2024.<\/p>\n<p class=\"article-body mb-nof-24 px-nof-16\">Mies ajoi tuolloin henkil\u00f6autoa p\u00e4ihtyneen\u00e4 ja menetti autonsa hallinnan. Sen seurauksena h\u00e4n t\u00f6rm\u00e4si vastaan tulleeseen, tien reunassa polkeneeseen py\u00f6r\u00e4ilij\u00e4\u00e4n.<\/p>\n<p class=\"article-body mb-nof-24 px-nof-16\">Py\u00f6r\u00e4ilij\u00e4 kaatui ja liukui auton mukana kymmeni\u00e4 metrej\u00e4. Lopulta py\u00f6r\u00e4ilij\u00e4 lensi ojaan kalliolohkareiden p\u00e4\u00e4lle. Vaikka py\u00f6r\u00e4ilij\u00e4ll\u00e4 oli kyp\u00e4r\u00e4 p\u00e4\u00e4ss\u00e4\u00e4n, h\u00e4n kuoli vammoihinsa.<\/p>\n<p class=\"article-body mb-nof-24 px-nof-16\">Turmakuski puhalsi tapahtuneen j\u00e4lkeen 1,04 promillen lukemat, mink\u00e4 lis\u00e4ksi h\u00e4n oli ennen ajoa nauttinut kannabista.<\/p>\n<p><img decoding=\"async\" src=\"https:\/\/www.europesays.com\/fi\/wp-content\/uploads\/2025\/12\/1766409556_629_468.jpg\" alt=\"Auto meni lunastuskuntoon.\" class=\"_Img_1rerz_1\" style=\"aspect-ratio:0.7505208333333333\" loading=\"eager\"\/><\/p>\n<p class=\"article-picture-caption\">Auto meni lunastuskuntoon. Kuva:\u00a0Poliisi<\/p>\n<p><img decoding=\"async\" src=\"https:\/\/www.europesays.com\/fi\/wp-content\/uploads\/2025\/11\/1763051172_232_468.jpg\" alt=\"Kollegat muistelivat surmansa saanutta miest\u00e4.\" class=\"_Img_1rerz_1\" style=\"aspect-ratio:1.3333333333333333\" loading=\"eager\"\/><\/p>\n<p class=\"article-picture-caption\">Kollegat muistelivat surmansa saanutta miest\u00e4. Kuva:\u00a0Asema 23 Kangasniemi<\/p>\n<p class=\"article-body mb-nof-24 px-nof-16\">Surmansa saanut 45-vuotias py\u00f6r\u00e4ilij\u00e4 oli kansainv\u00e4lisesti tunnettu liikenne\u00adturvallisuuden ja tieliikennepelastamisen kehitt\u00e4j\u00e4, my\u00f6s takavuosina vuoden palomieheksi palkittu <a class=\"article-personlink\" href=\"https:\/\/www.is.fi\/haku\/?query=Mikko%20Saastamoinen\" rel=\"nofollow noopener\" target=\"_blank\">Mikko Saastamoinen<\/a>. H\u00e4nelt\u00e4 j\u00e4i kaksi lasta.<\/p>\n<p class=\"article-body mb-nof-24 px-nof-16\"><a class=\"underline underline-offset-[0.12em] [text-decoration-thickness:var(--generic-link-underline-thickness)] [text-decoration-color:var(--generic-link-underline-color)] [text-decoration-skip-ink:var(--generic-link-underline-skip-ink)] break-words\" href=\"https:\/\/www.facebook.com\/etelasavonpelastuslaitos\/posts\/-koimme-suuren-menetyksen-110-kun-arvostettu-kollegamme-mikko-saastamoinen-meneh\/925303792960932\/\" rel=\"nofollow noopener\" target=\"_blank\">Miehen kollegat<\/a> ymp\u00e4ri Suomen j\u00e4rjestiv\u00e4t onnettomuuden j\u00e4lkeen mielenilmauksen.<\/p>\n<p class=\"article-body mb-nof-24 px-nof-16\">Sen tavoitteena oli kiinnitt\u00e4\u00e4 yhteiskunnallista huomiota liikenneturvallisuuden parantamiseen ja etenkin p\u00e4ihtyneiden kuskien aiheuttamiin riskeihin.<\/p>\n<p class=\"article-body mb-nof-24 px-nof-16\">Etel\u00e4-Savon k\u00e4r\u00e4j\u00e4oikeuden maanantaina antama tuomio ei ole lainvoimainen. Tuomion saanut V\u00e4is\u00e4nen ei ollut jutun takia vangittuna, eik\u00e4 oikeus m\u00e4\u00e4r\u00e4nnyt h\u00e4nt\u00e4 tuomiolla heti vangittavaksi.<\/p>\n<p><img decoding=\"async\" src=\"https:\/\/www.europesays.com\/fi\/wp-content\/uploads\/2025\/12\/1766409557_922_468.jpg\" alt=\"Turma-auto kuvattuna takaap\u00e4in.\" class=\"_Img_1rerz_1\" style=\"aspect-ratio:0.7484375\" loading=\"eager\"\/><\/p>\n<p class=\"article-picture-caption\">Turma-auto kuvattuna takaap\u00e4in. Kuva:\u00a0Poliisi<\/p>\n<p><img decoding=\"async\" src=\"https:\/\/www.europesays.com\/fi\/wp-content\/uploads\/2025\/12\/1766409558_766_468.jpg\" alt=\"Turman j\u00e4lki\u00e4 onnettomuuspaikalta.\" class=\"_Img_1rerz_1\" style=\"aspect-ratio:1.4988290398126465\" loading=\"eager\"\/><\/p>\n<p class=\"article-picture-caption\">Turman j\u00e4lki\u00e4 onnettomuuspaikalta. Kuva:\u00a0Poliisi<\/p>\n<p><img decoding=\"async\" src=\"https:\/\/www.europesays.com\/fi\/wp-content\/uploads\/2025\/11\/1763051172_323_468.jpg\" alt=\"Kollegat toivat turmapaikalle muistokynttil\u00f6it\u00e4.\" class=\"_Img_1rerz_1\" style=\"aspect-ratio:2.1670428893905194\" loading=\"eager\"\/><\/p>\n<p class=\"article-picture-caption\">Kollegat toivat turmapaikalle muistokynttil\u00f6it\u00e4. Kuva:\u00a0Asema 23 Kangasniemi<\/p>\n","protected":false},"excerpt":{"rendered":"P\u00e4ihtynyt autoilija menetti autonsa hallinnan ja t\u00f6rm\u00e4si kohtalokkain seurauksin polkupy\u00f6r\u00e4ll\u00e4 ajaneen palomiehen p\u00e4\u00e4lle. Turmakuski sai tuomionsa maanantaina. Oikeus&hellip;\n","protected":false},"author":2,"featured_media":123178,"comment_status":"","ping_status":"","sticky":false,"template":"","format":"standard","meta":{"footnotes":""},"categories":[5],"tags":[22,23,26,27,33,31,30,17,34,24,25,28,29,15,18,21,32,19,20,16],"class_list":{"0":"post-123177","1":"post","2":"type-post","3":"status-publish","4":"format-standard","5":"has-post-thumbnail","7":"category-otsikot","8":"tag-breaking-news","9":"tag-breakingnews","10":"tag-featured-news","11":"tag-featurednews","12":"tag-fi","13":"tag-finland","14":"tag-finnish","15":"tag-headlines","16":"tag-ilta-sanomat","17":"tag-latest-news","18":"tag-latestnews","19":"tag-main-news","20":"tag-mainnews","21":"tag-news","22":"tag-otsikot","23":"tag-paauutiset","24":"tag-suomi","25":"tag-top-stories","26":"tag-topstories","27":"tag-uutiset"},"share_on_mastodon":{"url":"https:\/\/pubeurope.com\/@fi\/115763424217168837","error":""},"_links":{"self":[{"href":"https:\/\/www.europesays.com\/fi\/wp-json\/wp\/v2\/posts\/123177","targetHints":{"allow":["GET"]}}],"collection":[{"href":"https:\/\/www.europesays.com\/fi\/wp-json\/wp\/v2\/posts"}],"about":[{"href":"https:\/\/www.europesays.com\/fi\/wp-json\/wp\/v2\/types\/post"}],"author":[{"embeddable":true,"href":"https:\/\/www.europesays.com\/fi\/wp-json\/wp\/v2\/users\/2"}],"replies":[{"embeddable":true,"href":"https:\/\/www.europesays.com\/fi\/wp-json\/wp\/v2\/comments?post=123177"}],"version-history":[{"count":0,"href":"https:\/\/www.europesays.com\/fi\/wp-json\/wp\/v2\/posts\/123177\/revisions"}],"wp:featuredmedia":[{"embeddable":true,"href":"https:\/\/www.europesays.com\/fi\/wp-json\/wp\/v2\/media\/123178"}],"wp:attachment":[{"href":"https:\/\/www.europesays.com\/fi\/wp-json\/wp\/v2\/media?parent=123177"}],"wp:term":[{"taxonomy":"category","embeddable":true,"href":"https:\/\/www.europesays.com\/fi\/wp-json\/wp\/v2\/categories?post=123177"},{"taxonomy":"post_tag","embeddable":true,"href":"https:\/\/www.europesays.com\/fi\/wp-json\/wp\/v2\/tags?post=123177"}],"curies":[{"name":"wp","href":"https:\/\/api.w.org\/{rel}","templated":true}]}}