{"id":123187,"date":"2025-12-22T13:38:08","date_gmt":"2025-12-22T13:38:08","guid":{"rendered":"https:\/\/www.europesays.com\/fi\/123187\/"},"modified":"2025-12-22T13:38:08","modified_gmt":"2025-12-22T13:38:08","slug":"ykkospesiksen-pudotuspeleihin-merkittava-muutos-jyvaskylan-kiri-kohtaa-runkosarjassa-neljasti-juha-puhtimaen-puna-mustat-urheilu","status":"publish","type":"post","link":"https:\/\/www.europesays.com\/fi\/123187\/","title":{"rendered":"Ykk\u00f6spesiksen pudotuspeleihin merkitt\u00e4v\u00e4 muutos \u2013 Jyv\u00e4skyl\u00e4n Kiri kohtaa runkosarjassa nelj\u00e4sti Juha Puhtim\u00e4en Puna-Mustat | Urheilu"},"content":{"rendered":"<p>Pes\u00e4pallon miesten Ykk\u00f6spesiksen kauden 2026 otteluohjelma ja pelaamistapa julkaistiin maanantaina.<\/p>\n<p>Kouvolan Pallonly\u00f6jien kakkosjoukkueen luovuttua sarjapaikasta, pelaa Ykk\u00f6spesiksess\u00e4 tulevalla kaudella 11 joukkuetta. Joukkuem\u00e4\u00e4r\u00e4n v\u00e4heneminen on aiheuttanut muutoksia sarjaohjelmaan.<\/p>\n","protected":false},"excerpt":{"rendered":"Pes\u00e4pallon miesten Ykk\u00f6spesiksen kauden 2026 otteluohjelma ja pelaamistapa julkaistiin maanantaina. Kouvolan Pallonly\u00f6jien kakkosjoukkueen luovuttua sarjapaikasta, pelaa Ykk\u00f6spesiksess\u00e4 tulevalla&hellip;\n","protected":false},"author":2,"featured_media":123188,"comment_status":"","ping_status":"","sticky":false,"template":"","format":"standard","meta":{"footnotes":""},"categories":[158],"tags":[33,31,30,1301,104,425,41,2724,7621,159,32,160,161],"class_list":{"0":"post-123187","1":"post","2":"type-post","3":"status-publish","4":"format-standard","5":"has-post-thumbnail","7":"category-urheilu","8":"tag-fi","9":"tag-finland","10":"tag-finnish","11":"tag-hamina","12":"tag-helsinki","13":"tag-jyvaskyla","14":"tag-liikunta-ja-urheilu","15":"tag-pesapallo","16":"tag-pesapalloilu","17":"tag-sports","18":"tag-suomi","19":"tag-urheilu","20":"tag-urheilutapahtumat"},"share_on_mastodon":{"url":"https:\/\/pubeurope.com\/@fi\/115763498562028227","error":""},"_links":{"self":[{"href":"https:\/\/www.europesays.com\/fi\/wp-json\/wp\/v2\/posts\/123187","targetHints":{"allow":["GET"]}}],"collection":[{"href":"https:\/\/www.europesays.com\/fi\/wp-json\/wp\/v2\/posts"}],"about":[{"href":"https:\/\/www.europesays.com\/fi\/wp-json\/wp\/v2\/types\/post"}],"author":[{"embeddable":true,"href":"https:\/\/www.europesays.com\/fi\/wp-json\/wp\/v2\/users\/2"}],"replies":[{"embeddable":true,"href":"https:\/\/www.europesays.com\/fi\/wp-json\/wp\/v2\/comments?post=123187"}],"version-history":[{"count":0,"href":"https:\/\/www.europesays.com\/fi\/wp-json\/wp\/v2\/posts\/123187\/revisions"}],"wp:featuredmedia":[{"embeddable":true,"href":"https:\/\/www.europesays.com\/fi\/wp-json\/wp\/v2\/media\/123188"}],"wp:attachment":[{"href":"https:\/\/www.europesays.com\/fi\/wp-json\/wp\/v2\/media?parent=123187"}],"wp:term":[{"taxonomy":"category","embeddable":true,"href":"https:\/\/www.europesays.com\/fi\/wp-json\/wp\/v2\/categories?post=123187"},{"taxonomy":"post_tag","embeddable":true,"href":"https:\/\/www.europesays.com\/fi\/wp-json\/wp\/v2\/tags?post=123187"}],"curies":[{"name":"wp","href":"https:\/\/api.w.org\/{rel}","templated":true}]}}