{"id":123194,"date":"2025-12-22T13:43:08","date_gmt":"2025-12-22T13:43:08","guid":{"rendered":"https:\/\/www.europesays.com\/fi\/123194\/"},"modified":"2025-12-22T13:43:08","modified_gmt":"2025-12-22T13:43:08","slug":"trump-nimitti-erityislahettilaan-joka-kertoi-heti-aikomuksesta-liittaa-gronlanti-yhdysvaltoihin","status":"publish","type":"post","link":"https:\/\/www.europesays.com\/fi\/123194\/","title":{"rendered":"Trump nimitti erityisl\u00e4hettil\u00e4\u00e4n, joka kertoi heti aikomuksesta liitt\u00e4\u00e4 Gr\u00f6nlanti Yhdysvaltoihin"},"content":{"rendered":"<p>Gr\u00f6nlanti|Tanska ja Gr\u00f6nlanti vastustavat jyrk\u00e4sti lausuntoja, joissa viitataan j\u00e4lleen kerran Yhdysvaltain pyrkimykseen liitt\u00e4\u00e4 Gr\u00f6nlanti osaksi Yhdysvaltoja.<\/p>\n<p>Lue tiivistelm\u00e4<\/p>\n<p class=\"article-body mb-nof-24 px-nof-16 sndp-summary-bullet-point-font\">Yhdysvaltain presidentti Donald Trump nimitti Louisianan kuvern\u00f6\u00f6ri Jeff Landryn Gr\u00f6nlannin-erityisl\u00e4hettil\u00e4\u00e4ksi. Landry kirjoitti, ett\u00e4 nimityksen tavoitteena on liitt\u00e4\u00e4 Gr\u00f6nlanti osaksi Yhdysvaltoja.<\/p>\n<p class=\"article-body mb-nof-24 px-nof-16 sndp-summary-bullet-point-font\">Gr\u00f6nlannin p\u00e4\u00e4ministeri Jens-Frederik Nielsen, Tanskan ulkoministeri Lars L\u00f8kke Rasmussen sek\u00e4 EU vaativat maanantaina, ett\u00e4 Tanskan ja Gr\u00f6nlannin koskemattomuutta kunnioitetaan.<\/p>\n<p class=\"article-body mb-nof-24 px-nof-16 sndp-summary-bullet-point-font\">Gr\u00f6nlanti on Tanskalle kuuluva itsehallintoalue, jolla on strateginen sijainti ja huomattavat luonnonvarat.<\/p>\n<p class=\"article-body mb-nof-24 px-nof-16 sndp-summary-bullet-point-font\">Rasmussen kertoi aikovansa kutsua Yhdysvaltain suurl\u00e4hettil\u00e4\u00e4n puhutteluun l\u00e4hip\u00e4ivin\u00e4.<\/p>\n<p class=\"article-body mb-nof-24 px-nof-16\">Gr\u00f6nlanti ja Tanska kertoivat maanantaina vastustavansa Yhdysvaltojen tuoreimpia puheita liitt\u00e4\u00e4 Gr\u00f6nlanti osaksi Yhdysvaltoja.<\/p>\n<p class=\"article-body mb-nof-24 px-nof-16\">Sunnuntaina Yhdysvaltain presidentti <a class=\"article-personlink\" href=\"https:\/\/www.hs.fi\/haku\/?query=Donald%20Trump\" rel=\"nofollow noopener\" target=\"_blank\">Donald Trump<\/a> kertoi nimitt\u00e4neens\u00e4 maan Gr\u00f6nlannin-erityisl\u00e4hettil\u00e4\u00e4ksi Louisianan republikaanikuvern\u00f6\u00f6ri <a class=\"article-personlink\" href=\"https:\/\/www.hs.fi\/haku\/?query=Jeff%20Landryn\" rel=\"nofollow noopener\" target=\"_blank\">Jeff Landryn<\/a>, kertovat uutistoimistot Reuters ja AFP.<\/p>\n<p class=\"article-body mb-nof-24 px-nof-16\">\u201dJeff ymm\u00e4rt\u00e4\u00e4, kuinka t\u00e4rke\u00e4 Gr\u00f6nlanti on kansalliselle turvallisuudellemme, ja h\u00e4n tulee vahvasti edist\u00e4m\u00e4\u00e4n maamme etuja liittolaistemme ja koko maailman turvallisuuden ja selviytymisen osalta\u201d, Trump kirjoitti <a class=\"underline underline-offset-[0.12em] [text-decoration-thickness:var(--generic-link-underline-thickness)] [text-decoration-color:var(--generic-link-underline-color)] [text-decoration-skip-ink:var(--generic-link-underline-skip-ink)] break-words\" href=\"https:\/\/truthsocial.com\/@realDonaldTrump\/115760829286615399\" rel=\"nofollow noopener\" target=\"_blank\">julkaisussaan TruthSocialissa<\/a>.<\/p>\n<p class=\"article-body mb-nof-24 px-nof-16\">Landry puolestaan kommentoi nimityst\u00e4\u00e4n viestipalvelu X:ss\u00e4 sanoen, ett\u00e4 nimityksen tarkoitus on tehd\u00e4 Gr\u00f6nlannista osa Yhdysvaltoja.<\/p>\n<p class=\"article-body mb-nof-24 px-nof-16\">Gr\u00f6nlanti on Tanskalle kuuluva, arktisella alueella sijaitseva itsehallintoalue ja saari, jolla on huomattavat luonnonvarat. Sill\u00e4 on strateginen sijainti Pohjois-Amerikan ja Euroopan v\u00e4liss\u00e4, mink\u00e4 lis\u00e4ksi Yhdysvaltojen, Kiinan ja Ven\u00e4j\u00e4n kiinnostus arktista aluetta kohtaan on ollut kasvussa.<\/p>\n<p class=\"article-body mb-nof-24 px-nof-16\">Aloitettuaan toisen presidenttikautensa tammikuussa 2025 Trump on toistuvasti sanonut, ett\u00e4 Yhdysvaltojen on turvallisuussyist\u00e4 saatava resurssirikas Gr\u00f6nlanti itselleen.<\/p>\n<p class=\"article-body mb-nof-24 px-nof-16\">Tanska ilmoitti maanantaina kutsuvansa Yhdysvaltain suurl\u00e4hettil\u00e4\u00e4n puhutteluun l\u00e4hip\u00e4ivin\u00e4, kertoo AFP.<\/p>\n<p class=\"article-body mb-nof-24 px-nof-16\">\u201dOlen syv\u00e4sti vihainen nimityksest\u00e4 ja lausunnosta, joita pid\u00e4n t\u00e4ysin mahdottomana hyv\u00e4ksy\u00e4\u201d, sanoi Tanskan ulkoministeri <a class=\"article-personlink\" href=\"https:\/\/www.hs.fi\/haku\/?query=Lars%20L%C3%B8kke%20Rasmussen\" rel=\"nofollow noopener\" target=\"_blank\">Lars L\u00f8kke Rasmussen<\/a> Tanskan TV2-kanavan haastattelussa maanantaina.<\/p>\n<p class=\"article-body mb-nof-24 px-nof-16\">\u201dNiin kauan, kun meill\u00e4 on Tanskan kuningaskunta, joka koostuu Tanskasta, F\u00e4rsaarista ja Gr\u00f6nlannista, emme voi sallia, ett\u00e4 suvereniteettimme kyseenalaistetaan\u201d, h\u00e4n sanoi.<\/p>\n<p class=\"article-body mb-nof-24 px-nof-16\">My\u00f6s EU:n tiedottaja <a class=\"article-personlink\" href=\"https:\/\/www.hs.fi\/haku\/?query=Anouar%20El%20Anouni\" rel=\"nofollow noopener\" target=\"_blank\">Anouar El Anouni <\/a>sanoi maanantaina, ett\u00e4 Tanskan kuningaskunnan ja Gr\u00f6nlannin rajojen koskemattomuutta on kunnioitettava.<\/p>\n<p class=\"article-body mb-nof-24 px-nof-16\">Gr\u00f6nlannin p\u00e4\u00e4ministeri <a class=\"article-personlink\" href=\"https:\/\/www.hs.fi\/haku\/?query=Jens-Frederik%20Nielsen\" rel=\"nofollow noopener\" target=\"_blank\">Jens-Frederik Nielsen<\/a> kertoi maanantaina Facebook-julkaisussaan, ett\u00e4 Yhdysvaltain erityisl\u00e4hettil\u00e4snimitys ei muuta maan kannalta mit\u00e4\u00e4n.<\/p>\n<p class=\"article-body mb-nof-24 px-nof-16\">Nielsenin mukaan maa tekee mielell\u00e4\u00e4n yhteisty\u00f6t\u00e4 muiden maiden kanssa, kunhan se tehd\u00e4\u00e4n Gr\u00f6nlantia, sen arvoja ja toiveita kunnioittaen.<\/p>\n<p class=\"article-body mb-nof-24 px-nof-16\">\u201dGr\u00f6nlanti kuuluu gr\u00f6nlantilaisille, ja meid\u00e4n alueellista koskemattomuuttamme on kunnioitettava\u201d, Nielsen sanoi.<\/p>\n<p class=\"article-body mb-nof-24 px-nof-16\">Gr\u00f6nlantilainen Tanskan parlamentin j\u00e4sen <a class=\"article-personlink\" href=\"https:\/\/www.hs.fi\/haku\/?query=Aaja%20Chemnitz\" rel=\"nofollow noopener\" target=\"_blank\">Aaja Chemnitz<\/a> kommentoi Reutersille, ettei erityisl\u00e4hettil\u00e4\u00e4n nimitys sin\u00e4ns\u00e4 ole ongelma.<\/p>\n<p class=\"article-body mb-nof-24 px-nof-16\">\u201dOngelma on, ett\u00e4 h\u00e4nelle on annettu teht\u00e4v\u00e4ksi vallata Gr\u00f6nlanti tai liitt\u00e4\u00e4 se osaksi Yhdysvaltoja, eik\u00e4 Gr\u00f6nlannissa haluta t\u00e4t\u00e4\u201d, Chemnitz sanoi.<\/p>\n<p class=\"article-body mb-nof-24 px-nof-16\">Suurin osa 57\u202f000 gr\u00f6nlantilaisesta tahtoo tammikuussa tehdyn mielipidekyselyn mukaan itsen\u00e4isty\u00e4 Tanskasta, mutta ei tahdo liitty\u00e4 osaksi Yhdysvaltoja, kertoo AFP.<\/p>\n<p class=\"article-body mb-nof-24 px-nof-16\">Tanskan ja Gr\u00f6nlannin johtajat ovat toistuvasti sanoneet, ettei Gr\u00f6nlanti ole myyt\u00e4v\u00e4n\u00e4. Tanska kutsui Yhdysvaltain asiainhoitajan puhutteluun viimeksi elokuussa yrityksist\u00e4 puuttua Gr\u00f6nlannin sis\u00e4isiin asioihin.<\/p>\n<p class=\"article-body mb-nof-24 px-nof-16\">\u201dT\u00e4m\u00e4 nimitys vahvistaa, ett\u00e4 Yhdysvaltojen kiinnostus Gr\u00f6nlantia kohtaan jatkuu\u201d, Lars L\u00f8kke Rasmussen kertoi AFP:lle s\u00e4hk\u00f6postitse.<\/p>\n<p class=\"article-body mb-nof-24 px-nof-16\">\u201dVaadimme, ett\u00e4 kaikki \u2013 Yhdysvallat mukaan lukien \u2013 kunnioittavat Tanskan kuningaskunnan alueellista koskemattomuutta.\u201d<\/p>\n","protected":false},"excerpt":{"rendered":"Gr\u00f6nlanti|Tanska ja Gr\u00f6nlanti vastustavat jyrk\u00e4sti lausuntoja, joissa viitataan j\u00e4lleen kerran Yhdysvaltain pyrkimykseen liitt\u00e4\u00e4 Gr\u00f6nlanti osaksi Yhdysvaltoja. Lue tiivistelm\u00e4&hellip;\n","protected":false},"author":2,"featured_media":123195,"comment_status":"","ping_status":"","sticky":false,"template":"","format":"standard","meta":{"footnotes":""},"categories":[14],"tags":[22,23,26,27,33,31,30,17,46,24,25,28,29,15,18,21,32,19,20,56,16,59,60,61],"class_list":{"0":"post-123194","1":"post","2":"type-post","3":"status-publish","4":"format-standard","5":"has-post-thumbnail","7":"category-ulkomaat","8":"tag-breaking-news","9":"tag-breakingnews","10":"tag-featured-news","11":"tag-featurednews","12":"tag-fi","13":"tag-finland","14":"tag-finnish","15":"tag-headlines","16":"tag-helsingin-sanomat","17":"tag-latest-news","18":"tag-latestnews","19":"tag-main-news","20":"tag-mainnews","21":"tag-news","22":"tag-otsikot","23":"tag-paauutiset","24":"tag-suomi","25":"tag-top-stories","26":"tag-topstories","27":"tag-ulkomaat","28":"tag-uutiset","29":"tag-world","30":"tag-world-news","31":"tag-worldnews"},"share_on_mastodon":{"url":"https:\/\/pubeurope.com\/@fi\/115763518233274357","error":""},"_links":{"self":[{"href":"https:\/\/www.europesays.com\/fi\/wp-json\/wp\/v2\/posts\/123194","targetHints":{"allow":["GET"]}}],"collection":[{"href":"https:\/\/www.europesays.com\/fi\/wp-json\/wp\/v2\/posts"}],"about":[{"href":"https:\/\/www.europesays.com\/fi\/wp-json\/wp\/v2\/types\/post"}],"author":[{"embeddable":true,"href":"https:\/\/www.europesays.com\/fi\/wp-json\/wp\/v2\/users\/2"}],"replies":[{"embeddable":true,"href":"https:\/\/www.europesays.com\/fi\/wp-json\/wp\/v2\/comments?post=123194"}],"version-history":[{"count":0,"href":"https:\/\/www.europesays.com\/fi\/wp-json\/wp\/v2\/posts\/123194\/revisions"}],"wp:featuredmedia":[{"embeddable":true,"href":"https:\/\/www.europesays.com\/fi\/wp-json\/wp\/v2\/media\/123195"}],"wp:attachment":[{"href":"https:\/\/www.europesays.com\/fi\/wp-json\/wp\/v2\/media?parent=123194"}],"wp:term":[{"taxonomy":"category","embeddable":true,"href":"https:\/\/www.europesays.com\/fi\/wp-json\/wp\/v2\/categories?post=123194"},{"taxonomy":"post_tag","embeddable":true,"href":"https:\/\/www.europesays.com\/fi\/wp-json\/wp\/v2\/tags?post=123194"}],"curies":[{"name":"wp","href":"https:\/\/api.w.org\/{rel}","templated":true}]}}