{"id":123204,"date":"2025-12-22T14:06:08","date_gmt":"2025-12-22T14:06:08","guid":{"rendered":"https:\/\/www.europesays.com\/fi\/123204\/"},"modified":"2025-12-22T14:06:08","modified_gmt":"2025-12-22T14:06:08","slug":"supergirlin-koenaytokset-on-pidetty-tallaista-hahmoa-seth-rogen-esittaa","status":"publish","type":"post","link":"https:\/\/www.europesays.com\/fi\/123204\/","title":{"rendered":"Supergirlin koen\u00e4yt\u00f6kset on pidetty \u2013 t\u00e4llaista hahmoa Seth Rogen esitt\u00e4\u00e4"},"content":{"rendered":"<p>DC Studiosin Supergirl-elokuvan ensimm\u00e4iset koen\u00e4yt\u00f6kset pidettiin viime viikolla. Tietenkin niist\u00e4 on vuotanut my\u00f6s pieni\u00e4 murusia julkisuuteen.<\/p>\n<p>Fanit ovat olleet hieman pettyneit\u00e4 muutamaan paljastukseen, mutta sellaista el\u00e4m\u00e4 on.<\/p>\n<p>Lue my\u00f6s: <a href=\"https:\/\/www.episodi.fi\/uutiset\/alkoholisoitunut-supergirl-sai-trailerin-mukana-myos-jason-momoan-lobo\/\" title=\"Alkoholisoitunut Supergirl sai trailerin \u2013 mukana my\u00f6s Jason Momoan Lobo!\" class=\"underline-custom !font-montserrat !font-bold !underline-offset-4 !decoration-4 !decoration-episodi-blue !text-md\" rel=\"nofollow noopener\" target=\"_blank\">Alkoholisoitunut Supergirl sai trailerin \u2013 mukana my\u00f6s Jason Momoan Lobo!<\/a><\/p>\n<p>Lue my\u00f6s: <a href=\"https:\/\/www.episodi.fi\/uutiset\/totuus-oikeus-ihan-sama-supergirl-sai-hauskan-julisteen\/\" title=\"Totuus. Oikeus. Ihan sama. \u2013 Supergirl sai hauskan julisteen\" class=\"underline-custom !font-montserrat !font-bold !underline-offset-4 !decoration-4 !decoration-episodi-blue !text-md\" rel=\"nofollow noopener\" target=\"_blank\">Totuus. Oikeus. Ihan sama. \u2013 Supergirl sai hauskan julisteen<\/a><\/p>\n<p><strong>Jason Momoan<\/strong> Lobo tekee huhujen mukaan l\u00e4hinn\u00e4 cameo-tyylisen esiintymisen elokuvassa. Lobosta sanottiin my\u00f6s, ett\u00e4 hahmo oli \u201dpettymys\u201d.<\/p>\n<p>T\u00e4m\u00e4 on sik\u00e4li ymm\u00e4rrett\u00e4v\u00e4\u00e4, koska t\u00e4m\u00e4n kaliiberin hahmolle halutaan aivan varmasti rakentaa aivan oma tarinansa.<\/p>\n<p>Toisaalta Ter\u00e4stytt\u00f6\u00e4 esitt\u00e4v\u00e4\u00e4<strong> Milly Alcockia<\/strong> kehuttiin maasta taivaisiin.<\/p>\n<p><strong>Seth Rogenia<\/strong> kuultiin elokuvan teaserilla muutama viikko sitten, mutta h\u00e4nen hahmonsa on ollut suuri mysteeri. Nyt Hollywoodin sis\u00e4piirimies<strong> Daniel Richtman <\/strong>kertoo hahmosta tarkemmin.<\/p>\n<p>Rogen esitt\u00e4\u00e4 teaserill\u00e4kin n\u00e4ht\u00e4v\u00e4n avaruusbussin pienikokoista alien-kuskia. Richtman kertoo, ett\u00e4 \u201dhahmo on melko hauska\u201d.<\/p>\n<p>Muissa rooleissa ovat <strong>Matthias Schoenaerts, Eve Ridley, David Krumholtz<\/strong> ja <strong>Emily Beecham.<\/strong><\/p>\n<p><strong>Craig Gillespie <\/strong>on ohjannut elokuvan <strong>Ana Nogueiran<\/strong> k\u00e4ss\u00e4rin pohjalta.<\/p>\n<p>Supergirlin ensi-ilta on kes\u00e4kuussa 2026.<\/p>\n<p>L\u00e4hde: <a href=\"https:\/\/geektyrant.com\/news\/new-rumor-claims-to-reveal-seth-rogens-mystery-character-in-dcs-supergirl\" target=\"_blank\" rel=\"noreferrer noopener nofollow\">Geektyrant<\/a><\/p>\n<p>Lue my\u00f6s: <a href=\"https:\/\/www.episodi.fi\/uutiskirje\/?uutiskirjemainos=tekstilinkkimainos\" title=\"Tilaa Episodin uutiskirje ja voit voittaa leffalippuja! Nappaa tv-vinkit suoraan s\u00e4hk\u00f6postiin t\u00e4st\u00e4.\" class=\"underline-custom !font-montserrat !font-bold !underline-offset-4 !decoration-4 !decoration-episodi-blue !text-md\" rel=\"nofollow noopener\" target=\"_blank\">Tilaa Episodin uutiskirje ja voit voittaa leffalippuja! Nappaa katseluvinkit suoraan s\u00e4hk\u00f6postiin t\u00e4st\u00e4.<\/a><\/p>\n","protected":false},"excerpt":{"rendered":"DC Studiosin Supergirl-elokuvan ensimm\u00e4iset koen\u00e4yt\u00f6kset pidettiin viime viikolla. Tietenkin niist\u00e4 on vuotanut my\u00f6s pieni\u00e4 murusia julkisuuteen. Fanit ovat&hellip;\n","protected":false},"author":2,"featured_media":111132,"comment_status":"","ping_status":"","sticky":false,"template":"","format":"standard","meta":{"footnotes":""},"categories":[130],"tags":[179,137,33,31,30,181,6165,32,182,5403,109],"class_list":{"0":"post-123204","1":"post","2":"type-post","3":"status-publish","4":"format-standard","5":"has-post-thumbnail","7":"category-viihde","8":"tag-dc","9":"tag-entertainment","10":"tag-fi","11":"tag-finland","12":"tag-finnish","13":"tag-milly-alcock","14":"tag-seth-rogen","15":"tag-suomi","16":"tag-supergirl","17":"tag-supersankarit","18":"tag-viihde"},"share_on_mastodon":{"url":"https:\/\/pubeurope.com\/@fi\/115763608531944868","error":""},"_links":{"self":[{"href":"https:\/\/www.europesays.com\/fi\/wp-json\/wp\/v2\/posts\/123204","targetHints":{"allow":["GET"]}}],"collection":[{"href":"https:\/\/www.europesays.com\/fi\/wp-json\/wp\/v2\/posts"}],"about":[{"href":"https:\/\/www.europesays.com\/fi\/wp-json\/wp\/v2\/types\/post"}],"author":[{"embeddable":true,"href":"https:\/\/www.europesays.com\/fi\/wp-json\/wp\/v2\/users\/2"}],"replies":[{"embeddable":true,"href":"https:\/\/www.europesays.com\/fi\/wp-json\/wp\/v2\/comments?post=123204"}],"version-history":[{"count":0,"href":"https:\/\/www.europesays.com\/fi\/wp-json\/wp\/v2\/posts\/123204\/revisions"}],"wp:featuredmedia":[{"embeddable":true,"href":"https:\/\/www.europesays.com\/fi\/wp-json\/wp\/v2\/media\/111132"}],"wp:attachment":[{"href":"https:\/\/www.europesays.com\/fi\/wp-json\/wp\/v2\/media?parent=123204"}],"wp:term":[{"taxonomy":"category","embeddable":true,"href":"https:\/\/www.europesays.com\/fi\/wp-json\/wp\/v2\/categories?post=123204"},{"taxonomy":"post_tag","embeddable":true,"href":"https:\/\/www.europesays.com\/fi\/wp-json\/wp\/v2\/tags?post=123204"}],"curies":[{"name":"wp","href":"https:\/\/api.w.org\/{rel}","templated":true}]}}