{"id":123207,"date":"2025-12-22T14:10:09","date_gmt":"2025-12-22T14:10:09","guid":{"rendered":"https:\/\/www.europesays.com\/fi\/123207\/"},"modified":"2025-12-22T14:10:09","modified_gmt":"2025-12-22T14:10:09","slug":"venalaiset-hyokkasivat-aaseilla-huonosti-kavi","status":"publish","type":"post","link":"https:\/\/www.europesays.com\/fi\/123207\/","title":{"rendered":"Ven\u00e4l\u00e4iset hy\u00f6kk\u00e4siv\u00e4t aaseilla &#8211; huonosti k\u00e4vi"},"content":{"rendered":"<p class=\"ai-optimize-6 ai-optimize-introduction\">Ven\u00e4j\u00e4 k\u00e4ytt\u00e4\u00e4 kalustopulansa takia rintamalla aaseja, muuleja, hevosia ja jopa kameleita, kuten Verkkouutiset on kertonut <a href=\"https:\/\/www.verkkouutiset.fi\/a\/venajan-kenraali-selittaa-aasien-kayttoa-rintamalla-tama-on-ihan-normaalia\/#ac5093b4\" rel=\"nofollow noopener\" target=\"_blank\">t\u00e4ss\u00e4<\/a>.<\/p>\n<p class=\"ai-optimize-7\">Nyt ven\u00e4l\u00e4iset n\u00e4ytt\u00e4v\u00e4t k\u00e4ytt\u00e4v\u00e4n aaseja my\u00f6s hy\u00f6kk\u00e4ykseen. Hy\u00f6kk\u00e4ykset moottoripy\u00f6r\u00e4ll\u00e4 ovat varsin yleinen n\u00e4ky rintamalla, mutta Ukrainan 92. rynn\u00e4kk\u00f6prikaati \u201dIvan Sirko\u201d on julkaissut videon kahdesta ven\u00e4l\u00e4issotilaasta, jotka ratsastavat aasilla hy\u00f6kk\u00e4ykseen.<\/p>\n<p class=\"ai-optimize-9\">\u2013 Ven\u00e4l\u00e4ismiehitt\u00e4j\u00e4t menev\u00e4t niin nopeaan tahtiin kalustoaan \u201dlihamyllyhy\u00f6kk\u00e4yksiss\u00e4\u00e4n\u201d, ett\u00e4 he joutuvat siirtym\u00e4\u00e4n hevosiin. Mutta edes ne eiv\u00e4t riit\u00e4 heille\u00a0 \u2013\u00a0 92. prikaatin 5. rynn\u00e4kk\u00f6pataljoonan droonipilotit \u201dmiinustivat\u201d vihollisen sen heti n\u00e4hty\u00e4\u00e4n, kirjoittaa prikaati saatesanoissaan.<\/p>\n<p class=\"ai-optimize-10\">Videolla n\u00e4kyy kahden ven\u00e4l\u00e4issotilaan hy\u00f6kk\u00e4\u00e4v\u00e4n aasilla ratsastaen. Puolustajien FPV-drooni osuus toiseen ratsastajaan, mink\u00e4 j\u00e4lkeen toinen aasi heitt\u00e4\u00e4 miehitt\u00e4j\u00e4n pois sel\u00e4st\u00e4\u00e4n n\u00e4hty\u00e4\u00e4n lajitoverinsa valitettavan kohtalon.<\/p>\n<p class=\"ai-optimize-11\">\n","protected":false},"excerpt":{"rendered":"Ven\u00e4j\u00e4 k\u00e4ytt\u00e4\u00e4 kalustopulansa takia rintamalla aaseja, muuleja, hevosia ja jopa kameleita, kuten Verkkouutiset on kertonut t\u00e4ss\u00e4. Nyt ven\u00e4l\u00e4iset&hellip;\n","protected":false},"author":2,"featured_media":123208,"comment_status":"","ping_status":"","sticky":false,"template":"","format":"standard","meta":{"footnotes":""},"categories":[14],"tags":[22,23,26,27,33,31,30,17,24,25,28,29,15,18,21,32,19,20,56,16,987,59,60,61],"class_list":{"0":"post-123207","1":"post","2":"type-post","3":"status-publish","4":"format-standard","5":"has-post-thumbnail","7":"category-ulkomaat","8":"tag-breaking-news","9":"tag-breakingnews","10":"tag-featured-news","11":"tag-featurednews","12":"tag-fi","13":"tag-finland","14":"tag-finnish","15":"tag-headlines","16":"tag-latest-news","17":"tag-latestnews","18":"tag-main-news","19":"tag-mainnews","20":"tag-news","21":"tag-otsikot","22":"tag-paauutiset","23":"tag-suomi","24":"tag-top-stories","25":"tag-topstories","26":"tag-ulkomaat","27":"tag-uutiset","28":"tag-venajan-hyokkays","29":"tag-world","30":"tag-world-news","31":"tag-worldnews"},"share_on_mastodon":{"url":"https:\/\/pubeurope.com\/@fi\/115763624295673280","error":""},"_links":{"self":[{"href":"https:\/\/www.europesays.com\/fi\/wp-json\/wp\/v2\/posts\/123207","targetHints":{"allow":["GET"]}}],"collection":[{"href":"https:\/\/www.europesays.com\/fi\/wp-json\/wp\/v2\/posts"}],"about":[{"href":"https:\/\/www.europesays.com\/fi\/wp-json\/wp\/v2\/types\/post"}],"author":[{"embeddable":true,"href":"https:\/\/www.europesays.com\/fi\/wp-json\/wp\/v2\/users\/2"}],"replies":[{"embeddable":true,"href":"https:\/\/www.europesays.com\/fi\/wp-json\/wp\/v2\/comments?post=123207"}],"version-history":[{"count":0,"href":"https:\/\/www.europesays.com\/fi\/wp-json\/wp\/v2\/posts\/123207\/revisions"}],"wp:featuredmedia":[{"embeddable":true,"href":"https:\/\/www.europesays.com\/fi\/wp-json\/wp\/v2\/media\/123208"}],"wp:attachment":[{"href":"https:\/\/www.europesays.com\/fi\/wp-json\/wp\/v2\/media?parent=123207"}],"wp:term":[{"taxonomy":"category","embeddable":true,"href":"https:\/\/www.europesays.com\/fi\/wp-json\/wp\/v2\/categories?post=123207"},{"taxonomy":"post_tag","embeddable":true,"href":"https:\/\/www.europesays.com\/fi\/wp-json\/wp\/v2\/tags?post=123207"}],"curies":[{"name":"wp","href":"https:\/\/api.w.org\/{rel}","templated":true}]}}