{"id":12321,"date":"2025-08-21T17:07:07","date_gmt":"2025-08-21T17:07:07","guid":{"rendered":"https:\/\/www.europesays.com\/fi\/12321\/"},"modified":"2025-08-21T17:07:07","modified_gmt":"2025-08-21T17:07:07","slug":"halla-ahon-mielesta-sotilaita-ei-valttamatta-kannata-siirtaa-toisesta-nato-maasta-toiseen-uutissuomalainen","status":"publish","type":"post","link":"https:\/\/www.europesays.com\/fi\/12321\/","title":{"rendered":"Halla-ahon mielest\u00e4 sotilaita ei v\u00e4ltt\u00e4m\u00e4tt\u00e4 kannata siirt\u00e4\u00e4 toisesta Nato-maasta toiseen | Uutissuomalainen"},"content":{"rendered":"<p>Eduskunnan puhemies Jussi Halla-aho (ps.) pit\u00e4\u00e4 ep\u00e4olennaisena kysymyst\u00e4 siit\u00e4, pit\u00e4isik\u00f6 Suomen varautua mahdollisesti l\u00e4hett\u00e4m\u00e4\u00e4n sotilaita Ukrainaan rauhan tai aselevon tultua. H\u00e4n pohtisi sen sijaan, mik\u00e4 olisi j\u00e4rkevin panos, jonka Suomi voi antaa.<\/p>\n<p>\u2013\u2009Ei v\u00e4ltt\u00e4m\u00e4tt\u00e4 ole kokonaisuuden ja Naton kollektiivisen puolustuksen kannalta kaikkein j\u00e4rkevin ratkaisu, ett\u00e4 yhdest\u00e4 Ven\u00e4j\u00e4n rajamaasta siirret\u00e4\u00e4n toiseen Ven\u00e4j\u00e4n rajamaahan, h\u00e4n sanoi toimittajille.<\/p>\n<p>H\u00e4n my\u00f6s sanoi, ettei Ukrainan tukemisen pit\u00e4isi olla identiteettipolitiikkaa.<\/p>\n<p>\u2013\u2009Ei ole oleellista, milt\u00e4 me n\u00e4yt\u00e4mme t\u00e4ss\u00e4.<\/p>\n<p>H\u00e4n sanoo viestineens\u00e4 puhemiehen\u00e4 samanmielisille kumppaneille L\u00e4nsi- ja Etel\u00e4-Euroopassa, ett\u00e4 my\u00f6s maiden, jotka ovat kauempana Ven\u00e4j\u00e4n rajasta, pit\u00e4\u00e4 ottaa suurempaa roolia Ukrainan tukemisessa. H\u00e4n viittaa sek\u00e4 rahalliseen tukeen ett\u00e4 mahdollisesti Ukrainaan sijoitettaviin joukkoihin.<\/p>\n<p>Halla-aho kommentoi asiaa h\u00e4nest\u00e4 kertovan el\u00e4m\u00e4kertateoksen julkistustilaisuudessa torstaina.<\/p>\n","protected":false},"excerpt":{"rendered":"Eduskunnan puhemies Jussi Halla-aho (ps.) pit\u00e4\u00e4 ep\u00e4olennaisena kysymyst\u00e4 siit\u00e4, pit\u00e4isik\u00f6 Suomen varautua mahdollisesti l\u00e4hett\u00e4m\u00e4\u00e4n sotilaita Ukrainaan rauhan tai&hellip;\n","protected":false},"author":2,"featured_media":12322,"comment_status":"","ping_status":"","sticky":false,"template":"","format":"standard","meta":{"footnotes":""},"categories":[14],"tags":[22,23,26,27,33,31,30,17,24,25,28,29,2579,15,18,21,637,886,888,885,887,32,19,20,549,56,16,59,60,61],"class_list":{"0":"post-12321","1":"post","2":"type-post","3":"status-publish","4":"format-standard","5":"has-post-thumbnail","7":"category-ulkomaat","8":"tag-breaking-news","9":"tag-breakingnews","10":"tag-featured-news","11":"tag-featurednews","12":"tag-fi","13":"tag-finland","14":"tag-finnish","15":"tag-headlines","16":"tag-latest-news","17":"tag-latestnews","18":"tag-main-news","19":"tag-mainnews","20":"tag-nato","21":"tag-news","22":"tag-otsikot","23":"tag-paauutiset","24":"tag-politiikka","25":"tag-puolueet","26":"tag-suomalaiset-poliitikot","27":"tag-suomen-poliittiset-puolueet","28":"tag-suomen-politiikka","29":"tag-suomi","30":"tag-top-stories","31":"tag-topstories","32":"tag-ukrainan-sota","33":"tag-ulkomaat","34":"tag-uutiset","35":"tag-world","36":"tag-world-news","37":"tag-worldnews"},"share_on_mastodon":{"url":"","error":""},"_links":{"self":[{"href":"https:\/\/www.europesays.com\/fi\/wp-json\/wp\/v2\/posts\/12321","targetHints":{"allow":["GET"]}}],"collection":[{"href":"https:\/\/www.europesays.com\/fi\/wp-json\/wp\/v2\/posts"}],"about":[{"href":"https:\/\/www.europesays.com\/fi\/wp-json\/wp\/v2\/types\/post"}],"author":[{"embeddable":true,"href":"https:\/\/www.europesays.com\/fi\/wp-json\/wp\/v2\/users\/2"}],"replies":[{"embeddable":true,"href":"https:\/\/www.europesays.com\/fi\/wp-json\/wp\/v2\/comments?post=12321"}],"version-history":[{"count":0,"href":"https:\/\/www.europesays.com\/fi\/wp-json\/wp\/v2\/posts\/12321\/revisions"}],"wp:featuredmedia":[{"embeddable":true,"href":"https:\/\/www.europesays.com\/fi\/wp-json\/wp\/v2\/media\/12322"}],"wp:attachment":[{"href":"https:\/\/www.europesays.com\/fi\/wp-json\/wp\/v2\/media?parent=12321"}],"wp:term":[{"taxonomy":"category","embeddable":true,"href":"https:\/\/www.europesays.com\/fi\/wp-json\/wp\/v2\/categories?post=12321"},{"taxonomy":"post_tag","embeddable":true,"href":"https:\/\/www.europesays.com\/fi\/wp-json\/wp\/v2\/tags?post=12321"}],"curies":[{"name":"wp","href":"https:\/\/api.w.org\/{rel}","templated":true}]}}