{"id":123213,"date":"2025-12-22T14:24:15","date_gmt":"2025-12-22T14:24:15","guid":{"rendered":"https:\/\/www.europesays.com\/fi\/123213\/"},"modified":"2025-12-22T14:24:15","modified_gmt":"2025-12-22T14:24:15","slug":"miss-suomi-2024-perintoprinsessa-tiia-aalto-ja-medya-elek-shokkiero","status":"publish","type":"post","link":"https:\/\/www.europesays.com\/fi\/123213\/","title":{"rendered":"Miss Suomi 2024 -perint\u00f6prinsessa Tiia Aalto ja Medya Elek: Shokkiero"},"content":{"rendered":"<p>            <img decoding=\"async\" src=\"https:\/\/www.europesays.com\/fi\/wp-content\/uploads\/2025\/12\/1906508.webp\" width=\"620\" height=\"348\" alt=\"Miss Suomen perint\u00f6prinsessa Tiia Aalto: Shokkiero kihlatusta\"  fetchpriority=\"high\"\/>        <\/p>\n<p>\n            20250305, Helsinki. Tiia Aalto ja puoliso.<br \/>\n            Timo Korhonen\n        <\/p>\n<p class=\"subtitle \">Tiia on eronnut kumppanistaan Medyasta, jonka kanssa kihlautui kes\u00e4kuussa.<\/p>\n<p class=\"article-content article-content-width !bg-background\">Miss Suomi 2024 -kilpailun 1. perint\u00f6prinsessa <a alt=\"Haku\" class=\"text-primary-red font-extrabold\" href=\"https:\/\/www.seiska.fi\/haku?q=Tiia Aalto\" rel=\"nofollow noopener\" target=\"_blank\">Tiia Aalto<\/a> ja h\u00e4nen kumppaninsa <a alt=\"Haku\" class=\"text-primary-red font-extrabold\" href=\"https:\/\/www.seiska.fi\/haku?q=Medya Elek\" rel=\"nofollow noopener\" target=\"_blank\">Medya Elek<\/a> ovat eronneet.<\/p>\n<p class=\"font-weight-bold m-font-weight-bold article-content article-content-width !bg-background\">Video: Tiia ja Medya kertovat suhteestaan Seiskan haastattelussa maaliskuussa.<\/p>\n<p class=\"article-content article-content-width !bg-background\">He kertovat asiasta yhteisess\u00e4 <a href=\"https:\/\/www.instagram.com\/p\/DSj6luljLu2\/?hl=fi\" target=\"_blank\" rel=\"nofollow noopener\">Instagram-julkaisussaan<\/a>.<\/p>\n<p class=\"article-content article-content-width !bg-background\">\u2013\u00a0Parisuhteemme on tullut p\u00e4\u00e4t\u00f6kseen. Yhteinen matkamme oli meille molemmille merkityksellinen ja t\u00e4ynn\u00e4 kauniita muistoja, joita kannamme mukanamme l\u00e4mm\u00f6ll\u00e4. Pyyd\u00e4mme rauhaa ja tilaa t\u00e4m\u00e4n muutoksen keskell\u00e4, he kirjoittavat.<\/p>\n<p>N\u00e4in suhde alkoi<\/p>\n<p class=\"article-content article-content-width !bg-background\">Tiiasta tuli Miss Suomi -kilpailun ensimm\u00e4inen perint\u00f6prinsessa syksyll\u00e4 2024.<\/p>\n<p class=\"article-content article-content-width !bg-background\">H\u00e4nen ja Medyan tiet kohtasivat jo viime vuoden kev\u00e4\u00e4ll\u00e4 yhteisen kaverinsa syntym\u00e4p\u00e4ivill\u00e4.<\/p>\n<p class=\"article-content article-content-width !bg-background\">Sen j\u00e4lkeen he alkoivat tykk\u00e4ill\u00e4 toistensa somejulkaisuista ja sopivat tapaamisen.<\/p>\n<p class=\"article-content article-content-width !bg-background\">\u2013 Medya oli hirve\u00e4n ujo aluksi. Hyv\u00e4 jos uskalsit puhua minulle, Tiia kertoi<a href=\"https:\/\/www.seiska.fi\/kotimaa\/perintoprinsessa-tiia-aalto-esittelee-tyttoystavansa-upeat-rakkauskuvat\/1634526\" target=\"_blank\" rel=\"nofollow noopener\"> Seiskalle suhteen alusta viime maaliskuussa<\/a>.<\/p>\n<p class=\"article-content article-content-width !bg-background\">\u2013 Sanoin Tiialle, etten halua tapaille ket\u00e4\u00e4n muuta, Medya puolestaan muisteli.<\/p>\n<p>Kihlat Italiassa<\/p>\n<p class=\"article-content article-content-width !bg-background\">Pariskunnalla oli takanaan rakkauden kes\u00e4 2025, <a href=\"https:\/\/www.seiska.fi\/kotimaa\/oho-perintoprinsessa-tiia-aalto-kertoo-haasuunnitelmistaan\/1906498\" target=\"_blank\" rel=\"nofollow noopener\">he luonnehtivat Seiskalle elokuun lopussa<\/a>.\u00a0<\/p>\n<p class=\"article-content article-content-width !bg-background\">Tiia ja Medya meniv\u00e4t romanttisesti kihloihin Italian Comoj\u00e4rvell\u00e4 kes\u00e4kuun 3. p\u00e4iv\u00e4n\u00e4\u00a0Villa Del Balbianello -huvilalla.<\/p>\n<p class=\"article-content article-content-width !bg-background\">Muun muassa <a alt=\"Haku\" class=\"text-primary-red font-extrabold\" href=\"https:\/\/www.seiska.fi\/haku?q=Kiira Korpi\" rel=\"nofollow noopener\" target=\"_blank\">Kiira Korpi<\/a> on mennyt siell\u00e4 naimisiin vuonna 2018.<\/p>\n<p class=\"article-content article-content-width !bg-background\">Varsinaisia kihlajaisjuhliaan he viettiv\u00e4t my\u00f6hemmin l\u00e4heistens\u00e4 kesken Suomessa elokuun puoliv\u00e4liss\u00e4.<\/p>\n<p>                <img decoding=\"async\" src=\"https:\/\/www.europesays.com\/fi\/wp-content\/uploads\/2025\/12\/1887616.webp\" width=\"576\" height=\"274\" alt=\"Tiia ja h\u00e4nen puolisonsa Medya ovat eronneet. He julkistivat erouutisensa juuri ennen joulua.\" loading=\"lazy\" \/>            <\/p>\n<p>\n            Tiia ja h\u00e4nen puolisonsa Medya ovat eronneet. He julkistivat erouutisensa juuri ennen joulua.<br \/>\n            Timo Korhonen\n        <\/p>\n<p>Uusi koti<\/p>\n<p class=\"article-content article-content-width !bg-background\">Elokuun alussa Tiia ja Medya jakoivat iloisia uutisia, kun he kertoivat muuttavansa isompaan kotiin Espooseen.<\/p>\n<p class=\"article-content article-content-width !bg-background\">He kuvailivat 1960-luvulla rakennettua kerrostaloasuntoaan &#8221;moderniksi mummolaksi&#8221;.<\/p>\n<p class=\"article-content article-content-width !bg-background\">Nyt kaksikon yhteinen taival on kuitenkin tullut p\u00e4\u00e4t\u00f6kseens\u00e4.<\/p>\n<p><script async src=\"\/\/www.instagram.com\/embed.js\"><\/script><\/p>\n","protected":false},"excerpt":{"rendered":"20250305, Helsinki. Tiia Aalto ja puoliso. Timo Korhonen Tiia on eronnut kumppanistaan Medyasta, jonka kanssa kihlautui kes\u00e4kuussa. Miss&hellip;\n","protected":false},"author":2,"featured_media":123214,"comment_status":"","ping_status":"","sticky":false,"template":"","format":"standard","meta":{"footnotes":""},"categories":[136],"tags":[407,137,1664,33,31,30,408,2423,5410,3458,651,32,5411,109],"class_list":{"0":"post-123213","1":"post","2":"type-post","3":"status-publish","4":"format-standard","5":"has-post-thumbnail","7":"category-julkkikset","8":"tag-celebrities","9":"tag-entertainment","10":"tag-ero","11":"tag-fi","12":"tag-finland","13":"tag-finnish","14":"tag-julkkikset","15":"tag-kihlaus","16":"tag-medya-elek","17":"tag-miss-suomi","18":"tag-suhteet","19":"tag-suomi","20":"tag-tiia-aalto","21":"tag-viihde"},"share_on_mastodon":{"url":"https:\/\/pubeurope.com\/@fi\/115763679506358937","error":""},"_links":{"self":[{"href":"https:\/\/www.europesays.com\/fi\/wp-json\/wp\/v2\/posts\/123213","targetHints":{"allow":["GET"]}}],"collection":[{"href":"https:\/\/www.europesays.com\/fi\/wp-json\/wp\/v2\/posts"}],"about":[{"href":"https:\/\/www.europesays.com\/fi\/wp-json\/wp\/v2\/types\/post"}],"author":[{"embeddable":true,"href":"https:\/\/www.europesays.com\/fi\/wp-json\/wp\/v2\/users\/2"}],"replies":[{"embeddable":true,"href":"https:\/\/www.europesays.com\/fi\/wp-json\/wp\/v2\/comments?post=123213"}],"version-history":[{"count":0,"href":"https:\/\/www.europesays.com\/fi\/wp-json\/wp\/v2\/posts\/123213\/revisions"}],"wp:featuredmedia":[{"embeddable":true,"href":"https:\/\/www.europesays.com\/fi\/wp-json\/wp\/v2\/media\/123214"}],"wp:attachment":[{"href":"https:\/\/www.europesays.com\/fi\/wp-json\/wp\/v2\/media?parent=123213"}],"wp:term":[{"taxonomy":"category","embeddable":true,"href":"https:\/\/www.europesays.com\/fi\/wp-json\/wp\/v2\/categories?post=123213"},{"taxonomy":"post_tag","embeddable":true,"href":"https:\/\/www.europesays.com\/fi\/wp-json\/wp\/v2\/tags?post=123213"}],"curies":[{"name":"wp","href":"https:\/\/api.w.org\/{rel}","templated":true}]}}