{"id":123215,"date":"2025-12-22T14:27:08","date_gmt":"2025-12-22T14:27:08","guid":{"rendered":"https:\/\/www.europesays.com\/fi\/123215\/"},"modified":"2025-12-22T14:27:08","modified_gmt":"2025-12-22T14:27:08","slug":"mika-salo-ero-on-peruttu","status":"publish","type":"post","link":"https:\/\/www.europesays.com\/fi\/123215\/","title":{"rendered":"Mika Salo: Ero on peruttu"},"content":{"rendered":"<p>Pari p\u00e4iv\u00e4\u00e4 sitten uutisoitiin, kuinka <strong>Mika Salo<\/strong> on eronnut vaimostaan <strong>Annica Salosta<\/strong>. Annica kertoi Me Naiset-lehden haastattelussa, kuinka raskaalta ero on tuntunut.<\/p>\n<p>Lue my\u00f6s: <a href=\"https:\/\/www.voice.fi\/viihde\/mika-ja-annica-salo-eroavat\" title=\"Mika ja Annica Salo eroavat\" class=\"underline-custom !font-montserrat !font-bold !underline-offset-4 !decoration-4 !decoration-tilt-light !text-md\" rel=\"nofollow noopener\" target=\"_blank\">Mika ja Annica Salo eroavat<\/a><\/p>\n<p>\u2013 En tied\u00e4, mit\u00e4 sanoa. Syd\u00e4meni on s\u00e4rkynyt. L\u00f6ysin el\u00e4m\u00e4ni rakkauden. Ihmisen. jonka kanssa halusin jakaa kaiken ja viett\u00e4\u00e4 lopun el\u00e4m\u00e4\u00e4ni yhdess\u00e4. Uskoin, toivoin ja rakastin. Yli kaiken vain rakastin, kertoi Annica haastattelussa.<\/p>\n<p>Lehden mukaan Mika ja Annica olivat asuneet ennen eroa eri osoitteissa jo kahden vuoden ajan ja j\u00e4tt\u00e4neen avioero\u00adhakemuksen 17. joulukuuta yhdess\u00e4.<\/p>\n<p>Nyt tilanne on saanut k\u00e4\u00e4nteen. Siit\u00e4 kertoo Mika omalla sometilill\u00e4\u00e4n. Pari ei sen mukaan olekaan eroamassa.<\/p>\n<p>\u2013 Kulunut vuosi on ollut raskas. Ymp\u00e4rill\u00e4mme on tapahtunut paljon asioita. joihin emme ole pystyneet vaikuttamaan. Ne on sy\u00f6nyt parisuhdettamme ja vienyt meilt\u00e4 valtavasti energiaa. Emme ole osanneet olla toistemme tukena, kertoo Mika ensin.<\/p>\n<p>Seuraavaksi Mika kertoo parin p\u00e4\u00e4tt\u00e4neen viel\u00e4 jatkaa yhdess\u00e4.<\/p>\n<p>\u2013 Samalla olen ollut ajattelematon ja on tullut tehty\u00e4 virheit\u00e4 joita kadun ja pyyd\u00e4n anteeksi sit\u00e4 rakkaalta vaimoltani. Lopulta tulimme kuitenkin p\u00e4\u00e4t\u00f6kseen, ett\u00e4 selvi\u00e4mme t\u00e4st\u00e4 kaikesta yhdess\u00e4, paljastaa Mika.<\/p>\n<p>Mika ja Annica ovat julkaisun kuvassa uima-altaalla, jossa Mika kannattelee Annicaa. Molemmilla on jouluaiheiset asusteet p\u00e4\u00e4ll\u00e4. Jos kuva on tuore, parilla tuntuu menev\u00e4n nyt hyvin.<\/p>\n<p>N\u00e4et Mikan julkaisun my\u00f6s <a href=\"https:\/\/www.instagram.com\/p\/DSkClKJjEwv\/?utm_source=ig_web_copy_link&amp;igsh=MzRlODBiNWFlZA==\" target=\"_blank\" rel=\"noreferrer noopener nofollow\">t\u00e4\u00e4lt\u00e4<\/a>.<\/p>\n<p>\t\t\t\t\t<script async src=\"\/\/www.instagram.com\/embed.js\"><\/script><\/p>\n","protected":false},"excerpt":{"rendered":"Pari p\u00e4iv\u00e4\u00e4 sitten uutisoitiin, kuinka Mika Salo on eronnut vaimostaan Annica Salosta. Annica kertoi Me Naiset-lehden haastattelussa, kuinka&hellip;\n","protected":false},"author":2,"featured_media":123216,"comment_status":"","ping_status":"","sticky":false,"template":"","format":"standard","meta":{"footnotes":""},"categories":[133],"tags":[137,33,31,30,7319,32,206,156,109],"class_list":{"0":"post-123215","1":"post","2":"type-post","3":"status-publish","4":"format-standard","5":"has-post-thumbnail","7":"category-televisiot","8":"tag-entertainment","9":"tag-fi","10":"tag-finland","11":"tag-finnish","12":"tag-mika-salo","13":"tag-suomi","14":"tag-televisiot","15":"tag-tv","16":"tag-viihde"},"share_on_mastodon":{"url":"https:\/\/pubeurope.com\/@fi\/115763691074142561","error":""},"_links":{"self":[{"href":"https:\/\/www.europesays.com\/fi\/wp-json\/wp\/v2\/posts\/123215","targetHints":{"allow":["GET"]}}],"collection":[{"href":"https:\/\/www.europesays.com\/fi\/wp-json\/wp\/v2\/posts"}],"about":[{"href":"https:\/\/www.europesays.com\/fi\/wp-json\/wp\/v2\/types\/post"}],"author":[{"embeddable":true,"href":"https:\/\/www.europesays.com\/fi\/wp-json\/wp\/v2\/users\/2"}],"replies":[{"embeddable":true,"href":"https:\/\/www.europesays.com\/fi\/wp-json\/wp\/v2\/comments?post=123215"}],"version-history":[{"count":0,"href":"https:\/\/www.europesays.com\/fi\/wp-json\/wp\/v2\/posts\/123215\/revisions"}],"wp:featuredmedia":[{"embeddable":true,"href":"https:\/\/www.europesays.com\/fi\/wp-json\/wp\/v2\/media\/123216"}],"wp:attachment":[{"href":"https:\/\/www.europesays.com\/fi\/wp-json\/wp\/v2\/media?parent=123215"}],"wp:term":[{"taxonomy":"category","embeddable":true,"href":"https:\/\/www.europesays.com\/fi\/wp-json\/wp\/v2\/categories?post=123215"},{"taxonomy":"post_tag","embeddable":true,"href":"https:\/\/www.europesays.com\/fi\/wp-json\/wp\/v2\/tags?post=123215"}],"curies":[{"name":"wp","href":"https:\/\/api.w.org\/{rel}","templated":true}]}}