{"id":123222,"date":"2025-12-22T14:36:08","date_gmt":"2025-12-22T14:36:08","guid":{"rendered":"https:\/\/www.europesays.com\/fi\/123222\/"},"modified":"2025-12-22T14:36:08","modified_gmt":"2025-12-22T14:36:08","slug":"puola-heitti-konsulaatin-ulos-venaja-kieltaytyy-lahtemasta","status":"publish","type":"post","link":"https:\/\/www.europesays.com\/fi\/123222\/","title":{"rendered":"Puola heitti konsulaatin ulos: Ven\u00e4j\u00e4 kielt\u00e4ytyy l\u00e4htem\u00e4st\u00e4"},"content":{"rendered":"<p class=\"ai-optimize-6 ai-optimize-introduction\">Puolan pohjoisessa Gdanskin kaupungissa Ven\u00e4j\u00e4n konsulaatti on kielt\u00e4ytynyt luovuttamasta k\u00e4ytt\u00e4m\u00e4\u00e4ns\u00e4 kiinteist\u00f6\u00e4. Ulkoministeri <strong>Rados\u0142aw Sikorski<\/strong> ilmoitti marraskuussa, ett\u00e4 peruuttaa Ven\u00e4j\u00e4n konsulaatin toimiluvan vastauksena Ven\u00e4j\u00e4n Puolassa masinoimiin sabotaaseihin. Konsulaatin henkil\u00f6kunnalle annettiin aikaa poistua Puolasta jouluaattoon menness\u00e4.<\/p>\n<p class=\"ai-optimize-7\">Maanantaina Gdanskin varapormestari <strong>Emilia Lodzi\u0144ska<\/strong> kertoi puolalaisen radiokanava <a href=\"https:\/\/www.rmf24.pl\/regiony\/trojmiasto\/news-rosyjski-fortel-chodzi-o-konsulat-w-gdansku,nId,8052794\" target=\"_blank\" rel=\"noopener nofollow\">RMF24:n<\/a> mukaan, ett\u00e4 Ven\u00e4j\u00e4n suurl\u00e4hetyst\u00f6n hallinnollinen ja tekninen ty\u00f6ntekij\u00e4 majoittuu Stefana Batorego -kadun kiinteist\u00f6iss\u00e4 numero 13 ja 15, eli Ven\u00e4j\u00e4n konsulaatin kiinteist\u00f6iss\u00e4. T\u00e4m\u00e4 tarkoittaa Lodzi\u0144skan mukaan, ett\u00e4 kiinteist\u00f6j\u00e4 ei voida asianmukaisesti ottaa haltuun.<\/p>\n<p class=\"ai-optimize-8\">\u2013 Ven\u00e4j\u00e4n mukaan omaisuus kuuluu Ven\u00e4j\u00e4n federaatiolle, ja pyyt\u00e4\u00e4 siksi, ett\u00e4 kaikki tarvittavat toimenpiteet toteutetaan omaisuuden koskemattomuuden varmistamiseksi, varapormestari Lodzi\u0144ska sanoi RMF24:n mukaan.<\/p>\n<p>Varapormestari korosti, ett\u00e4 kiinteist\u00f6- ja kiinnitysrekisterien mukaan molempien kiinteist\u00f6jen omistaja on Puolan valtion valtiokonttori. Ven\u00e4j\u00e4n puolen v\u00e4itteet omaisuuden kuulumisesta heille ovat siis v\u00e4\u00e4ri\u00e4 ja ep\u00e4tosia.<\/p>\n<p class=\"ai-optimize-9\">Gdanskin kaupungin vaihtoehdoksi j\u00e4\u00e4 ryhty\u00e4 oikeustoimiin.<\/p>\n<p class=\"ai-optimize-10\">\u2013 Ulkoministeri\u00f6lt\u00e4 saatujen tietojen mukaan tied\u00e4mme, ett\u00e4 jos Ven\u00e4j\u00e4n osapuoli hylk\u00e4\u00e4 ehdotetun menettelyn n\u00e4iden kiinteist\u00f6jen siirt\u00e4miseksi, on pyydett\u00e4v\u00e4 Puolan tasavallan syytt\u00e4j\u00e4nvirastoa nostamaan kanne valtion puolesta n\u00e4iden omaisuuksien vapauttamiseksi ja Puolan osapuolelle suotuisan tuomion j\u00e4lkeen nostamaan ulosottomenettely, joka johtaa omaisuuden takavarikointiin, h\u00e4n selitti.<\/p>\n<p class=\"ai-optimize-15\">T\u00e4llaisesta prosessista todenn\u00e4k\u00f6isesti tulee pitk\u00e4. Se voi vied\u00e4 vuosia.<\/p>\n<p class=\"ai-optimize-11\">Gdanskin kaupunginjuristin mukaan Ven\u00e4j\u00e4 v\u00e4itt\u00e4\u00e4 ett\u00e4 Puola on luovuttanut kiinteist\u00f6t Ven\u00e4j\u00e4n valtiolle vastineeksi jostain muista kiinteist\u00f6ist\u00e4. Juristin mukaan t\u00e4llaista tietoa ei kuitenkaan l\u00f6ydy mist\u00e4\u00e4n Neuvostoliiton aikoinaan omistamaa omaisuutta koskevista asiakirjoista. Mik\u00e4li sellaisia asiakirjoja on, Ven\u00e4j\u00e4n on syyt\u00e4 esitt\u00e4\u00e4 ne oikeusteitse.<\/p>\n<p class=\"ai-optimize-12\">RMF24:n mukaan ven\u00e4l\u00e4iset diplomaatit ovat k\u00e4ytt\u00e4neet konsulaattia ja sen kiinteist\u00f6j\u00e4 sodanj\u00e4lkeisest\u00e4 ajasta l\u00e4htien. Vuonna 1951 Puolan kansantasavalta ja Neuvostoliitto allekirjoittivat sopimuksen rakennuksen vapaasta k\u00e4yt\u00f6st\u00e4. Neuvostoliiton romahtamisen j\u00e4lkeen kiinteist\u00f6st\u00e4 tuli Puolan valtiokonttorin omaisuutta.<\/p>\n<p class=\"ai-optimize-13\">Puola on ulkoministeri\u00f6ns\u00e4 ohjeen mukaisesti perinyt kiinteist\u00f6st\u00e4 k\u00e4ytt\u00f6maksua vuodesta 2013 alkaen. Ven\u00e4j\u00e4 ei ole maksanut n\u00e4it\u00e4 maksuja kertaakaan, eik\u00e4 konsulaatti ole vastannut asiaa koskeneisiin pyynt\u00f6ihin. Gdanskin kaupunki arvioi, ett\u00e4 pelk\u00e4st\u00e4\u00e4n vuoteen 2023 menness\u00e4 Ven\u00e4j\u00e4 oli aiheuttanut itselleen 5,5 miljoonan zlotyn eli noin 1,3 miljoonan euron maksur\u00e4stit. Lis\u00e4ksi maksur\u00e4steist\u00e4 oli kertynyt t\u00e4ss\u00e4 ajassa korkoa yli 700\u00a0000 euroa.<\/p>\n<p class=\"ai-optimize-14\">Tapaus eteni oikeuteen, joka m\u00e4\u00e4r\u00e4si Ven\u00e4j\u00e4n maksamaan noin 400\u00a0000 zlotya eli 95\u00a0000 euroa. RMF24 ei kerro, maksoiko Ven\u00e4j\u00e4n valtio niit\u00e4k\u00e4\u00e4n.<\/p>\n<p>Poimintoja videosis\u00e4ll\u00f6ist\u00e4mme<\/p>\n","protected":false},"excerpt":{"rendered":"Puolan pohjoisessa Gdanskin kaupungissa Ven\u00e4j\u00e4n konsulaatti on kielt\u00e4ytynyt luovuttamasta k\u00e4ytt\u00e4m\u00e4\u00e4ns\u00e4 kiinteist\u00f6\u00e4. Ulkoministeri Rados\u0142aw Sikorski ilmoitti marraskuussa, ett\u00e4 peruuttaa&hellip;\n","protected":false},"author":2,"featured_media":123223,"comment_status":"","ping_status":"","sticky":false,"template":"","format":"standard","meta":{"footnotes":""},"categories":[14],"tags":[22,23,26,27,33,31,30,17,24,25,28,29,15,18,21,2700,32,19,20,56,16,547,59,60,61],"class_list":{"0":"post-123222","1":"post","2":"type-post","3":"status-publish","4":"format-standard","5":"has-post-thumbnail","7":"category-ulkomaat","8":"tag-breaking-news","9":"tag-breakingnews","10":"tag-featured-news","11":"tag-featurednews","12":"tag-fi","13":"tag-finland","14":"tag-finnish","15":"tag-headlines","16":"tag-latest-news","17":"tag-latestnews","18":"tag-main-news","19":"tag-mainnews","20":"tag-news","21":"tag-otsikot","22":"tag-paauutiset","23":"tag-puola","24":"tag-suomi","25":"tag-top-stories","26":"tag-topstories","27":"tag-ulkomaat","28":"tag-uutiset","29":"tag-venaja","30":"tag-world","31":"tag-world-news","32":"tag-worldnews"},"share_on_mastodon":{"url":"https:\/\/pubeurope.com\/@fi\/115763726625780364","error":""},"_links":{"self":[{"href":"https:\/\/www.europesays.com\/fi\/wp-json\/wp\/v2\/posts\/123222","targetHints":{"allow":["GET"]}}],"collection":[{"href":"https:\/\/www.europesays.com\/fi\/wp-json\/wp\/v2\/posts"}],"about":[{"href":"https:\/\/www.europesays.com\/fi\/wp-json\/wp\/v2\/types\/post"}],"author":[{"embeddable":true,"href":"https:\/\/www.europesays.com\/fi\/wp-json\/wp\/v2\/users\/2"}],"replies":[{"embeddable":true,"href":"https:\/\/www.europesays.com\/fi\/wp-json\/wp\/v2\/comments?post=123222"}],"version-history":[{"count":0,"href":"https:\/\/www.europesays.com\/fi\/wp-json\/wp\/v2\/posts\/123222\/revisions"}],"wp:featuredmedia":[{"embeddable":true,"href":"https:\/\/www.europesays.com\/fi\/wp-json\/wp\/v2\/media\/123223"}],"wp:attachment":[{"href":"https:\/\/www.europesays.com\/fi\/wp-json\/wp\/v2\/media?parent=123222"}],"wp:term":[{"taxonomy":"category","embeddable":true,"href":"https:\/\/www.europesays.com\/fi\/wp-json\/wp\/v2\/categories?post=123222"},{"taxonomy":"post_tag","embeddable":true,"href":"https:\/\/www.europesays.com\/fi\/wp-json\/wp\/v2\/tags?post=123222"}],"curies":[{"name":"wp","href":"https:\/\/api.w.org\/{rel}","templated":true}]}}