{"id":123225,"date":"2025-12-22T14:38:11","date_gmt":"2025-12-22T14:38:11","guid":{"rendered":"https:\/\/www.europesays.com\/fi\/123225\/"},"modified":"2025-12-22T14:38:11","modified_gmt":"2025-12-22T14:38:11","slug":"jokeri-ja-superman-liikuttelivat-suomen-suurinta-amfetamiinilastia-vuosien-vankilatuomiot-kotimaa","status":"publish","type":"post","link":"https:\/\/www.europesays.com\/fi\/123225\/","title":{"rendered":"\u201dJokeri\u201d ja \u201dSuperman\u201d liikuttelivat Suomen suurinta amfetamiinilastia \u2013 vuosien vankilatuomiot | Kotimaa"},"content":{"rendered":"<p class=\"aw-1gybjub aw-5vja16 kEtdKx kmuxyA yle__article__paragraph\">Kaksi ruotsalaista ja yksi turkkilainen mies saivat vuosien vankeusrangaistukset huumerikoksista.<\/p>\n<p><img decoding=\"async\" alt=\"Kuvakombo jossa pahvilaatikoissa huumeita sek\u00e4 tekstiviestikeskustelua.\" src=\"https:\/\/www.europesays.com\/fi\/wp-content\/uploads\/2025\/12\/39-154603769034be192b6a.jpeg\" class=\"aw-1l9m598 hKVVvP\"\/><\/p>\n<p>Avaa kuvien katselu<\/p>\n<p>Rikolliset kuljettivat j\u00e4ttim\u00e4ist\u00e4 amfetamiinier\u00e4\u00e4 paikasta toiseen pakettiautolla ja pitiv\u00e4t yhteytt\u00e4 p\u00e4\u00e4asiassa viestitse. Kuva: Poliisi<\/p>\n<p class=\"aw-1gybjub aw-1p7kakr kEtdKx cEmitX yle__article__paragraph\">L\u00e4nsi-Uudenmaan k\u00e4r\u00e4j\u00e4oikeus on antanut pitk\u00e4t vankeusrangaistukset Suomen toistaiseksi suurimpaan amfetamiinitakavarikkoon liittyv\u00e4st\u00e4 <a class=\"aw-iao6s4 iHOxEa yle__article__link\" href=\"https:\/\/yle.fi\/a\/74-20190919\" role=\"link\" rel=\"nofollow noopener\" target=\"_blank\">huumevyyhdist\u00e4<\/a>.<\/p>\n<p class=\"aw-1gybjub aw-1p7kakr kEtdKx cEmitX yle__article__paragraph\">Ruotsalainen <strong class=\"aw-ak79eh KyCXm yle__article__strong\">Jonathan Aki Andreas Vierikko<\/strong>, 27, sai 11 vuoden vankeusrangaituksen ja turkkilainen <strong class=\"aw-ak79eh KyCXm yle__article__strong\">Yasar Kayhan<\/strong>, 57, yhdeks\u00e4n vuoden vankeusrangaistuksen t\u00f6rkeist\u00e4 huumausainerikoksista.<\/p>\n<p class=\"aw-1gybjub aw-1p7kakr kEtdKx cEmitX yle__article__paragraph\">Lis\u00e4ksi ruotsalainen <strong class=\"aw-ak79eh KyCXm yle__article__strong\">Carl Eddy Fredrik Norberg Pihlmark<\/strong>, 40, sai viiden vuoden vankeusrangaistuksen avunannosta t\u00f6rke\u00e4\u00e4n huumausainerikokseen.<\/p>\n<p class=\"aw-1gybjub aw-1p7kakr kEtdKx cEmitX yle__article__paragraph\">Syytt\u00e4j\u00e4 vaati Vierikolle 13 vuoden, Kayhanille 12 vuoden ja Norberg Pihlmarkille 8,5 vuoden ehdottomia vankeusrangaistuksia.<\/p>\n<p class=\"aw-1gybjub aw-1p7kakr kEtdKx cEmitX yle__article__paragraph\">Yle kertoi amfetamiinijutusta lokakuussa <a class=\"aw-iao6s4 iHOxEa yle__article__link\" href=\"https:\/\/yle.fi\/a\/74-20190919\" role=\"link\" rel=\"nofollow noopener\" target=\"_blank\">t\u00e4ss\u00e4 artikkelissa<\/a>.<\/p>\n<p>Noin 260 kilon amfetamiinitakavarikko<\/p>\n<p class=\"aw-1gybjub aw-1p7kakr kEtdKx cEmitX yle__article__paragraph\">Poliisi teki toukokuussa Espoon Nuuksiossa l\u00e4hes 260 kilon <a class=\"aw-iao6s4 iHOxEa yle__article__link\" href=\"https:\/\/yle.fi\/a\/74-20186251\" role=\"link\" rel=\"nofollow noopener\" target=\"_blank\">amfetamiinitakavarikon<\/a>.<\/p>\n<p class=\"aw-1gybjub aw-1p7kakr kEtdKx cEmitX yle__article__paragraph\">Poliisin mukaan huumeet salakuljetti ja varastoi Ruotsista johdettu rikollisryhm\u00e4, johon kuului ep\u00e4iltyjen lis\u00e4ksi ainakin yksi henkil\u00f6, joka j\u00e4i tavoittamatta.<\/p>\n<p class=\"aw-1gybjub aw-1p7kakr kEtdKx cEmitX yle__article__paragraph\">K\u00e4r\u00e4j\u00e4oikeus katsoi, ett\u00e4 Vierikko ja Kayhan olivat tehneet teot osana j\u00e4rjest\u00e4ytyneen rikollisryhm\u00e4n toimintaa.<\/p>\n<p class=\"aw-1gybjub aw-1p7kakr kEtdKx cEmitX yle__article__paragraph\">Oikeus piti Vierikkoa p\u00e4\u00e4tekij\u00e4n\u00e4, joka antoi ohjeita, organisoi ja j\u00e4rjesti huumeiden kuljetuksia, varastointia ja jakelua Suomessa.<\/p>\n<p class=\"aw-1gybjub aw-1p7kakr kEtdKx cEmitX yle__article__paragraph\">K\u00e4r\u00e4j\u00e4oikeuden mukaan Kayhan toimi Vierikon alaisena ja muun muassa j\u00e4rjesti huumeiden varastointia, kuljetuksia ja jakelua p\u00e4\u00e4kaupunkiseudulla.<\/p>\n<p class=\"aw-1gybjub aw-1p7kakr kEtdKx cEmitX yle__article__paragraph\">Sen sijaan Norberg Pihlmarkin osallisuus katsottiin v\u00e4h\u00e4isemm\u00e4ksi.<\/p>\n<p class=\"aw-1gybjub aw-1p7kakr kEtdKx cEmitX yle__article__paragraph\">H\u00e4nen kohdallaan ei sovellettu j\u00e4rjest\u00e4ytyneen rikollisuuden koventamisperustetta, sill\u00e4 h\u00e4nen ei esimerkiksi katsottu olleen tietoinen ryhm\u00e4n rakenteesta.<\/p>\n<p>Jokeri, Superman ja Batman<\/p>\n<p class=\"aw-1gybjub aw-1p7kakr kEtdKx cEmitX yle__article__paragraph\">Poliisitutkinnassa selvisi, ett\u00e4 miehet viestitteliv\u00e4t kesken\u00e4\u00e4n p\u00e4\u00e4osin Signal-viestiryhm\u00e4ss\u00e4.<\/p>\n<p class=\"aw-1gybjub aw-1p7kakr kEtdKx cEmitX yle__article__paragraph\">Vierikko k\u00e4ytti nimimerkki\u00e4 Jokern eli Jokeri, Norberg Pihlmark oli Euro24 ja Kayhan viestitteli nimimerkill\u00e4 Superman.<\/p>\n<p class=\"aw-1gybjub aw-1p7kakr kEtdKx cEmitX yle__article__paragraph\">Nimimerkki\u00e4 Batman k\u00e4ytt\u00e4nyt nelj\u00e4s ep\u00e4ilty j\u00e4i tavoittamatta.<\/p>\n<p class=\"aw-1gybjub aw-1p7kakr kEtdKx cEmitX yle__article__paragraph\">Oikeudessa Vierikko kiisti olleensa huumelastin j\u00e4rjest\u00e4j\u00e4 tai p\u00e4\u00e4tekij\u00e4. H\u00e4n katsoi syyllistyneens\u00e4 korkeintaan avunantoon t\u00f6rke\u00e4ss\u00e4 huumausainerikoksessa.<\/p>\n<p class=\"aw-1gybjub aw-1p7kakr kEtdKx cEmitX yle__article__paragraph\">Kayhan my\u00f6nsi syyllistyneens\u00e4 t\u00f6rke\u00e4\u00e4n huumerikokseen, mutta kiisti muun muassa osallistuneensa huumeiden maahantuontiin.<\/p>\n<p class=\"aw-1gybjub aw-1p7kakr kEtdKx cEmitX yle__article__paragraph\">Norberg Pihlmark kiisti syyllistyneens\u00e4 rikoksiin.<\/p>\n<p class=\"aw-1gybjub aw-1p7kakr kEtdKx cEmitX yle__article__paragraph\">Tuomio ei ole lainvoimainen, vaan siihen voi hakea muutosta valittamalla.<\/p>\n","protected":false},"excerpt":{"rendered":"Kaksi ruotsalaista ja yksi turkkilainen mies saivat vuosien vankeusrangaistukset huumerikoksista. Avaa kuvien katselu Rikolliset kuljettivat j\u00e4ttim\u00e4ist\u00e4 amfetamiinier\u00e4\u00e4 paikasta&hellip;\n","protected":false},"author":2,"featured_media":123226,"comment_status":"","ping_status":"","sticky":false,"template":"","format":"standard","meta":{"footnotes":""},"categories":[5],"tags":[22,23,400,26,27,33,31,30,17,6928,664,2236,71,8901,3521,24,25,28,29,15,2098,1915,18,21,52,581,32,19,20,1168,16],"class_list":{"0":"post-123225","1":"post","2":"type-post","3":"status-publish","4":"format-standard","5":"has-post-thumbnail","7":"category-otsikot","8":"tag-breaking-news","9":"tag-breakingnews","10":"tag-espoo","11":"tag-featured-news","12":"tag-featurednews","13":"tag-fi","14":"tag-finland","15":"tag-finnish","16":"tag-headlines","17":"tag-huumausainerikokset","18":"tag-huumeet","19":"tag-jarjestaytynyt-rikollisuus","20":"tag-kotimaa","21":"tag-lansi-uudenmaan-karajaoikeus","22":"tag-lansi-uusimaa","23":"tag-latest-news","24":"tag-latestnews","25":"tag-main-news","26":"tag-mainnews","27":"tag-news","28":"tag-oikeudenkaynnit","29":"tag-oikeus","30":"tag-otsikot","31":"tag-paauutiset","32":"tag-poliisi","33":"tag-rikokset","34":"tag-suomi","35":"tag-top-stories","36":"tag-topstories","37":"tag-uusimaa","38":"tag-uutiset"},"share_on_mastodon":{"url":"https:\/\/pubeurope.com\/@fi\/115763734567564686","error":""},"_links":{"self":[{"href":"https:\/\/www.europesays.com\/fi\/wp-json\/wp\/v2\/posts\/123225","targetHints":{"allow":["GET"]}}],"collection":[{"href":"https:\/\/www.europesays.com\/fi\/wp-json\/wp\/v2\/posts"}],"about":[{"href":"https:\/\/www.europesays.com\/fi\/wp-json\/wp\/v2\/types\/post"}],"author":[{"embeddable":true,"href":"https:\/\/www.europesays.com\/fi\/wp-json\/wp\/v2\/users\/2"}],"replies":[{"embeddable":true,"href":"https:\/\/www.europesays.com\/fi\/wp-json\/wp\/v2\/comments?post=123225"}],"version-history":[{"count":0,"href":"https:\/\/www.europesays.com\/fi\/wp-json\/wp\/v2\/posts\/123225\/revisions"}],"wp:featuredmedia":[{"embeddable":true,"href":"https:\/\/www.europesays.com\/fi\/wp-json\/wp\/v2\/media\/123226"}],"wp:attachment":[{"href":"https:\/\/www.europesays.com\/fi\/wp-json\/wp\/v2\/media?parent=123225"}],"wp:term":[{"taxonomy":"category","embeddable":true,"href":"https:\/\/www.europesays.com\/fi\/wp-json\/wp\/v2\/categories?post=123225"},{"taxonomy":"post_tag","embeddable":true,"href":"https:\/\/www.europesays.com\/fi\/wp-json\/wp\/v2\/tags?post=123225"}],"curies":[{"name":"wp","href":"https:\/\/api.w.org\/{rel}","templated":true}]}}