{"id":123235,"date":"2025-12-22T15:01:15","date_gmt":"2025-12-22T15:01:15","guid":{"rendered":"https:\/\/www.europesays.com\/fi\/123235\/"},"modified":"2025-12-22T15:01:15","modified_gmt":"2025-12-22T15:01:15","slug":"google-uudistaa-emoji-tyyliaan-merkittavasti-tulevassa-android-paivityksessa-ottaa-mallia-applesta-2","status":"publish","type":"post","link":"https:\/\/www.europesays.com\/fi\/123235\/","title":{"rendered":"Google uudistaa emoji-tyyli\u00e4\u00e4n merkitt\u00e4v\u00e4sti tulevassa Android-p\u00e4ivityksess\u00e4 &#8211; ottaa mallia Applesta"},"content":{"rendered":"<p class=\"wp-block-teknavifi-ingressheading\">Google on uudistamassa emoji-tyyli\u00e4\u00e4n.<\/p>\n<p><a href=\"https:\/\/mobiili.fi\/2025\/12\/18\/google-julkaisi-android-16-qpr3n-ensimmaisen-testiversion-pixel-laitteille\/\" rel=\"nofollow noopener\" target=\"_blank\">Android 16 QPR3 -version ensimm\u00e4isen beetan<\/a> yhteydess\u00e4 Google julkaisi my\u00f6s p\u00e4ivitetyt emojinsa.<\/p>\n<p>Google esitteli Unicode 17.0 -standardin mukaiset emoji-lis\u00e4yksens\u00e4 jo aiemmin t\u00e4n\u00e4 vuonna. Nyt Androidin uudessa testiversiossa on jatkettu uuden tyylin tuomista emojeihin.<\/p>\n<p>Android 16 QPR3 Beta 1:ss\u00e4 on uudistettu jo muun muassa sulava hymi\u00f6, ulos hengitt\u00e4v\u00e4 hymi\u00f6, voimaakasti itkev\u00e4 hymi\u00f6 sek\u00e4 kylmiss\u00e4\u00e4n oleva hymi\u00f6.<\/p>\n<p>Muutokset eiv\u00e4t ole p\u00e4\u00e4osin mullistavia, vaan monin paikoin kyse on ennemminkin hienos\u00e4\u00e4d\u00f6st\u00e4. Muutosten my\u00f6t\u00e4 Googlen emojit ovat kuitenkin enemm\u00e4n samankaltaisia Applen tyylin kanssa yksityiskohdiltaan.<\/p>\n<p>Google suosi aiemmin emojeissa astetta vivahteikkaampaa ja enemm\u00e4n piirrettyjen kaltaista tyyli\u00e4, kun taas uusi tyyli on pelkistetympi. Osassa emojeja, kuten esimerkiksi pesukarhun kohdalla, tapahtunut muutos on varsin merkitt\u00e4v\u00e4kin ja tuo emojin enemm\u00e4n linjaan Applen kanssa.<\/p>\n<p>Kaikkiaan Google on p\u00e4ivitt\u00e4nyt kymmeni\u00e4 emojeja.<\/p>\n<p>Kaikille k\u00e4ytt\u00e4jille julkaistavana p\u00e4ivityksen\u00e4 Android 16 QPR3:n odotetaan saapuvan maaliskuussa 2026, jolloin my\u00f6s uudistuneet emojit ovat n\u00e4in ollen saapumassa laajemmin k\u00e4ytett\u00e4viksi.<\/p>\n<p><a href=\"https:\/\/www.europesays.com\/fi\/wp-content\/uploads\/2025\/12\/android_16_qpr3_emoji_2.jpg\"><img decoding=\"async\" src=\"https:\/\/www.europesays.com\/fi\/wp-content\/uploads\/2025\/12\/android_16_qpr3_emoji_2.jpg\" alt=\"\" class=\"wp-image-270901\"\/><\/a><\/p>\n<p><a href=\"https:\/\/www.europesays.com\/fi\/wp-content\/uploads\/2025\/12\/android_16_qpr3_emoji_3.jpg\"><img decoding=\"async\" src=\"https:\/\/www.europesays.com\/fi\/wp-content\/uploads\/2025\/12\/android_16_qpr3_emoji_3.jpg\" alt=\"\" class=\"wp-image-270902\"\/><\/a><\/p>\n<p><a href=\"https:\/\/www.europesays.com\/fi\/wp-content\/uploads\/2025\/12\/android_16_qpr3_emoji_4.jpg\"><img decoding=\"async\" src=\"https:\/\/www.europesays.com\/fi\/wp-content\/uploads\/2025\/12\/android_16_qpr3_emoji_4.jpg\" alt=\"\" class=\"wp-image-270903\"\/><\/a><\/p>\n<p>            <img decoding=\"async\" src=\"https:\/\/www.europesays.com\/fi\/wp-content\/uploads\/2025\/12\/1766415675_778_65c21c901e6ae35b44de81d90a2ca2d1c3a24c673e2e76f40f42ec61ae1d005a\" alt=\"Markus Lehtiniitty \/ Mobiili.fi\" itemprop=\"image\"\/>          <\/p>\n<p>\n          Toimittaja<br \/>\n          Markus Lehtiniitty \/ Mobiili.fi\n        <\/p>\n","protected":false},"excerpt":{"rendered":"Google on uudistamassa emoji-tyyli\u00e4\u00e4n. Android 16 QPR3 -version ensimm\u00e4isen beetan yhteydess\u00e4 Google julkaisi my\u00f6s p\u00e4ivitetyt emojinsa. Google esitteli&hellip;\n","protected":false},"author":2,"featured_media":123236,"comment_status":"","ping_status":"","sticky":false,"template":"","format":"standard","meta":{"footnotes":""},"categories":[76],"tags":[22075,79,77,33,31,30,716,32,78],"class_list":{"0":"post-123235","1":"post","2":"type-post","3":"status-publish","4":"format-standard","5":"has-post-thumbnail","7":"category-talous","8":"tag-android-16-qpr3","9":"tag-business","10":"tag-economy","11":"tag-fi","12":"tag-finland","13":"tag-finnish","14":"tag-google","15":"tag-suomi","16":"tag-talous"},"share_on_mastodon":{"url":"https:\/\/pubeurope.com\/@fi\/115763825226520718","error":""},"_links":{"self":[{"href":"https:\/\/www.europesays.com\/fi\/wp-json\/wp\/v2\/posts\/123235","targetHints":{"allow":["GET"]}}],"collection":[{"href":"https:\/\/www.europesays.com\/fi\/wp-json\/wp\/v2\/posts"}],"about":[{"href":"https:\/\/www.europesays.com\/fi\/wp-json\/wp\/v2\/types\/post"}],"author":[{"embeddable":true,"href":"https:\/\/www.europesays.com\/fi\/wp-json\/wp\/v2\/users\/2"}],"replies":[{"embeddable":true,"href":"https:\/\/www.europesays.com\/fi\/wp-json\/wp\/v2\/comments?post=123235"}],"version-history":[{"count":0,"href":"https:\/\/www.europesays.com\/fi\/wp-json\/wp\/v2\/posts\/123235\/revisions"}],"wp:featuredmedia":[{"embeddable":true,"href":"https:\/\/www.europesays.com\/fi\/wp-json\/wp\/v2\/media\/123236"}],"wp:attachment":[{"href":"https:\/\/www.europesays.com\/fi\/wp-json\/wp\/v2\/media?parent=123235"}],"wp:term":[{"taxonomy":"category","embeddable":true,"href":"https:\/\/www.europesays.com\/fi\/wp-json\/wp\/v2\/categories?post=123235"},{"taxonomy":"post_tag","embeddable":true,"href":"https:\/\/www.europesays.com\/fi\/wp-json\/wp\/v2\/tags?post=123235"}],"curies":[{"name":"wp","href":"https:\/\/api.w.org\/{rel}","templated":true}]}}