{"id":123240,"date":"2025-12-22T15:04:07","date_gmt":"2025-12-22T15:04:07","guid":{"rendered":"https:\/\/www.europesays.com\/fi\/123240\/"},"modified":"2025-12-22T15:04:07","modified_gmt":"2025-12-22T15:04:07","slug":"hakkerit-varastivat-86-miljoonaa-aanitiedostoa-spotifysta-uutisia-lyhyesti","status":"publish","type":"post","link":"https:\/\/www.europesays.com\/fi\/123240\/","title":{"rendered":"Hakkerit varastivat 86 miljoonaa \u00e4\u00e4nitiedostoa Spotifysta | Uutisia lyhyesti"},"content":{"rendered":"<p class=\"aw-1gybjub aw-1p7kakr kEtdKx cEmitX yle__article__paragraph\">Ruotsalainen Spotify on joutunut poikkeuksellisen laajan tietomurron kohteeksi.<\/p>\n<p class=\"aw-1gybjub aw-1p7kakr kEtdKx cEmitX yle__article__paragraph\">Musiikkimedia <a class=\"aw-iao6s4 iHOxEa yle__article__link\" href=\"https:\/\/www.billboard.com\/business\/streaming\/spotify-music-library-leak-1236143970\/\" role=\"link\" rel=\"nofollow noopener\" target=\"_blank\">Billboard<\/a> uutisoi sunnuntaina, ett\u00e4 hakkeriryhm\u00e4 vei musiikkialustalta yli 86 miljoonaa \u00e4\u00e4nitiedostoa.<\/p>\n<p class=\"aw-1gybjub aw-1p7kakr kEtdKx cEmitX yle__article__paragraph\">Teknologia-alan yritt\u00e4j\u00e4 <strong class=\"aw-ak79eh KyCXm yle__article__strong\">Yoav Zimmerman<\/strong> kirjoittaa <a class=\"aw-iao6s4 iHOxEa yle__article__link\" href=\"https:\/\/www.linkedin.com\/posts\/yoav-zimmerman-05653252_a-pirate-activist-group-just-scraped-activity-7408327006112907265-VZne\/\" role=\"link\" rel=\"nofollow noopener\" target=\"_blank\">Linkediniss\u00e4<\/a>, ett\u00e4 varastettujen tiedostojen m\u00e4\u00e4r\u00e4 on niin suuri, ett\u00e4 teoriassa hakkeriryhm\u00e4 voisi perustaa rinnakkaisen musiikkipalvelun.<\/p>\n<p class=\"aw-1gybjub aw-1p7kakr kEtdKx cEmitX yle__article__paragraph\">Viikonloppuna tietomurtoa k\u00e4sittelev\u00e4 kirjoitus ilmestyi <a class=\"aw-iao6s4 iHOxEa yle__article__link\" href=\"https:\/\/annas-archive.li\/blog\/backing-up-spotify.html\" role=\"link\" rel=\"nofollow noopener\" target=\"_blank\">blogialustalle<\/a>. Kirjoituksessa v\u00e4itet\u00e4\u00e4n, ett\u00e4 hakkeriryhm\u00e4 on ladannut varastetut tiedostot avoimeen arkistoon.<\/p>\n<p class=\"aw-1gybjub aw-1p7kakr kEtdKx cEmitX yle__article__paragraph\">Blogikirjoituksen mukaan hakkeriryhm\u00e4 tavoittelee ihmiskunnan kulttuurin s\u00e4ilytt\u00e4mist\u00e4.<\/p>\n<p class=\"aw-1gybjub aw-1p7kakr kEtdKx cEmitX yle__article__paragraph\">Spotify kertoo tutkivansa tapausta.<\/p>\n","protected":false},"excerpt":{"rendered":"Ruotsalainen Spotify on joutunut poikkeuksellisen laajan tietomurron kohteeksi. Musiikkimedia Billboard uutisoi sunnuntaina, ett\u00e4 hakkeriryhm\u00e4 vei musiikkialustalta yli 86&hellip;\n","protected":false},"author":2,"featured_media":74,"comment_status":"","ping_status":"","sticky":false,"template":"","format":"standard","meta":{"footnotes":""},"categories":[5],"tags":[22076,22,23,26,27,33,31,30,9474,8488,17,148,108,24,25,28,29,47,15,18,21,8155,32,92,19,20,16],"class_list":{"0":"post-123240","1":"post","2":"type-post","3":"status-publish","4":"format-standard","5":"has-post-thumbnail","7":"category-otsikot","8":"tag-blogit","9":"tag-breaking-news","10":"tag-breakingnews","11":"tag-featured-news","12":"tag-featurednews","13":"tag-fi","14":"tag-finland","15":"tag-finnish","16":"tag-hakkerit","17":"tag-hakkerointi","18":"tag-headlines","19":"tag-internet","20":"tag-kulttuuri","21":"tag-latest-news","22":"tag-latestnews","23":"tag-main-news","24":"tag-mainnews","25":"tag-musiikki","26":"tag-news","27":"tag-otsikot","28":"tag-paauutiset","29":"tag-spotify","30":"tag-suomi","31":"tag-teknologia","32":"tag-top-stories","33":"tag-topstories","34":"tag-uutiset"},"share_on_mastodon":{"url":"https:\/\/pubeurope.com\/@fi\/115763836595708377","error":""},"_links":{"self":[{"href":"https:\/\/www.europesays.com\/fi\/wp-json\/wp\/v2\/posts\/123240","targetHints":{"allow":["GET"]}}],"collection":[{"href":"https:\/\/www.europesays.com\/fi\/wp-json\/wp\/v2\/posts"}],"about":[{"href":"https:\/\/www.europesays.com\/fi\/wp-json\/wp\/v2\/types\/post"}],"author":[{"embeddable":true,"href":"https:\/\/www.europesays.com\/fi\/wp-json\/wp\/v2\/users\/2"}],"replies":[{"embeddable":true,"href":"https:\/\/www.europesays.com\/fi\/wp-json\/wp\/v2\/comments?post=123240"}],"version-history":[{"count":0,"href":"https:\/\/www.europesays.com\/fi\/wp-json\/wp\/v2\/posts\/123240\/revisions"}],"wp:featuredmedia":[{"embeddable":true,"href":"https:\/\/www.europesays.com\/fi\/wp-json\/wp\/v2\/media\/74"}],"wp:attachment":[{"href":"https:\/\/www.europesays.com\/fi\/wp-json\/wp\/v2\/media?parent=123240"}],"wp:term":[{"taxonomy":"category","embeddable":true,"href":"https:\/\/www.europesays.com\/fi\/wp-json\/wp\/v2\/categories?post=123240"},{"taxonomy":"post_tag","embeddable":true,"href":"https:\/\/www.europesays.com\/fi\/wp-json\/wp\/v2\/tags?post=123240"}],"curies":[{"name":"wp","href":"https:\/\/api.w.org\/{rel}","templated":true}]}}