{"id":123252,"date":"2025-12-22T15:29:08","date_gmt":"2025-12-22T15:29:08","guid":{"rendered":"https:\/\/www.europesays.com\/fi\/123252\/"},"modified":"2025-12-22T15:29:08","modified_gmt":"2025-12-22T15:29:08","slug":"jyvaskylan-yliopistosta-tuli-jyvaskylan-ammattikorkeakoulun-paaomistaja-mika-voi-tarkoittaa-uudenlaisia-opintopolkuja-keski-suomi","status":"publish","type":"post","link":"https:\/\/www.europesays.com\/fi\/123252\/","title":{"rendered":"Jyv\u00e4skyl\u00e4n yliopistosta tuli Jyv\u00e4skyl\u00e4n ammattikorkeakoulun p\u00e4\u00e4omistaja, mik\u00e4 voi tarkoittaa uudenlaisia opintopolkuja | Keski-Suomi"},"content":{"rendered":"<p>Jyv\u00e4skyl\u00e4n yliopisto ja Jyv\u00e4skyl\u00e4n ammattikorkeakoulu muodostavat jatkossa Suomen kolmanneksi suurimman korkeakoulukonsernin. Opiskelijoita on kaikkiaan noin 25\u2009000 ja henkil\u00f6st\u00f6\u00e4 4\u2009000.<\/p>\n<p>Sopimus kaupasta, jolla Jyv\u00e4skyl\u00e4n yliopistosta tuli Jyv\u00e4skyl\u00e4n ammattikorkeakoulun (Jamk) p\u00e4\u00e4omistaja 60,6 prosentin osuudella, allekirjoitettiin Jyv\u00e4skyl\u00e4n kaupungintalolla maanantaina.<\/p>\n<p>Ty\u00f6nimell\u00e4 Jyv\u00e4skyl\u00e4n korkeakoulut \u2013\u2009Jyv\u00e4skyl\u00e4 universities kutsutun yhteis\u00f6n toiminta k\u00e4ynnistyy heti ensi vuoden alussa.<\/p>\n<p>Allekirjoitustilaisuudessa paikalla olleet opiskelijoiden edustajat odottivat muutoksen my\u00f6t\u00e4 lis\u00e4\u00e4ntyv\u00e4\u00e4 yhteisty\u00f6t\u00e4 ja entist\u00e4 monipuolisempia opintopolkuja.<\/p>\n","protected":false},"excerpt":{"rendered":"Jyv\u00e4skyl\u00e4n yliopisto ja Jyv\u00e4skyl\u00e4n ammattikorkeakoulu muodostavat jatkossa Suomen kolmanneksi suurimman korkeakoulukonsernin. Opiskelijoita on kaikkiaan noin 25\u2009000 ja henkil\u00f6st\u00f6\u00e4&hellip;\n","protected":false},"author":2,"featured_media":123253,"comment_status":"","ping_status":"","sticky":false,"template":"","format":"standard","meta":{"footnotes":""},"categories":[12],"tags":[22,23,26,27,33,31,30,17,425,22046,426,615,96,757,24,25,28,29,15,791,18,21,32,19,20,16],"class_list":{"0":"post-123252","1":"post","2":"type-post","3":"status-publish","4":"format-standard","5":"has-post-thumbnail","7":"category-suomi","8":"tag-breaking-news","9":"tag-breakingnews","10":"tag-featured-news","11":"tag-featurednews","12":"tag-fi","13":"tag-finland","14":"tag-finnish","15":"tag-headlines","16":"tag-jyvaskyla","17":"tag-jyvaskylan-ammattikorkeakoulu","18":"tag-jyvaskylan-yliopisto","19":"tag-koulut","20":"tag-koulutus","21":"tag-koulutus-ja-kasvatus","22":"tag-latest-news","23":"tag-latestnews","24":"tag-main-news","25":"tag-mainnews","26":"tag-news","27":"tag-opiskelu","28":"tag-otsikot","29":"tag-paauutiset","30":"tag-suomi","31":"tag-top-stories","32":"tag-topstories","33":"tag-uutiset"},"share_on_mastodon":{"url":"https:\/\/pubeurope.com\/@fi\/115763935189808345","error":""},"_links":{"self":[{"href":"https:\/\/www.europesays.com\/fi\/wp-json\/wp\/v2\/posts\/123252","targetHints":{"allow":["GET"]}}],"collection":[{"href":"https:\/\/www.europesays.com\/fi\/wp-json\/wp\/v2\/posts"}],"about":[{"href":"https:\/\/www.europesays.com\/fi\/wp-json\/wp\/v2\/types\/post"}],"author":[{"embeddable":true,"href":"https:\/\/www.europesays.com\/fi\/wp-json\/wp\/v2\/users\/2"}],"replies":[{"embeddable":true,"href":"https:\/\/www.europesays.com\/fi\/wp-json\/wp\/v2\/comments?post=123252"}],"version-history":[{"count":0,"href":"https:\/\/www.europesays.com\/fi\/wp-json\/wp\/v2\/posts\/123252\/revisions"}],"wp:featuredmedia":[{"embeddable":true,"href":"https:\/\/www.europesays.com\/fi\/wp-json\/wp\/v2\/media\/123253"}],"wp:attachment":[{"href":"https:\/\/www.europesays.com\/fi\/wp-json\/wp\/v2\/media?parent=123252"}],"wp:term":[{"taxonomy":"category","embeddable":true,"href":"https:\/\/www.europesays.com\/fi\/wp-json\/wp\/v2\/categories?post=123252"},{"taxonomy":"post_tag","embeddable":true,"href":"https:\/\/www.europesays.com\/fi\/wp-json\/wp\/v2\/tags?post=123252"}],"curies":[{"name":"wp","href":"https:\/\/api.w.org\/{rel}","templated":true}]}}