{"id":123256,"date":"2025-12-22T15:42:13","date_gmt":"2025-12-22T15:42:13","guid":{"rendered":"https:\/\/www.europesays.com\/fi\/123256\/"},"modified":"2025-12-22T15:42:13","modified_gmt":"2025-12-22T15:42:13","slug":"tero-on-tatuoinut-jopa-kasvonsa-%e2%88%92-tallaisia-kommentteja-han-saa","status":"publish","type":"post","link":"https:\/\/www.europesays.com\/fi\/123256\/","title":{"rendered":"Tero on tatuoinut jopa kasvonsa \u2212 t\u00e4llaisia kommentteja h\u00e4n saa"},"content":{"rendered":"<p class=\"ingress\">Tero Kivisen iholla on vain kaksi aluetta, jotka eiv\u00e4t ole tatuointikuvioiden peitossa. H\u00e4n arvelee olevansa Suomen tatuoiduin oikeustieteen tohtori. <\/p>\n<p>Edess\u00e4ni Teams-yhteyden p\u00e4\u00e4ss\u00e4 istuu sen n\u00e4k\u00f6inen mies, jollaista en mielell\u00e4ni haluaisi kohdata yksin pime\u00e4ll\u00e4 kujalla. H\u00e4nen ulkomuotoonsa j\u00e4\u00e4 katse melkein v\u00e4kisin kiinni.<\/p>\n<p>Tuijotuksen kohteena oleva <strong>Tero Kivinen,<\/strong> 41, on tottunut katseisiin. Niit\u00e4 h\u00e4n ker\u00e4\u00e4 kaikkialla minne vain kulkee. Siit\u00e4 pit\u00e4\u00e4 huolen lukematon m\u00e4\u00e4r\u00e4 tatuointeja, jotka peitt\u00e4v\u00e4t miehen kauttaaltaan.<\/p>\n<p>\u201dMeill\u00e4 on perhepiiriss\u00e4 tapana vitsailla t\u00e4st\u00e4. Kerran lupasin pojalleni euron jokaisesta kerrasta, jolloin joku tuijottaa is\u00e4\u00e4. Aika monta kymppi\u00e4 siit\u00e4 ehti kerty\u00e4\u201d, Tero kertoo.<\/p>\n<p>K\u00e4yt\u00e4nn\u00f6ss\u00e4 h\u00e4net koko ihonsa on tatuointikuvioiden peitossa. Yksitt\u00e4isten tatuointien tarkkaa lukum\u00e4\u00e4r\u00e4\u00e4 on mahdoton sanoa kuten my\u00f6s sit\u00e4, mist\u00e4 yksi tatuointi alkaa ja mihin toinen loppuu. Ilman tatuointia ovat l\u00e4hinn\u00e4 jalkapohjat ja \u201dalakerta\u201d, Tero paljastaa.<\/p>\n<p>\u201dItse ajattelen, ett\u00e4 minulla on yksi tatuointi. Se alkaa varpaista ja loppuu p\u00e4\u00e4lakeen\u201d, h\u00e4n nauraa.<\/p>\n<p>My\u00f6s huulet, silm\u00e4luomet ja n\u00e4nnit on h\u00e4nell\u00e4 tatuoitu. Usein h\u00e4nelt\u00e4 kysyt\u00e4\u00e4n, mik\u00e4 on ollut kaikkein kivuliain tatuointineulan alle joutunut alue.<\/p>\n<p>Vastaus on ehdottomasti n\u00e4nnit, Tero kertoo.<\/p>\n<p>\u201dSe oli ainoa kerta, kun huusin \u00e4\u00e4neen kivusta.\u201d<\/p>\n<p>Rahaa tatuointeihin on uponnut yhteens\u00e4 tuhansia euroja. Tarkka summa liikkuu jossakin 10 000 ja 20 000 euron v\u00e4liss\u00e4, Tero arvelee.<\/p>\n<p><strong>Lue my\u00f6s:<\/strong> <a href=\"https:\/\/anna.fi\/hyvinvointi\/inkun-hoidolliset-tatuoinnit\" rel=\"nofollow noopener\" target=\"_blank\">Uskoisitko n\u00e4it\u00e4 tatuoinneiksi? Inkku tatuoi asiakkailleen n\u00e4nnej\u00e4 ja kynsi\u00e4 puuttuvien tilalle<\/a><\/p>\n<p>    <a href=\"https:\/\/anna.fi\/wp-content\/uploads\/2025\/11\/tatuoitu.jpg\" rel=\"nofollow noopener\" target=\"_blank\"><img fetchpriority=\"high\" decoding=\"async\" alt=\"\" class=\"wp-image-682714 awpo-lqip awpo-lazy\" width=\"1000\" height=\"1600\" style=\"--aspect-ratio: 0.63\" src=\"https:\/\/www.europesays.com\/fi\/wp-content\/uploads\/2025\/12\/tatuoitu.jpg\"\/><\/a><br \/>\n      V\u00e4it\u00f6stilaisuuteensa Tero pukeutui frakkiin. Tatuoinnit eiv\u00e4t ole olleet esteen\u00e4 h\u00e4nen ty\u00f6urallaan, h\u00e4n kertoo.      <\/p>\n<p>          \u00a9 Joona Palokangas        <\/p>\n<p>Pelottava ulkon\u00e4k\u00f6 pett\u00e4\u00e4<\/p>\n<p>Nopeasti haastattelun alkamisen j\u00e4lkeen selvi\u00e4\u00e4, ett\u00e4 pelottavalta vaikuttava ulkon\u00e4k\u00f6 pett\u00e4\u00e4. Tero on varsin leppoisan, suorastaan kiltin oloinen mies.<\/p>\n<p>H\u00e4n ei ole koskaan edes joutunut uhkaaviin tilanteisiin tai vaikeuksiin tatuointiensa takia. Kukaan ei ole tullut ryppyilem\u00e4\u00e4n tai haastamaan riitaa. Ei ehk\u00e4 ole uskaltanut, mutta kyll\u00e4 se mielikuva silti sitke\u00e4ss\u00e4 istuu, ett\u00e4 noin tatuoidut heput varmasti joutuvat tekemisiin riidanhaastajien kanssa, elleiv\u00e4t sitten itse ole sellaisia.<\/p>\n<p>\u201dMin\u00e4h\u00e4n olen sellainen kotikissa ja liikun vain rauhallisissa paikoissa\u201d, Tero kuvailee itse\u00e4\u00e4n. Ne kaksi kertaa, jolloin h\u00e4n on el\u00e4m\u00e4ss\u00e4\u00e4n kokenut tappeluun joutumisen uhkaa, ovat tapahtuneet ennen tatuointien ottamista eli teini-i\u00e4ss\u00e4.<\/p>\n<p>Silloin h\u00e4nell\u00e4 oli vasta unelma tatuoinnista, ensimm\u00e4isest\u00e4\u00e4n. Kallion lukiota k\u00e4yv\u00e4 nuorimies l\u00f6ysi koulunsa l\u00e4hist\u00f6lt\u00e4 tatuointiliike House of Painin, jossa k\u00e4vi selailemassa katalogeja ja haaveilemassa niiden kuvioista omalla ihollaan.<\/p>\n<p>Heti 18 vuotta t\u00e4ytetty\u00e4\u00e4n Tero tatuoinnin hankkikin. Pitk\u00e4\u00e4n ja hartaudella suunniteltu ys\u00e4ritribaali nakutettiin olkavarteen.<\/p>\n<p>Sen j\u00e4lkeen uusi tatuointi ilmestyi kehoon v\u00e4hint\u00e4\u00e4n vuoden tai kahden v\u00e4lein. Tyyli oli sekoitus ys\u00e4ritribaaleita, japanilaisvaikutteisia kuvioita ja \u201dfeikkipolynesialaista\u201d tyyli\u00e4, toisin sanoen mit\u00e4\u00e4n yhten\u00e4ist\u00e4 tyyli\u00e4 oli turha h\u00e4nest\u00e4 viel\u00e4 hakea.<\/p>\n<p><strong>Lue my\u00f6s Kotiliesi.fi: <\/strong><a href=\"https:\/\/kotiliesi.fi\/kasityo\/kasityotatuoinnit\/\" rel=\"nofollow noopener\" target=\"_blank\">7 k\u00e4sit\u00f6it\u00e4 rakastavaa naista kertoo tatuointinsa tarinan: \u201dKutominen piti minut j\u00e4rjiss\u00e4ni\u201d<\/a><\/p>\n<p>Polynesialaista taidetta iholla<\/p>\n<p>Jossakin vaiheessa parinkympin korvilla Tero tajusi tykk\u00e4\u00e4v\u00e4ns\u00e4 eniten polynesialaisvaikutteisista tatuoinneistaan. H\u00e4n alkoi perehty\u00e4 tyyliin tarkemmin ja havaitsi, ett\u00e4 Polynesiassa todella sijaitsee saariryhm\u00e4, josta tyyli on per\u00e4isin.<\/p>\n<p>Nyt h\u00e4net on 80\u201390 -prosenttisesti tatuoitu kuvioilla, jotka ovat saaneet vaikutteensa Ranskan Polynesian Marquesassaarilta. Ne kaikki on h\u00e4nelle tehnyt sama artisti.<\/p>\n<p>Miksi juuri t\u00e4m\u00e4 tyyli?<\/p>\n<p>Laji valitsi ihmisen, Tero vastaa. H\u00e4n kertoo altistuneensa tyylille parikymppisen\u00e4, ja jokin siin\u00e4 vieh\u00e4tti niin, ettei h\u00e4n p\u00e4\u00e4ssyt siit\u00e4 yli.<\/p>\n<p>\u201dSiihen aikaan ei ollut l\u00e4hdemateriaalia niin helposti saatavilla kuin nykyisin, ja alkuun luulin tyylin olevan vain jonkun artistin keksim\u00e4 oma juttu. Sitten sainkin tiedon, ett\u00e4 kyseess\u00e4 on ihan oikea kulttuurityyli ja kaikilla kuvioilla lis\u00e4ksi on syv\u00e4llinen merkitys ja hieno tarina taustalla.\u201d<\/p>\n<p>Ne kuvaavat Marquessaarten alkuper\u00e4isasukkaiden uskomuksia ja tapaansa el\u00e4\u00e4 ennen l\u00e4nsimaisten valloittajien saapumista: ihmis- tai jumalhahmoja, el\u00e4imi\u00e4, luontoa, objekteja, el\u00e4m\u00e4n merkityksellisi\u00e4 asioita.<\/p>\n<p><strong>Lue my\u00f6s:<\/strong> <a href=\"https:\/\/anna.fi\/lifestyle\/kauneus\/elisabethilla-on-tatuointi-jota-han-ei-olisi-halunnut-iholleen-en-kehdannut-sanoa-mitaan\" rel=\"nofollow noopener\" target=\"_blank\">Elisabethilla on tatuointi, jota h\u00e4n ei olisi halunnut iholleen: \u201dEn kehdannut sanoa mit\u00e4\u00e4n\u201d<\/a><\/p>\n<p>Suuri kunnioitus kuvioiden symboliikkaa kohtaan<\/p>\n<p>Kaikki merkitykset ovat t\u00e4ss\u00e4 tyyliss\u00e4 my\u00f6nteisi\u00e4, eik\u00e4 esimerkiksi h\u00e4pe\u00e4- tai rangaistustatuointeja tunneta. Isoja alueita iholta vedet\u00e4\u00e4n tyyliss\u00e4 my\u00f6s mustaksi. Se n\u00e4hd\u00e4\u00e4n ik\u00e4\u00e4n kuin suojapanssaria maailmaa vastaan.<\/p>\n<p>\u201dEsimerkiksi ravulla on suojakuori, joka suojaa maailmalta, mutta me ihmiset olemme heikkoja ja alastomia ja meid\u00e4t pit\u00e4\u00e4 tatuoida, jotta saamme saman suojan\u201d, Tero kuvaa.<\/p>\n<p>N\u00e4in sanoessaan h\u00e4n n\u00e4ytt\u00e4\u00e4 suosikkitatuointiaan, k\u00e4mmenpohjaan tatuoitua tyylitelty\u00e4 rapua. <\/p>\n<p>Kuvion nimi on paki\u2019ei eli rapu suojapanssareineen.<\/p>\n<p>\u201dRapu n\u00e4hd\u00e4\u00e4n my\u00f6s sanansaattajana ja universumin symbolina eli sill\u00e4 on isoja merkityksi\u00e4.\u201d<\/p>\n<p>Kuvio puhuttelee Teroa, vaikkei h\u00e4n itse\u00e4\u00e4n taikauskoiseksi m\u00e4\u00e4rittelek\u00e4\u00e4n. H\u00e4n suhtautuu kuvioihin ennen kaikkea suurella kunnioituksella.<\/p>\n<p>\u201dOn ilmiselv\u00e4\u00e4, ett\u00e4 en l\u00e4htisi tekem\u00e4\u00e4n n\u00e4it\u00e4 kuvioita, ellen olisi niihin tarkkaan perehtynyt ja lukenut kirjallisuutta. En k\u00e4ytt\u00e4isi kuvioita, joita en ymm\u00e4rr\u00e4, enk\u00e4 k\u00e4ytt\u00e4isi niit\u00e4 pilkallisella tai v\u00e4\u00e4r\u00e4ll\u00e4 tavalla.\u201d<\/p>\n<p>Kulttuurisesta omimisesta syyttely\u00e4 Teron ei my\u00f6sk\u00e4\u00e4n ole tarvinnut pel\u00e4t\u00e4. <\/p>\n<p>H\u00e4n on keskustellut kuvioista somen v\u00e4lityksell\u00e4 my\u00f6s joidenkin alkuper\u00e4iskansan edustajien kanssa. Perinteinen tatuointikulttuuri on heill\u00e4 alkanut elpy\u00e4 l\u00e4nsimaiden valloitusten j\u00e4lkeisest\u00e4 t\u00e4yskiellosta, ja he ovat innoissaan siit\u00e4, ett\u00e4 heid\u00e4n kuvionsa levi\u00e4v\u00e4t maailmalle.<\/p>\n<p>\u201dTatuointikulttuuri perustuu aina vaikutteille\u201d, Tero huomauttaa.<\/p>\n<blockquote class=\"instagram-media\" data-instgrm-permalink=\"https:\/\/www.instagram.com\/p\/DMxicppC2tC\/?utm_source=ig_embed&amp;utm_campaign=loading\" data-instgrm-version=\"14\" style=\" background:#FFF; border:0; border-radius:3px; box-shadow:0 0 1px 0 rgba(0,0,0,0.5),0 1px 10px 0 rgba(0,0,0,0.15); margin: 1px; max-width:540px; min-width:326px; padding:0; width:99.375%; width:-webkit-calc(100% - 2px); width:calc(100% - 2px);\"\/>\n<p>Tatuoitu lakimies her\u00e4tt\u00e4\u00e4 enemm\u00e4n huomiota vapaalla kuin ty\u00f6ss\u00e4: \u201dEiv\u00e4t ole olleet esteen\u00e4 ty\u00f6uralla\u201d<\/p>\n<p>Tatuointien m\u00e4\u00e4r\u00e4 sin\u00e4ns\u00e4 riitt\u00e4isi jo kiinnitt\u00e4m\u00e4\u00e4n Teroon huomiota, mutta sitten leuat vasta saattavatkin loksahtaa, kun puhe k\u00e4\u00e4ntyy h\u00e4nen lakimiehen ammattiinsa.<\/p>\n<p>Tatuointeja kun on totuttu oikeussaleissa n\u00e4kem\u00e4\u00e4n enemm\u00e4nkin syytettyjen penkill\u00e4. <\/p>\n<p>H\u00e4mm\u00e4stytt\u00e4v\u00e4\u00e4 mutta totta, Tero ei ole ty\u00f6ss\u00e4\u00e4n kokenut juurikaan ihmettely\u00e4 tai ennakkoluuloja tatuointiensa takia. <\/p>\n<p>\u201dTatuoinnit eiv\u00e4t ole olleet esteen\u00e4 ty\u00f6uralla\u201d, h\u00e4n sanoo.<\/p>\n<p>H\u00e4n tosin on t\u00e4h\u00e4n menness\u00e4 pysynyt oikeussaleista poissa ja ty\u00f6skennellyt kansainv\u00e4lisen oikeuden ja el\u00e4injuridiikan tutkijana Helsingin yliopiston oikeustieteellisess\u00e4 tiedekunnassa.<\/p>\n<p>Siell\u00e4 h\u00e4n aloitti opinnot heti lukion j\u00e4lkeen eli muutaman tatuoinnin kanssa. Vuosien varrella iho on peittynyt ja perusopinnot vaihtuneet ensin v\u00e4it\u00f6skirjatutkimukseen ja sitten tutkijan virkaan. <\/p>\n<p>Yliopistomaailma on siis ik\u00e4\u00e4n kuin tatuointi kerrallaan tottunut h\u00e4nen lakimiehen stereotypian vastaiseen ulkoiseen olemukseensa. <\/p>\n<p><strong>Lue my\u00f6s:<\/strong> <a href=\"https:\/\/anna.fi\/lifestyle\/kauneus\/pienet-tatuoinnit-kasissa-ovat-uusi-tapa-rakastaa-ihoaan-talta-haluttu-tyyli-nayttaa-heimolaisuutta-ja-kuuluvuuden-tunnetta\" rel=\"nofollow noopener\" target=\"_blank\">Pienet tatuoinnit k\u00e4siss\u00e4 ovat uusi tapa rakastaa ihoaan \u2013 t\u00e4lt\u00e4 haluttu tyyli n\u00e4ytt\u00e4\u00e4: \u201dHeimolaisuutta ja kuuluvuuden tunnetta\u201d<\/a><\/p>\n<p>Ennakkoluuloja murtamassa<\/p>\n<p>My\u00f6sk\u00e4\u00e4n ty\u00f6- tai koulutusmatkoilla ulkomailla h\u00e4n ei ole sen kummempia ihmettelyj\u00e4 kohdannut, puhumattakaan ep\u00e4asiallisesta k\u00e4yt\u00f6ksest\u00e4. Katseita ja tuijottelua tulee l\u00e4hinn\u00e4 vain yksityisel\u00e4m\u00e4n puolella.<\/p>\n<p>Tero kokee, ett\u00e4 on omalta osaltaan murtamassa ennakkoluuloja.<\/p>\n<p>\u201dBrittil\u00e4iset vaihto-oppilaat tulivat kerran kommentoimaan, ettei heid\u00e4n kotiyliopistossaan voisi ikimaailmassa olla tatuoitu ihminen lehtorina. Heille oli h\u00e4mm\u00e4stytt\u00e4v\u00e4 kulttuurikokemus, ett\u00e4 Suomessa voi.\u201d<\/p>\n<p>Saattaa olla, ett\u00e4 tatuoitu lakimies n\u00e4hd\u00e4\u00e4n tulevaisuudessa my\u00f6s oikeussalissa. Tero ei nimitt\u00e4in sulje pois oma praktiikan avaamisen mahdollisuutta jossakin vaiheessa el\u00e4m\u00e4\u00e4. Sit\u00e4 ennen h\u00e4n kuitenkin keskittyy el\u00e4injuridiikan tutkimukseen ja vastik\u00e4\u00e4n aloitettuun tatuointiartistin virkaan.<\/p>\n<p>Katseisiin h\u00e4n on jo niin tottunut, ett\u00e4 niit\u00e4 oikeussalissakaan tuskin noteeraisi. <\/p>\n<p>Mutta vaikka tottumusta on, yksi asia jaksaa aina huvittaa h\u00e4nt\u00e4 ja perhett\u00e4.<\/p>\n<p>\u201dVaimoni ja 11-vuotiaan poikani kanssa mietimme, kuinka ihmeess\u00e4 isk\u00e4 aina jotenkin sattumalta joutuu turvatarkastuksiin lentokent\u00e4ll\u00e4 ja muualla. Mist\u00e4h\u00e4n kummasta se mahtaa johtua?\u201d Tero kysyy hymyillen ja n\u00e4ytt\u00e4\u00e4 kerta kaikkiaan sympaattiselta.<\/p>\n<p>Kaikkea muuta kuin pelottava on t\u00e4m\u00e4 tatuoitu lakimies. <\/p>\n<p>    Sinua voi kiinnostaa my\u00f6s:<\/p>\n<ol class=\"read-also__list\">\n<li>\n<p>            <img loading=\"lazy\" decoding=\"async\" class=\"card__image awpo-lqip awpo-lazy\" width=\"1335\" height=\"835\" src=\"https:\/\/www.europesays.com\/fi\/wp-content\/uploads\/2025\/12\/wikmanit.jpg\"\/>                <a href=\"https:\/\/anna.fi\/kategoria\/ihmiset\" class=\"card__vignette\" rel=\"nofollow noopener\" target=\"_blank\"><br \/>\n            Ihmiset          <\/a><\/p>\n<p>      <a href=\"https:\/\/anna.fi\/ihmiset\/erika-ja-jennika-vikmanin-tatuoinnit\" class=\"card__link-overlay\" rel=\"nofollow noopener\" target=\"_blank\">Erika ja Jennika Vikman ottivat samanlaiset tatuoinnit<\/a><\/p>\n<\/li>\n<li>\n<p>            <img loading=\"lazy\" decoding=\"async\" class=\"card__image awpo-lqip awpo-lazy\" width=\"1260\" height=\"800\" src=\"https:\/\/www.europesays.com\/fi\/wp-content\/uploads\/2025\/12\/ella.jpg\"\/>                <a href=\"https:\/\/anna.fi\/kategoria\/ihmiset\" class=\"card__vignette\" rel=\"nofollow noopener\" target=\"_blank\"><br \/>\n            Ihmiset          <\/a><\/p>\n<p>      <a href=\"https:\/\/anna.fi\/ihmiset\/tatuoinnit-neulehousut-ja-virkatut-bikinit-kamala-harrisin-tytarpuoli-ella-emhoff-22-on-uusi-tyyli-ikoni-joka-muuttaa-maailmaa-neulomalla\" class=\"card__link-overlay\" rel=\"nofollow noopener\" target=\"_blank\">Tatuoinnit, neulehousut ja virkatut bikinit! Kamala Harrisin tyt\u00e4rpuoli Ella Emhoff, 22, on uusi tyyli-ikoni, joka muuttaa maailmaa neulomalla<\/a><\/p>\n<\/li>\n<li>\n<p>            <img loading=\"lazy\" decoding=\"async\" class=\"card__image awpo-lqip awpo-lazy\" width=\"1260\" height=\"800\" src=\"https:\/\/www.europesays.com\/fi\/wp-content\/uploads\/2025\/12\/1260800tiajanne1.jpg\"\/>                <a href=\"https:\/\/anna.fi\/kategoria\/ihmiset\/viihde\" class=\"card__vignette\" rel=\"nofollow noopener\" target=\"_blank\"><br \/>\n            Viihde          <\/a><\/p>\n<p>      <a href=\"https:\/\/anna.fi\/ihmiset\/viihde\/talta-nayttavat-tis-parin-rakkaustatuoinnit-tia-ja-janne-ikuistivat-toistensa-nimikirjaimet-ihoonsa-alle-vuoden-seurustelun-jalkeen\" class=\"card__link-overlay\" rel=\"nofollow noopener\" target=\"_blank\">T\u00e4lt\u00e4 n\u00e4ytt\u00e4v\u00e4t TIS-parin rakkaustatuoinnit \u2013 Tia ja Janne ikuistivat toistensa nimikirjaimet ihoonsa alle vuoden seurustelun j\u00e4lkeen<\/a><\/p>\n<\/li>\n<\/ol>\n<p>      <script async src=\"\/\/www.instagram.com\/embed.js\"><\/script><\/p>\n","protected":false},"excerpt":{"rendered":"Tero Kivisen iholla on vain kaksi aluetta, jotka eiv\u00e4t ole tatuointikuvioiden peitossa. H\u00e4n arvelee olevansa Suomen tatuoiduin oikeustieteen&hellip;\n","protected":false},"author":2,"featured_media":123257,"comment_status":"","ping_status":"","sticky":false,"template":"","format":"standard","meta":{"footnotes":""},"categories":[136],"tags":[4771,4772,407,137,33,31,30,408,98,32,9548,109],"class_list":{"0":"post-123256","1":"post","2":"type-post","3":"status-publish","4":"format-standard","5":"has-post-thumbnail","7":"category-julkkikset","8":"tag-ammatinvalinta","9":"tag-ammatit","10":"tag-celebrities","11":"tag-entertainment","12":"tag-fi","13":"tag-finland","14":"tag-finnish","15":"tag-julkkikset","16":"tag-perhe","17":"tag-suomi","18":"tag-tatuoinnit","19":"tag-viihde"},"share_on_mastodon":{"url":"https:\/\/pubeurope.com\/@fi\/115763986370938872","error":""},"_links":{"self":[{"href":"https:\/\/www.europesays.com\/fi\/wp-json\/wp\/v2\/posts\/123256","targetHints":{"allow":["GET"]}}],"collection":[{"href":"https:\/\/www.europesays.com\/fi\/wp-json\/wp\/v2\/posts"}],"about":[{"href":"https:\/\/www.europesays.com\/fi\/wp-json\/wp\/v2\/types\/post"}],"author":[{"embeddable":true,"href":"https:\/\/www.europesays.com\/fi\/wp-json\/wp\/v2\/users\/2"}],"replies":[{"embeddable":true,"href":"https:\/\/www.europesays.com\/fi\/wp-json\/wp\/v2\/comments?post=123256"}],"version-history":[{"count":0,"href":"https:\/\/www.europesays.com\/fi\/wp-json\/wp\/v2\/posts\/123256\/revisions"}],"wp:featuredmedia":[{"embeddable":true,"href":"https:\/\/www.europesays.com\/fi\/wp-json\/wp\/v2\/media\/123257"}],"wp:attachment":[{"href":"https:\/\/www.europesays.com\/fi\/wp-json\/wp\/v2\/media?parent=123256"}],"wp:term":[{"taxonomy":"category","embeddable":true,"href":"https:\/\/www.europesays.com\/fi\/wp-json\/wp\/v2\/categories?post=123256"},{"taxonomy":"post_tag","embeddable":true,"href":"https:\/\/www.europesays.com\/fi\/wp-json\/wp\/v2\/tags?post=123256"}],"curies":[{"name":"wp","href":"https:\/\/api.w.org\/{rel}","templated":true}]}}