{"id":12327,"date":"2025-08-21T17:13:07","date_gmt":"2025-08-21T17:13:07","guid":{"rendered":"https:\/\/www.europesays.com\/fi\/12327\/"},"modified":"2025-08-21T17:13:07","modified_gmt":"2025-08-21T17:13:07","slug":"tutkijat-loysivat-avaruudesta-uuden-kuun-pieni-mutta-merkittava-loyto-uutisia-lyhyesti","status":"publish","type":"post","link":"https:\/\/www.europesays.com\/fi\/12327\/","title":{"rendered":"Tutkijat l\u00f6ysiv\u00e4t avaruudesta uuden kuun: \u201dPieni mutta merkitt\u00e4v\u00e4 l\u00f6yt\u00f6\u201d | Uutisia lyhyesti"},"content":{"rendered":"<p class=\"sc-jYczwO sc-dNFkOE bUKqJd eiHPxO yle__article__paragraph\">Teleskoopilla havaittu kuu on tutkijan mukaan pieni mutta merkitt\u00e4v\u00e4 l\u00f6yt\u00f6.<\/p>\n<p><img decoding=\"async\" alt=\"Havainnekuva Uranuksesta. Planeettaa ymp\u00e4r\u00f6iv\u00e4t sen renkaat ja useat kuut. \" src=\"https:\/\/www.europesays.com\/fi\/wp-content\/uploads\/2025\/08\/39-13790916734961e5b242.jpeg\" class=\"sc-dntSTA iywpZY\"\/><\/p>\n<p>Avaa kuvien katselu<\/p>\n<p>Uranusta kiert\u00e4\u00e4 joukko erikokoisia kuita. Pienemm\u00e4t kuut kiert\u00e4v\u00e4t sisemm\u00e4ll\u00e4 radalla kuin niit\u00e4 suuremmat kuut. Havainnekuva. Kuva: Universal Images Group \/ Getty Images<\/p>\n<p class=\"sc-jYczwO sc-ciCoXh bUKqJd cIOueB yle__article__paragraph\">Uranus-planeetan kiertoradalta on l\u00f6ydetty uusi kuu.<\/p>\n<p class=\"sc-jYczwO sc-ciCoXh bUKqJd cIOueB yle__article__paragraph\">Tiedeuutisesta kertoo Yhdysvaltain avaruushallinto <a class=\"sc-jDJeIs gotUgl yle__article__link\" href=\"https:\/\/science.nasa.gov\/blogs\/webb\/2025\/08\/19\/new-moon-discovered-orbiting-uranus-using-nasas-webb-telescope\/\" role=\"link\" rel=\"nofollow noopener\" target=\"_blank\">NASA<\/a>. NASAn julkaisemassa artikkelissa huomautetaan, ett\u00e4 tiedot eiv\u00e4t ole viel\u00e4 k\u00e4yneet l\u00e4pi vertaisarviointiprosessia.<\/p>\n<p class=\"sc-jYczwO sc-ciCoXh bUKqJd cIOueB yle__article__paragraph\">Uusi kuu on 14. j\u00e4sen pienikokoisten kuiden j\u00e4rjestelm\u00e4ss\u00e4, jotka kiert\u00e4v\u00e4t Uranuksen sisemp\u00e4\u00e4 rataa.<\/p>\n<p class=\"sc-jYczwO sc-ciCoXh bUKqJd cIOueB yle__article__paragraph\">Havainto uudesta kuusta tehtiin t\u00e4m\u00e4n vuoden helmikuussa NASAn James Webb -avaruusteleskoopin avulla. Havainnon my\u00f6t\u00e4 Uranuksella on nyt yhteens\u00e4 29 satelliittia.<\/p>\n<p class=\"sc-jYczwO sc-ciCoXh bUKqJd cIOueB yle__article__paragraph\">Vastik\u00e4\u00e4n l\u00f6ydetyn kuun halkaisijan arvioidaan olevan vain noin 10 kilometri\u00e4. Pienen kokonsa takia sit\u00e4 ei ole tiett\u00e4v\u00e4sti havaittu aiemmin muilla teleskoopeilla. Tutkijoiden mukaan kuu on my\u00f6s himme\u00e4.<\/p>\n<p class=\"sc-jYczwO sc-ciCoXh bUKqJd cIOueB yle__article__paragraph\">Uranus on Aurinkokuntamme <a class=\"sc-jDJeIs gotUgl yle__article__link\" href=\"https:\/\/yle.fi\/a\/74-20074757\" role=\"link\" rel=\"nofollow noopener\" target=\"_blank\">kaukaisimpia planeettoja<\/a>.<\/p>\n<p class=\"sc-jYczwO sc-ciCoXh bUKqJd cIOueB yle__article__paragraph\">Teleskoopilla havaittu kuu sijaitsee yli 56\u00a0000 kilometrin p\u00e4\u00e4ss\u00e4 Uranuksen keskipisteest\u00e4. Sill\u00e4 ei ole viel\u00e4 nime\u00e4.<\/p>\n<p class=\"sc-jYczwO sc-ciCoXh bUKqJd cIOueB yle__article__paragraph\">\u2013 Se on pieni kuu mutta merkitt\u00e4v\u00e4 l\u00f6yt\u00f6, jota edes NASAn Voyager 2 -avaruusalus ei n\u00e4hnyt ohilennollaan l\u00e4hes 40 vuotta sitten, tutkija <strong class=\"sc-eEHciv gtNhAX yle__article__strong\">Maryame El Moutamid<\/strong> sanoo.<\/p>\n","protected":false},"excerpt":{"rendered":"Teleskoopilla havaittu kuu on tutkijan mukaan pieni mutta merkitt\u00e4v\u00e4 l\u00f6yt\u00f6. Avaa kuvien katselu Uranusta kiert\u00e4\u00e4 joukko erikokoisia kuita.&hellip;\n","protected":false},"author":2,"featured_media":12328,"comment_status":"","ping_status":"","sticky":false,"template":"","format":"standard","meta":{"footnotes":""},"categories":[114],"tags":[453,33,31,30,5247,118,452,32,119,514,5246],"class_list":{"0":"post-12327","1":"post","2":"type-post","3":"status-publish","4":"format-standard","5":"has-post-thumbnail","7":"category-avaruus","8":"tag-avaruus","9":"tag-fi","10":"tag-finland","11":"tag-finnish","12":"tag-kuut","13":"tag-science","14":"tag-space","15":"tag-suomi","16":"tag-tiede","17":"tag-tutkijat","18":"tag-uranus"},"share_on_mastodon":{"url":"","error":""},"_links":{"self":[{"href":"https:\/\/www.europesays.com\/fi\/wp-json\/wp\/v2\/posts\/12327","targetHints":{"allow":["GET"]}}],"collection":[{"href":"https:\/\/www.europesays.com\/fi\/wp-json\/wp\/v2\/posts"}],"about":[{"href":"https:\/\/www.europesays.com\/fi\/wp-json\/wp\/v2\/types\/post"}],"author":[{"embeddable":true,"href":"https:\/\/www.europesays.com\/fi\/wp-json\/wp\/v2\/users\/2"}],"replies":[{"embeddable":true,"href":"https:\/\/www.europesays.com\/fi\/wp-json\/wp\/v2\/comments?post=12327"}],"version-history":[{"count":0,"href":"https:\/\/www.europesays.com\/fi\/wp-json\/wp\/v2\/posts\/12327\/revisions"}],"wp:featuredmedia":[{"embeddable":true,"href":"https:\/\/www.europesays.com\/fi\/wp-json\/wp\/v2\/media\/12328"}],"wp:attachment":[{"href":"https:\/\/www.europesays.com\/fi\/wp-json\/wp\/v2\/media?parent=12327"}],"wp:term":[{"taxonomy":"category","embeddable":true,"href":"https:\/\/www.europesays.com\/fi\/wp-json\/wp\/v2\/categories?post=12327"},{"taxonomy":"post_tag","embeddable":true,"href":"https:\/\/www.europesays.com\/fi\/wp-json\/wp\/v2\/tags?post=12327"}],"curies":[{"name":"wp","href":"https:\/\/api.w.org\/{rel}","templated":true}]}}