{"id":123272,"date":"2025-12-22T15:56:16","date_gmt":"2025-12-22T15:56:16","guid":{"rendered":"https:\/\/www.europesays.com\/fi\/123272\/"},"modified":"2025-12-22T15:56:16","modified_gmt":"2025-12-22T15:56:16","slug":"jouluhitistaan-tunnettu-laulaja-chris-rea-on-kuollut-kulttuuri","status":"publish","type":"post","link":"https:\/\/www.europesays.com\/fi\/123272\/","title":{"rendered":"Jouluhitist\u00e4\u00e4n tunnettu laulaja Chris Rea on kuollut | Kulttuuri"},"content":{"rendered":"<p class=\"aw-1gybjub aw-5vja16 kEtdKx kmuxyA yle__article__paragraph\">Rea muistetaan syv\u00e4st\u00e4, k\u00e4he\u00e4st\u00e4 \u00e4\u00e4nest\u00e4\u00e4n ja blues\u00advaikutteisesta musiikistaan.<\/p>\n<p><img decoding=\"async\" alt=\"Chris Rea esiintym\u00e4ss\u00e4.\" src=\"https:\/\/www.europesays.com\/fi\/wp-content\/uploads\/2025\/12\/39-1573763694966f38c558.jpeg\" class=\"aw-1l9m598 hKVVvP\"\/><\/p>\n<p>Avaa kuvien katselu<\/p>\n<p>Chris Rea muistetaan muun muassa hitist\u00e4 The Road to Hell. Kuva: Jason Sheldon \/ Shutterstock<\/p>\n<p>17:08\u2022P\u00e4ivitetty 17:51<\/p>\n<p class=\"aw-1gybjub aw-1p7kakr kEtdKx cEmitX yle__article__paragraph\">Jouluhitist\u00e4\u00e4n Driving Home for Christmas tunnettu laulaja <strong class=\"aw-ak79eh KyCXm yle__article__strong\">Chris Rea<\/strong> on kuollut 74-vuotiaana.<\/p>\n<p class=\"aw-1gybjub aw-1p7kakr kEtdKx cEmitX yle__article__paragraph\">Asiasta uutisoi brittil\u00e4inen <a class=\"aw-iao6s4 iHOxEa yle__article__link\" href=\"https:\/\/www.bbc.com\/news\/live\/c0q5g3v02qjt\" role=\"link\" rel=\"nofollow noopener\" target=\"_blank\">BBC<\/a>.<\/p>\n<p class=\"aw-1gybjub aw-1p7kakr kEtdKx cEmitX yle__article__paragraph\">Rean kuolemasta medialle ilmoitti laulajan perheen tiedottaja.<\/p>\n<p class=\"aw-1gybjub aw-1p7kakr kEtdKx cEmitX yle__article__paragraph\">Perheen mukaan Rea menehtyi maanantaina sairaalassa perheens\u00e4 ymp\u00e4r\u00f6im\u00e4n\u00e4 lyhyen sairauden j\u00e4lkeen.<\/p>\n<p class=\"aw-1gybjub aw-1p7kakr kEtdKx cEmitX yle__article__paragraph\">Rea syntyi Britannian Middlesbrough\u2019ssa vuonna 1951.<\/p>\n<p class=\"aw-1gybjub aw-1p7kakr kEtdKx cEmitX yle__article__paragraph\">Muusikko muistetaan erityisesti 1970- ja 1980-lukujen hiteist\u00e4\u00e4n, kuten Fool, Let&#8217;s Dance ja The Road to Hell. Artisti oli yksi brittil\u00e4isen rockin ja bluesin arvostetuimmista laulaja-lauluntekij\u00f6ist\u00e4.<\/p>\n<p class=\"aw-1gybjub aw-1p7kakr kEtdKx cEmitX yle__article__paragraph\">Rea oli itseoppinut kitaristi, joka hankki ensimm\u00e4isen instrumenttinsa verrattain my\u00f6h\u00e4\u00e4n, vasta parikymppisen\u00e4. Kitaralegendoista <strong class=\"aw-ak79eh KyCXm yle__article__strong\">Mark Knopflerista<\/strong> ja <strong class=\"aw-ak79eh KyCXm yle__article__strong\">Eric Claptonista<\/strong> puhuttaessa Rea on todennut, ett\u00e4 <a class=\"aw-iao6s4 iHOxEa yle__article__link\" href=\"https:\/\/www.belfasttelegraph.co.uk\/life\/singer-chris-rea-coping-with-not-having-a-pancreas-can-be-pretty-awful\/30780649.html\" role=\"link\" rel=\"nofollow noopener\" target=\"_blank\">h\u00e4n kokee<\/a> j\u00e4\u00e4neens\u00e4 junasta.<\/p>\n<p class=\"aw-1gybjub aw-1p7kakr kEtdKx cEmitX yle__article__paragraph\">\u2013 Blueskitaristi <strong class=\"aw-ak79eh KyCXm yle__article__strong\">Charlie Patton<\/strong> inspiroi minua aloittamaan soittamisen.<\/p>\n<p class=\"aw-1gybjub aw-1p7kakr kEtdKx cEmitX yle__article__paragraph\">Rean debyyttialbumi julkaistiin vuonna 1978. Yhteens\u00e4 h\u00e4n levytti uransa aikana yli kolmekymment\u00e4 albumia. Artisti mustetaan syv\u00e4st\u00e4, k\u00e4he\u00e4st\u00e4 \u00e4\u00e4nest\u00e4\u00e4n ja bluesvaikutteisesta musiikistaan.<\/p>\n<p class=\"aw-1gybjub aw-1p7kakr kEtdKx cEmitX yle__article__paragraph\">Laulaja k\u00e4rsi monista terveysongelmista. H\u00e4nell\u00e4 todettiin aiemmin haimasy\u00f6p\u00e4, ja h\u00e4nen haimansa poistettiin vuonna 2001.<\/p>\n<p class=\"aw-1gybjub aw-1p7kakr kEtdKx cEmitX yle__article__paragraph\">Rea sai aivohalvauksen vuonna 2016. Jo seuraavana vuonna h\u00e4n julkaisi seuraavan albuminsa ja l\u00e4hti Euroopan-kiertueelle. Kiertueen viimeiset konsertit jouduttiin perumaan terveyssyist\u00e4.<\/p>\n<p class=\"aw-1gybjub aw-1p7kakr kEtdKx cEmitX yle__article__paragraph\">Rean intohimoja olivat historialliset kilpa-autot sek\u00e4 journalismi, ja h\u00e4net tunnetaan my\u00f6s kuvataiteilijana.<\/p>\n<p class=\"aw-1gybjub aw-1p7kakr kEtdKx cEmitX yle__article__paragraph\">Etenkin autoharrastus kuuluu h\u00e4nen musiikissaan.<\/p>\n<p><img decoding=\"async\" alt=\"\" src=\"https:\/\/www.europesays.com\/fi\/wp-content\/uploads\/2025\/12\/13-1-4542589-1539156954469.jpeg\" class=\"aw-1l9m598 hKVVvP\"\/><\/p>\n","protected":false},"excerpt":{"rendered":"Rea muistetaan syv\u00e4st\u00e4, k\u00e4he\u00e4st\u00e4 \u00e4\u00e4nest\u00e4\u00e4n ja blues\u00advaikutteisesta musiikistaan. Avaa kuvien katselu Chris Rea muistetaan muun muassa hitist\u00e4 The&hellip;\n","protected":false},"author":2,"featured_media":123273,"comment_status":"","ping_status":"","sticky":false,"template":"","format":"standard","meta":{"footnotes":""},"categories":[5],"tags":[13312,22,23,26,27,33,31,30,17,20107,108,4223,24,25,28,29,47,15,18,21,32,19,20,16],"class_list":{"0":"post-123272","1":"post","2":"type-post","3":"status-publish","4":"format-standard","5":"has-post-thumbnail","7":"category-otsikot","8":"tag-blues","9":"tag-breaking-news","10":"tag-breakingnews","11":"tag-featured-news","12":"tag-featurednews","13":"tag-fi","14":"tag-finland","15":"tag-finnish","16":"tag-headlines","17":"tag-kitaristit","18":"tag-kulttuuri","19":"tag-kuolleet","20":"tag-latest-news","21":"tag-latestnews","22":"tag-main-news","23":"tag-mainnews","24":"tag-musiikki","25":"tag-news","26":"tag-otsikot","27":"tag-paauutiset","28":"tag-suomi","29":"tag-top-stories","30":"tag-topstories","31":"tag-uutiset"},"share_on_mastodon":{"url":"https:\/\/pubeurope.com\/@fi\/115764041354124777","error":""},"_links":{"self":[{"href":"https:\/\/www.europesays.com\/fi\/wp-json\/wp\/v2\/posts\/123272","targetHints":{"allow":["GET"]}}],"collection":[{"href":"https:\/\/www.europesays.com\/fi\/wp-json\/wp\/v2\/posts"}],"about":[{"href":"https:\/\/www.europesays.com\/fi\/wp-json\/wp\/v2\/types\/post"}],"author":[{"embeddable":true,"href":"https:\/\/www.europesays.com\/fi\/wp-json\/wp\/v2\/users\/2"}],"replies":[{"embeddable":true,"href":"https:\/\/www.europesays.com\/fi\/wp-json\/wp\/v2\/comments?post=123272"}],"version-history":[{"count":0,"href":"https:\/\/www.europesays.com\/fi\/wp-json\/wp\/v2\/posts\/123272\/revisions"}],"wp:featuredmedia":[{"embeddable":true,"href":"https:\/\/www.europesays.com\/fi\/wp-json\/wp\/v2\/media\/123273"}],"wp:attachment":[{"href":"https:\/\/www.europesays.com\/fi\/wp-json\/wp\/v2\/media?parent=123272"}],"wp:term":[{"taxonomy":"category","embeddable":true,"href":"https:\/\/www.europesays.com\/fi\/wp-json\/wp\/v2\/categories?post=123272"},{"taxonomy":"post_tag","embeddable":true,"href":"https:\/\/www.europesays.com\/fi\/wp-json\/wp\/v2\/tags?post=123272"}],"curies":[{"name":"wp","href":"https:\/\/api.w.org\/{rel}","templated":true}]}}