{"id":123274,"date":"2025-12-22T16:08:25","date_gmt":"2025-12-22T16:08:25","guid":{"rendered":"https:\/\/www.europesays.com\/fi\/123274\/"},"modified":"2025-12-22T16:08:25","modified_gmt":"2025-12-22T16:08:25","slug":"teemu-selanne-juhli-karaokebaarissa-seiska","status":"publish","type":"post","link":"https:\/\/www.europesays.com\/fi\/123274\/","title":{"rendered":"Teemu Sel\u00e4nne juhli karaokebaarissa | Seiska"},"content":{"rendered":"<p class=\"subtitle \">Suomen yksi seuratuimmista ex-j\u00e4\u00e4kiekkoilijoista Teemu Sel\u00e4nne hurmasi karaokelauluillaan juhlakansaa.<\/p>\n<p class=\"article-content article-content-width !bg-background\"> sai perjantaina (19.12.) karaokebaari Pata\u00e4ss\u00e4n asiakkaat sekaisin, kun h\u00e4n tarttui mikrofoniin per\u00e4ti kahdesti.<\/p>\n<p class=\"font-weight-bold m-font-weight-bold article-content article-content-width !bg-background\">Video: Teemu Sel\u00e4nne karaokessa<\/p>\n<p class=\"article-content article-content-width !bg-background\">Teemu esitti bravuurinsa,  tunnetuksi tekem\u00e4n Sankarit-laulun.<\/p>\n<p class=\"article-content article-content-width !bg-background\">Teemun tiedet\u00e4\u00e4n hoilanneen lempikaraokebiisi\u00e4\u00e4n aina 90-luvulta l\u00e4htien. Ei siis ihme, ett\u00e4 muut baarin asiakkaat suorastaan villiintyiv\u00e4t, kun kiekkosankari tarttui mikrofoniin.<\/p>\n<p>                <img decoding=\"async\" src=\"https:\/\/www.europesays.com\/fi\/wp-content\/uploads\/2025\/12\/2027718.webp\" width=\"576\" height=\"581\" alt=\"Teemu yll\u00e4tti karaokebaarissa. \u2013 H\u00e4n otti h\u00f6rpyt tuopista, ja sitten alkoi laulu, Seiska ihastellaan.\" loading=\"lazy\" \/>            <\/p>\n<p>\n            Teemu yll\u00e4tti karaokebaarissa. \u2013 H\u00e4n otti h\u00f6rpyt tuopista, ja sitten alkoi laulu, Seiska ihastellaan.<br \/>\n            Lukijan kuva\n        <\/p>\n<p class=\"article-content article-content-width !bg-background\">\u2013 Teemu vaikutti juhlivansa isossa yst\u00e4v\u00e4porukassa. Kun Teemu aloitti laulamisen, yst\u00e4v\u00e4t pitiv\u00e4t huolta siit\u00e4, ett\u00e4 Teemu sai laulaa rauhassa. He asettuivat Teemun ymp\u00e4rille puoliympyr\u00e4\u00e4n, mik\u00e4 olikin tarpeen, sill\u00e4 ihmiset yrittiv\u00e4t tunkea kiekkosankaria mahdollisimman l\u00e4helle.<\/p>\n<p>        <a itemprop=\"url\" href=\"https:\/\/www.seiska.fi\/kotimaa\/veera-selanne-haastoi-teemun-kiekkokoutsikseen\/2024193\" rel=\"nofollow noopener\" target=\"_blank\"><\/p>\n<p>\n&#8221;Oletko nyt ihan varma&#8230;&#8221;\n<\/p>\n<p class=\"section-date\">\n        <strong class=\"article-section\" data-section=\"kotimaa\"><br \/>\n            kotimaa<br \/>\n        <\/strong><br \/>\n        16.12. 20:54\n    <\/p>\n<p>Veera Sel\u00e4nne haastoi Teemun kiekkokoutsikseen\n    <\/p>\n<p itemprop=\"description\" class=\"subtitle \">\n    &#8221;Oletko varma, ett\u00e4 olet oikeak\u00e4tinen&#8221;, Teemu Sel\u00e4nne kysyy kesken l\u00e4mmiharjoitusten\n<\/p>\n<p>        <\/a><\/p>\n<p class=\"article-content article-content-width !bg-background\">\u2013 Vaikka perjantai-ilta oli jo vaihtunut lauantain puolelle, Teemun esiintymisess\u00e4 ei ollut havaittavissa v\u00e4symisen merkkej\u00e4, Patiksesta ihastellaan.<\/p>\n<p>Juhli pilkkuun saakka<\/p>\n<p class=\"article-content article-content-width !bg-background\">Teemun karaoke-esitys sai pian jatkoa, t\u00e4ll\u00e4 kertaa kiekkolegenda hoilasi syd\u00e4mens\u00e4 kyllyydest\u00e4  tutuksi tekem\u00e4\u00e4 Sininen ja valkoinen -kappaletta.<\/p>\n<p class=\"article-content article-content-width !bg-background\">\u2013 Vaikutti silt\u00e4, ett\u00e4 Teemulle tuo kappale oli eritt\u00e4in l\u00e4heinen, sill\u00e4 h\u00e4n osasi sanat hyvin ulkoa. Ehk\u00e4 laulu koskettaa Teemua erityisesti, onhan h\u00e4n tunnettu is\u00e4nmaallisuudestaan ja kyseisen laulun sanat ylist\u00e4v\u00e4t Suomea, Seiskalle pohditaan.<\/p>\n<p class=\"article-content article-content-width !bg-background\">Ylip\u00e4\u00e4t\u00e4\u00e4n Teemun ja h\u00e4nen yst\u00e4viens\u00e4 illanvietto Pata\u00e4ss\u00e4ss\u00e4 sujui tyylikk\u00e4\u00e4sti.<\/p>\n<p class=\"article-content article-content-width !bg-background\">\u2013 Vaikka Teemu ja h\u00e4nen yst\u00e4v\u00e4ns\u00e4 olivat selv\u00e4sti niin sanotusti vapaalla, ilta sujui kaikin puolin leppoisasti.<\/p>\n<p class=\"article-content article-content-width !bg-background\">\u2013 Teemu lauloi hyvin ja yst\u00e4v\u00e4porukalla oli iloinen meininki. Teemu viihtyi vanhassa kantakapakassaan aamunelj\u00e4\u00e4n saakka, Pata\u00e4ss\u00e4st\u00e4 raportoitiin.<\/p>\n<p>Joululomalla Suomessa<\/p>\n<p class=\"article-content article-content-width !bg-background\">Sel\u00e4nteet ovat olleet jo jonkin aikaa Suomessa.<\/p>\n<p class=\"article-content article-content-width !bg-background\">Joululomansa aikana Teemu on nauttinut my\u00f6s suomil\u00e4tk\u00e4st\u00e4, h\u00e4net on n\u00e4hty muun muassa seuraamassa Hifk:n matsia.<\/p>\n<p>        <a itemprop=\"url\" href=\"https:\/\/www.seiska.fi\/kotimaa\/teemu-selanteen-tyttarelta-karu-paljastus-isastaan\/1998924\" rel=\"nofollow noopener\" target=\"_blank\"><\/p>\n<p>\nTeemu Sel\u00e4nteen tyt\u00e4r Veera\n<\/p>\n<p class=\"section-date\">\n        <strong class=\"article-section\" data-section=\"kotimaa\"><br \/>\n            kotimaa<br \/>\n        <\/strong><br \/>\n        21.11. 08:28\n    <\/p>\n<p>Teemu Sel\u00e4nteen tytt\u00e4relt\u00e4 karu paljastus is\u00e4st\u00e4\u00e4n\n    <\/p>\n<p itemprop=\"description\" class=\"subtitle \">\n    Veera-tyt\u00e4r paljastaa, ett\u00e4 is\u00e4 kielsi h\u00e4nelt\u00e4 lapsuudenhaaveen tavoittelemisen.\n<\/p>\n<p>        <\/a><\/p>\n<p class=\"article-content article-content-width !bg-background\">Teemun -tytt\u00e4ren tekem\u00e4ss\u00e4 Instagram-postauksessa Teemu kuitenkin vakuutti, ett\u00e4 aikoo menn\u00e4 my\u00f6s entisen seuransa Jokereiden ottelua katsomaan.<\/p>\n<p class=\"article-content article-content-width !bg-background\">N\u00e4ht\u00e4v\u00e4ksi j\u00e4\u00e4, onnistuuko Teemu toteuttamaan t\u00e4m\u00e4n lupauksensa.<\/p>\n","protected":false},"excerpt":{"rendered":"Suomen yksi seuratuimmista ex-j\u00e4\u00e4kiekkoilijoista Teemu Sel\u00e4nne hurmasi karaokelauluillaan juhlakansaa. sai perjantaina (19.12.) karaokebaari Pata\u00e4ss\u00e4n asiakkaat sekaisin, kun h\u00e4n&hellip;\n","protected":false},"author":2,"featured_media":123275,"comment_status":"","ping_status":"","sticky":false,"template":"","format":"standard","meta":{"footnotes":""},"categories":[136],"tags":[407,137,33,31,30,1120,7509,22080,408,7623,22081,22082,32,3375,1700,109],"class_list":{"0":"post-123274","1":"post","2":"type-post","3":"status-publish","4":"format-standard","5":"has-post-thumbnail","7":"category-julkkikset","8":"tag-celebrities","9":"tag-entertainment","10":"tag-fi","11":"tag-finland","12":"tag-finnish","13":"tag-j-karjalainen","14":"tag-jokerit","15":"tag-jukka-kuoppamaki","16":"tag-julkkikset","17":"tag-karaoke","18":"tag-kiekkolegenda","19":"tag-pataassa","20":"tag-suomi","21":"tag-teemu-selanne","22":"tag-urheilulaji","23":"tag-viihde"},"share_on_mastodon":{"url":"https:\/\/pubeurope.com\/@fi\/115764088421324464","error":""},"_links":{"self":[{"href":"https:\/\/www.europesays.com\/fi\/wp-json\/wp\/v2\/posts\/123274","targetHints":{"allow":["GET"]}}],"collection":[{"href":"https:\/\/www.europesays.com\/fi\/wp-json\/wp\/v2\/posts"}],"about":[{"href":"https:\/\/www.europesays.com\/fi\/wp-json\/wp\/v2\/types\/post"}],"author":[{"embeddable":true,"href":"https:\/\/www.europesays.com\/fi\/wp-json\/wp\/v2\/users\/2"}],"replies":[{"embeddable":true,"href":"https:\/\/www.europesays.com\/fi\/wp-json\/wp\/v2\/comments?post=123274"}],"version-history":[{"count":0,"href":"https:\/\/www.europesays.com\/fi\/wp-json\/wp\/v2\/posts\/123274\/revisions"}],"wp:featuredmedia":[{"embeddable":true,"href":"https:\/\/www.europesays.com\/fi\/wp-json\/wp\/v2\/media\/123275"}],"wp:attachment":[{"href":"https:\/\/www.europesays.com\/fi\/wp-json\/wp\/v2\/media?parent=123274"}],"wp:term":[{"taxonomy":"category","embeddable":true,"href":"https:\/\/www.europesays.com\/fi\/wp-json\/wp\/v2\/categories?post=123274"},{"taxonomy":"post_tag","embeddable":true,"href":"https:\/\/www.europesays.com\/fi\/wp-json\/wp\/v2\/tags?post=123274"}],"curies":[{"name":"wp","href":"https:\/\/api.w.org\/{rel}","templated":true}]}}