{"id":123276,"date":"2025-12-22T16:11:08","date_gmt":"2025-12-22T16:11:08","guid":{"rendered":"https:\/\/www.europesays.com\/fi\/123276\/"},"modified":"2025-12-22T16:11:08","modified_gmt":"2025-12-22T16:11:08","slug":"ensitreffit-matti-julkaisi-kuvia-poikansa-ristiaisista","status":"publish","type":"post","link":"https:\/\/www.europesays.com\/fi\/123276\/","title":{"rendered":"Ensitreffit-Matti julkaisi kuvia poikansa risti\u00e4isist\u00e4"},"content":{"rendered":"<p><strong class=\"typography-bold\">Ensitreffit-Matista tuli is\u00e4 lokakuun alussa.<\/strong><\/p>\n<p><a class=\"cursor-pointer underline\" data-testid=\"internal-link\" role=\"link\" data-sentry-element=\"Link\" data-sentry-component=\"InternalLink\" data-sentry-source-file=\"InternalLink.tsx\" href=\"https:\/\/www.mtvuutiset.fi\/aihe\/ensitreffit-alttarilla\/6891598\" rel=\"nofollow noopener\" target=\"_blank\">Ensitreffit alttarilla<\/a> -ohjelmasta tuttu <strong class=\"typography-bold\">Matti Lepist\u00f6<\/strong> ja h\u00e4nen puolisonsa saivat ensimm\u00e4isen yhteisen lapsensa lokakuun alussa. Viime viikonloppuna perheess\u00e4 vietettiin parin esikoisen risti\u00e4isi\u00e4.<\/p>\n<p>\u2013 H\u00e4n sai kasteessa nimekseen <strong class=\"typography-bold\">Patrik Olli Juhamatti Lepist\u00f6<\/strong>. Meille h\u00e4n on ollut Pate jo kauan ennen syntym\u00e4\u00e4ns\u00e4. P\u00e4iv\u00e4 oli kaunis ja iloinen.<\/p>\n<p>\u2013 Juhlien alla huolestutti, koska olin koko viikon kipe\u00e4n\u00e4. Onneksi tauti ei tarttunut ja se hellitti viime hetkell\u00e4, joten p\u00e4\u00e4simme nauttimaan t\u00e4st\u00e4 t\u00e4rke\u00e4st\u00e4 p\u00e4iv\u00e4st\u00e4 tervein\u00e4, Lepist\u00f6 kirjoittaa julkaisun yhteyteen.<\/p>\n<p>Jos julkaisu ei n\u00e4y, voit katsoa sen <a class=\"underline\" data-testid=\"external-link\" href=\"https:\/\/www.instagram.com\/p\/DSkJjrWiD33\/?img_index=1\" rel=\"noopener noreferrer nofollow\" target=\"_blank\" data-sentry-component=\"ExternalLink\" data-sentry-source-file=\"ExternalLink.tsx\">t\u00e4st\u00e4<\/a>.<\/p>\n<p>Lue my\u00f6s: <a class=\"cursor-pointer underline\" data-testid=\"internal-link\" role=\"link\" data-sentry-element=\"Link\" data-sentry-component=\"InternalLink\" data-sentry-source-file=\"InternalLink.tsx\" href=\"https:\/\/www.mtvuutiset.fi\/artikkeli\/ensitreffit-matista-tuli-isa-jakoi-sopot-kuvat-pienokaisesta\/9236350\" rel=\"nofollow noopener\" target=\"_blank\">Ensitreffit-Matista tuli is\u00e4 \u2013 jakoi s\u00f6p\u00f6t kuvat pienokaisesta<\/a><\/p>\n<p>Lepist\u00f6 tapasi nykyisen rakkaansa Ensitreffit alttarilla -ohjelmassa solmitun avioliittonsa p\u00e4\u00e4ttymisen j\u00e4lkeen. H\u00e4n kertoi viime vuoden\u00a0<a class=\"underline\" data-testid=\"external-link\" href=\"https:\/\/www.mtvuutiset.fi\/artikkeli\/ensitreffit-matti-vahvistaa-yllatysuutisen-mtv-lle-loysi-uuden-kumppanin-rinnalleen-olen-tavannut-ihanan-naisen\/8882580#gs.bstjec\" rel=\"noopener noreferrer nofollow\" target=\"_blank\" data-sentry-component=\"ExternalLink\" data-sentry-source-file=\"ExternalLink.tsx\">helmikuussa MTV Uutisille<\/a>, ett\u00e4 h\u00e4n ja h\u00e4nen nykyinen kumppaninsa tapasivat toisensa sosiaalisessa mediassa viestien kautta.<\/p>\n<p>Tuolloin Lepist\u00f6 kertoi, ett\u00e4 uusi kumppani l\u00f6ytyi yll\u00e4tt\u00e4en.<\/p>\n<p>\u2013 Onhan se aina jollain tavalla ihme, kun tapaa semmoisen ihmisen, jonka kanssa vain kolahtaa samantien tosi hyvin yhteen ja on semmoinen tunne, ett\u00e4 h\u00e4n ymm\u00e4rt\u00e4\u00e4 minua ja min\u00e4 h\u00e4nt\u00e4. Tuommoiset usein tulevat yll\u00e4tt\u00e4en, ja kun ei ole hakemalla hakenut toista, h\u00e4n kertoi.\u00a0<\/p>\n<p><script async src=\"\/\/www.instagram.com\/embed.js\"><\/script><\/p>\n","protected":false},"excerpt":{"rendered":"Ensitreffit-Matista tuli is\u00e4 lokakuun alussa. Ensitreffit alttarilla -ohjelmasta tuttu Matti Lepist\u00f6 ja h\u00e4nen puolisonsa saivat ensimm\u00e4isen yhteisen lapsensa&hellip;\n","protected":false},"author":2,"featured_media":56323,"comment_status":"","ping_status":"","sticky":false,"template":"","format":"standard","meta":{"footnotes":""},"categories":[133],"tags":[137,33,31,30,32,206,156,109],"class_list":{"0":"post-123276","1":"post","2":"type-post","3":"status-publish","4":"format-standard","5":"has-post-thumbnail","7":"category-televisiot","8":"tag-entertainment","9":"tag-fi","10":"tag-finland","11":"tag-finnish","12":"tag-suomi","13":"tag-televisiot","14":"tag-tv","15":"tag-viihde"},"share_on_mastodon":{"url":"https:\/\/pubeurope.com\/@fi\/115764100000450501","error":""},"_links":{"self":[{"href":"https:\/\/www.europesays.com\/fi\/wp-json\/wp\/v2\/posts\/123276","targetHints":{"allow":["GET"]}}],"collection":[{"href":"https:\/\/www.europesays.com\/fi\/wp-json\/wp\/v2\/posts"}],"about":[{"href":"https:\/\/www.europesays.com\/fi\/wp-json\/wp\/v2\/types\/post"}],"author":[{"embeddable":true,"href":"https:\/\/www.europesays.com\/fi\/wp-json\/wp\/v2\/users\/2"}],"replies":[{"embeddable":true,"href":"https:\/\/www.europesays.com\/fi\/wp-json\/wp\/v2\/comments?post=123276"}],"version-history":[{"count":0,"href":"https:\/\/www.europesays.com\/fi\/wp-json\/wp\/v2\/posts\/123276\/revisions"}],"wp:featuredmedia":[{"embeddable":true,"href":"https:\/\/www.europesays.com\/fi\/wp-json\/wp\/v2\/media\/56323"}],"wp:attachment":[{"href":"https:\/\/www.europesays.com\/fi\/wp-json\/wp\/v2\/media?parent=123276"}],"wp:term":[{"taxonomy":"category","embeddable":true,"href":"https:\/\/www.europesays.com\/fi\/wp-json\/wp\/v2\/categories?post=123276"},{"taxonomy":"post_tag","embeddable":true,"href":"https:\/\/www.europesays.com\/fi\/wp-json\/wp\/v2\/tags?post=123276"}],"curies":[{"name":"wp","href":"https:\/\/api.w.org\/{rel}","templated":true}]}}