{"id":123283,"date":"2025-12-22T16:20:09","date_gmt":"2025-12-22T16:20:09","guid":{"rendered":"https:\/\/www.europesays.com\/fi\/123283\/"},"modified":"2025-12-22T16:20:09","modified_gmt":"2025-12-22T16:20:09","slug":"usa-keskeytti-tanskalaiset-tuulivoimalahankkeet-kansallisen-turvallisuuden-vuoksi-uutisia-lyhyesti","status":"publish","type":"post","link":"https:\/\/www.europesays.com\/fi\/123283\/","title":{"rendered":"USA keskeytti tanskalaiset tuulivoimalahankkeet \u201dkansallisen turvallisuuden vuoksi\u201d | Uutisia lyhyesti"},"content":{"rendered":"<p class=\"aw-1gybjub aw-5vja16 kEtdKx kmuxyA yle__article__paragraph\">Yhdysvallat on keskeytt\u00e4nyt viisi merituulivoimalahanketta kansalliseen turvallisuusuhkaan vedoten.<\/p>\n<p class=\"aw-1gybjub aw-1p7kakr kEtdKx cEmitX yle__article__paragraph\">Yhdysvaltain sis\u00e4ministeri\u00f6 kertoi maanantaina p\u00e4\u00e4tt\u00e4neens\u00e4 keskeytt\u00e4\u00e4 yhteens\u00e4 viisi merituulivoimalahanketta Yhdysvaltain it\u00e4rannikolla.<\/p>\n<p class=\"aw-1gybjub aw-1p7kakr kEtdKx cEmitX yle__article__paragraph\">Merituulivoimahankkeisiin kuuluu kaksi tanskalaisten \u00d8rstedin kehitt\u00e4m\u00e4\u00e4 hanketta sek\u00e4 yksi, jonka takana on tanskalainen Copenhagen Infrastructure Partners.<\/p>\n<p class=\"aw-1gybjub aw-1p7kakr kEtdKx cEmitX yle__article__paragraph\">Yhdess\u00e4 hankkeessa tuulivoimalat oli tarkoitus toimittaa tanskalaiselta yhti\u00f6lt\u00e4 Vestakselta, tanskalainen <a class=\"aw-iao6s4 iHOxEa yle__article__link\" href=\"https:\/\/www.dr.dk\/nyheder\/penge\/trump-gaar-igen-til-angreb-paa-danske-havvind-projekter-i-usa\" role=\"link\" rel=\"nofollow noopener\" target=\"_blank\">DR <\/a>kertoo.<\/p>\n<p class=\"aw-1gybjub aw-1p7kakr kEtdKx cEmitX yle__article__paragraph\">Yhdysvaltain sis\u00e4ministeri <strong class=\"aw-ak79eh KyCXm yle__article__strong\">Doug Burgum<\/strong> kertoi maanantaina X:ss\u00e4, ett\u00e4 keskeytyksen syyn\u00e4 on Yhdysvaltojen kansallinen turvallisuus.<\/p>\n<p class=\"aw-1gybjub aw-1p7kakr kEtdKx cEmitX yle__article__paragraph\">P\u00e4ivityksess\u00e4\u00e4n Burgum kuvailee merituulivoimaa kalliiksi, ep\u00e4luotettavaksi ja valtion voimakkaasti tukemaksi.<\/p>\n<p class=\"aw-1gybjub aw-1p7kakr kEtdKx cEmitX yle__article__paragraph\">Burgum ilmoitti tanskalaisten hankkeiden keskeytt\u00e4misest\u00e4 samana p\u00e4iv\u00e4n\u00e4, kun Yhdysvaltain presidentti <strong class=\"aw-ak79eh KyCXm yle__article__strong\">Donald Trump<\/strong> nimitti Louisianan republikaanikuvern\u00f6\u00f6ri <strong class=\"aw-ak79eh KyCXm yle__article__strong\">Jeff Landryn<\/strong> Yhdysvaltain Gr\u00f6nlannin-erityisl\u00e4hettil\u00e4\u00e4ksi.<\/p>\n<p class=\"aw-1gybjub aw-1p7kakr kEtdKx cEmitX yle__article__paragraph\">Trump on yleens\u00e4 nimitt\u00e4nyt Yhdysvalloille erityisl\u00e4hettil\u00e4it\u00e4 vain konfliktialueille.<\/p>\n<p>Tuulivoimalat ovat turvallisuusuhka<\/p>\n<p class=\"aw-1gybjub aw-1p7kakr kEtdKx cEmitX yle__article__paragraph\">Sis\u00e4ministeri\u00f6 toteaa lehdist\u00f6tiedotteessaan, ett\u00e4 tuulivoimaloihin liittyv\u00e4t turvallisuusuhat ovat k\u00e4yneet ilmi Yhdysvaltain puolustusministeri\u00f6n salaisista raporteista.<\/p>\n<p class=\"aw-1gybjub aw-1p7kakr kEtdKx cEmitX yle__article__paragraph\">Uhista ei kerrota tarkemmin, mutta ministeri\u00f6n mukaan turvallisuusarvioon vaikuttaa se, ett\u00e4 tuulivoimalat on tarkoitus sijoittaa l\u00e4helle Yhdysvaltain it\u00e4rannikon suuria kaupunkeja.<\/p>\n<p class=\"aw-1gybjub aw-1p7kakr kEtdKx cEmitX yle__article__paragraph\">\u2013 Trumpin hallinto tulee aina asettamaan amerikkalaisten turvallisuuden etusijalle, ministeri\u00f6 kirjoittaa.<\/p>\n<p>Tanskalaisyhti\u00f6iden osakkeet sukelsivat<\/p>\n<p class=\"aw-1gybjub aw-1p7kakr kEtdKx cEmitX yle__article__paragraph\">AL Sydbankin osakeanalyysip\u00e4\u00e4llikk\u00f6 <strong class=\"aw-ak79eh KyCXm yle__article__strong\">Jacob Pedersen<\/strong> arvioi DR:n mukaan, ett\u00e4 yrityksille, joiden rakennushankkeet Yhdysvallat yll\u00e4tt\u00e4en keskeytti, p\u00e4\u00e4t\u00f6s on kova taloudellinen isku.<\/p>\n<p class=\"aw-1gybjub aw-1p7kakr kEtdKx cEmitX yle__article__paragraph\">\u00d8rstedin osake laski K\u00f6\u00f6penhaminan p\u00f6rssiss\u00e4 maanantaina 10 prosenttia ja Vestaksen osake 3,3 prosenttia.<\/p>\n<p class=\"aw-1gybjub aw-1p7kakr kEtdKx cEmitX yle__article__paragraph\">Tanskan ulkoministeri <strong class=\"aw-ak79eh KyCXm yle__article__strong\">Lars L\u00f8kke Rasmussen<\/strong>, Tanskan p\u00e4\u00e4ministeri <strong class=\"aw-ak79eh KyCXm yle__article__strong\">Mette Frederiksen<\/strong> ja Gr\u00f6nlannin p\u00e4\u00e4ministeri <strong class=\"aw-ak79eh KyCXm yle__article__strong\">Jens-Frederik Nielsen<\/strong> suhtautuivat kielteisesti Yhdysvaltain p\u00e4\u00e4t\u00f6kseen nimitt\u00e4\u00e4 erityisl\u00e4hettil\u00e4s.<\/p>\n<p class=\"aw-1gybjub aw-1p7kakr kEtdKx cEmitX yle__article__paragraph\">Ulkoministeri Rasmussen ilmoitti, ett\u00e4 kutsuu Yhdysvaltain Tanskan-suurl\u00e4hettil\u00e4\u00e4n puhutteluun.<\/p>\n<p class=\"aw-1gybjub aw-1p7kakr kEtdKx cEmitX yle__article__paragraph\">L\u00e4hde: Reuters<\/p>\n","protected":false},"excerpt":{"rendered":"Yhdysvallat on keskeytt\u00e4nyt viisi merituulivoimalahanketta kansalliseen turvallisuusuhkaan vedoten. Yhdysvaltain sis\u00e4ministeri\u00f6 kertoi maanantaina p\u00e4\u00e4tt\u00e4neens\u00e4 keskeytt\u00e4\u00e4 yhteens\u00e4 viisi merituulivoimalahanketta Yhdysvaltain&hellip;\n","protected":false},"author":2,"featured_media":74,"comment_status":"","ping_status":"","sticky":false,"template":"","format":"standard","meta":{"footnotes":""},"categories":[14],"tags":[22,23,585,26,27,33,31,30,17,9414,24,25,28,29,15,18,21,13634,32,78,1014,19,20,56,16,59,60,61,619,146],"class_list":{"0":"post-123283","1":"post","2":"type-post","3":"status-publish","4":"format-standard","5":"has-post-thumbnail","7":"category-ulkomaat","8":"tag-breaking-news","9":"tag-breakingnews","10":"tag-donald-trump","11":"tag-featured-news","12":"tag-featurednews","13":"tag-fi","14":"tag-finland","15":"tag-finnish","16":"tag-headlines","17":"tag-kansallinen-turvallisuus","18":"tag-latest-news","19":"tag-latestnews","20":"tag-main-news","21":"tag-mainnews","22":"tag-news","23":"tag-otsikot","24":"tag-paauutiset","25":"tag-sisaministerio","26":"tag-suomi","27":"tag-talous","28":"tag-tanska","29":"tag-top-stories","30":"tag-topstories","31":"tag-ulkomaat","32":"tag-uutiset","33":"tag-world","34":"tag-world-news","35":"tag-worldnews","36":"tag-yhdysvallat","37":"tag-yhdysvaltain-presidentti"},"share_on_mastodon":{"url":"https:\/\/pubeurope.com\/@fi\/115764135546637708","error":""},"_links":{"self":[{"href":"https:\/\/www.europesays.com\/fi\/wp-json\/wp\/v2\/posts\/123283","targetHints":{"allow":["GET"]}}],"collection":[{"href":"https:\/\/www.europesays.com\/fi\/wp-json\/wp\/v2\/posts"}],"about":[{"href":"https:\/\/www.europesays.com\/fi\/wp-json\/wp\/v2\/types\/post"}],"author":[{"embeddable":true,"href":"https:\/\/www.europesays.com\/fi\/wp-json\/wp\/v2\/users\/2"}],"replies":[{"embeddable":true,"href":"https:\/\/www.europesays.com\/fi\/wp-json\/wp\/v2\/comments?post=123283"}],"version-history":[{"count":0,"href":"https:\/\/www.europesays.com\/fi\/wp-json\/wp\/v2\/posts\/123283\/revisions"}],"wp:featuredmedia":[{"embeddable":true,"href":"https:\/\/www.europesays.com\/fi\/wp-json\/wp\/v2\/media\/74"}],"wp:attachment":[{"href":"https:\/\/www.europesays.com\/fi\/wp-json\/wp\/v2\/media?parent=123283"}],"wp:term":[{"taxonomy":"category","embeddable":true,"href":"https:\/\/www.europesays.com\/fi\/wp-json\/wp\/v2\/categories?post=123283"},{"taxonomy":"post_tag","embeddable":true,"href":"https:\/\/www.europesays.com\/fi\/wp-json\/wp\/v2\/tags?post=123283"}],"curies":[{"name":"wp","href":"https:\/\/api.w.org\/{rel}","templated":true}]}}