{"id":123284,"date":"2025-12-22T16:21:10","date_gmt":"2025-12-22T16:21:10","guid":{"rendered":"https:\/\/www.europesays.com\/fi\/123284\/"},"modified":"2025-12-22T16:21:10","modified_gmt":"2025-12-22T16:21:10","slug":"vantaalainen-ex-kaupunginvaltuutettu-tuomittiin-sakkoihin-alaisensa-pakaroiden-taputtelusta-kotimaa","status":"publish","type":"post","link":"https:\/\/www.europesays.com\/fi\/123284\/","title":{"rendered":"Vantaalainen ex-kaupungin\u00advaltuutettu tuomittiin sakkoihin alaisensa pakaroiden taputtelusta | Kotimaa"},"content":{"rendered":"<p class=\"aw-1gybjub aw-5vja16 kEtdKx kmuxyA yle__article__paragraph\">Seksuaalis\u00ads\u00e4vytteiset teot kohdistuivat nuoreen naiseen, joka ty\u00f6skenteli ex-valtuutetun omistamassa ravintolassa.<\/p>\n<p><img decoding=\"async\" alt=\"Helsingin k\u00e4r\u00e4j\u00e4oikeus.\" src=\"https:\/\/www.europesays.com\/fi\/wp-content\/uploads\/2025\/12\/39-15518476913247f9bf7b.jpeg\" class=\"aw-1l9m598 hKVVvP\"\/><\/p>\n<p>Avaa kuvien katselu<\/p>\n<p>K\u00e4r\u00e4j\u00e4oikeus antoi tuomionsa maanantaina 22.12.2025. Kuva: Silja Viitala \/ Yle<\/p>\n<p>17:33\u2022P\u00e4ivitetty 17:40<\/p>\n<p class=\"aw-1gybjub aw-1p7kakr kEtdKx cEmitX yle__article__paragraph\">Helsingin k\u00e4r\u00e4j\u00e4oikeus on antanut tuomionsa entiselle perussuomalaisten kaupunginvaltuutetulle <strong class=\"aw-ak79eh KyCXm yle__article__strong\">Tuukka Saimenille<\/strong>.<\/p>\n<p class=\"aw-1gybjub aw-1p7kakr kEtdKx cEmitX yle__article__paragraph\">Saimenia syytettiin <a class=\"aw-iao6s4 iHOxEa yle__article__link\" href=\"https:\/\/yle.fi\/a\/74-20124180\" role=\"link\" rel=\"nofollow noopener\" target=\"_blank\">ty\u00f6turvallisuusrikoksesta ja ty\u00f6syrjinn\u00e4st\u00e4<\/a>. Syytteenalaiset teot kohdistuivat Saimenin omistamassa ravintolassa ty\u00f6skennelleeseen nuoreen naiseen.<\/p>\n<p class=\"aw-1gybjub aw-1p7kakr kEtdKx cEmitX yle__article__paragraph\">K\u00e4r\u00e4j\u00e4oikeus katsoo Saimenin syyllistyneen ty\u00f6turvallisuusrikokseen l\u00e4psim\u00e4ll\u00e4 tai taputtamalla ravintolansa ty\u00f6ntekij\u00e4\u00e4 joitakin kertoja pakaroille.<\/p>\n<p class=\"aw-1gybjub aw-1p7kakr kEtdKx cEmitX yle__article__paragraph\">K\u00e4r\u00e4j\u00e4oikeuden mukaan j\u00e4i sen sijaan n\u00e4ytt\u00e4m\u00e4tt\u00e4, ett\u00e4 ty\u00f6ntekij\u00e4 olisi asetettu i\u00e4n perusteella ep\u00e4edulliseen asemaan.<\/p>\n<p class=\"aw-1gybjub aw-1p7kakr kEtdKx cEmitX yle__article__paragraph\">Saimenille tuomittiin 20 p\u00e4iv\u00e4sakkoa, mik\u00e4 tekee h\u00e4nen tuloillaan yhteens\u00e4 2\u00a0680 euroa.<\/p>\n<p class=\"aw-1gybjub aw-1p7kakr kEtdKx cEmitX yle__article__paragraph\">Saimen on kiist\u00e4nyt syyllistyneens\u00e4 rikokseen. Tuomio ei ole lainvoimainen.<\/p>\n<p class=\"aw-1gybjub aw-1p7kakr kEtdKx cEmitX yle__article__paragraph\">Yle on jo aikaisemmin julkaissut Saimenin nimen h\u00e4nen yhteiskunnallisen asemansa ja julkisen virkansa vuoksi.<\/p>\n<p class=\"aw-1gybjub aw-1p7kakr kEtdKx cEmitX yle__article__paragraph\">Saimen <a class=\"aw-iao6s4 iHOxEa yle__article__link\" href=\"https:\/\/yle.fi\/a\/74-20139779\" role=\"link\" rel=\"nofollow noopener\" target=\"_blank\">erosi Vantaan valtuustosta<\/a> tammikuussa. H\u00e4n pyysi eroa valtuustosta henkil\u00f6kohtaisten syiden vuoksi.<\/p>\n","protected":false},"excerpt":{"rendered":"Seksuaalis\u00ads\u00e4vytteiset teot kohdistuivat nuoreen naiseen, joka ty\u00f6skenteli ex-valtuutetun omistamassa ravintolassa. Avaa kuvien katselu K\u00e4r\u00e4j\u00e4oikeus antoi tuomionsa maanantaina 22.12.2025.&hellip;\n","protected":false},"author":2,"featured_media":123285,"comment_status":"","ping_status":"","sticky":false,"template":"","format":"standard","meta":{"footnotes":""},"categories":[12],"tags":[22,23,26,27,33,31,30,17,71,24,25,28,29,15,18,21,142,581,32,19,20,1168,16,2359],"class_list":{"0":"post-123284","1":"post","2":"type-post","3":"status-publish","4":"format-standard","5":"has-post-thumbnail","7":"category-suomi","8":"tag-breaking-news","9":"tag-breakingnews","10":"tag-featured-news","11":"tag-featurednews","12":"tag-fi","13":"tag-finland","14":"tag-finnish","15":"tag-headlines","16":"tag-kotimaa","17":"tag-latest-news","18":"tag-latestnews","19":"tag-main-news","20":"tag-mainnews","21":"tag-news","22":"tag-otsikot","23":"tag-paauutiset","24":"tag-poliitikot","25":"tag-rikokset","26":"tag-suomi","27":"tag-top-stories","28":"tag-topstories","29":"tag-uusimaa","30":"tag-uutiset","31":"tag-vantaa"},"share_on_mastodon":{"url":"https:\/\/pubeurope.com\/@fi\/115764139610961580","error":""},"_links":{"self":[{"href":"https:\/\/www.europesays.com\/fi\/wp-json\/wp\/v2\/posts\/123284","targetHints":{"allow":["GET"]}}],"collection":[{"href":"https:\/\/www.europesays.com\/fi\/wp-json\/wp\/v2\/posts"}],"about":[{"href":"https:\/\/www.europesays.com\/fi\/wp-json\/wp\/v2\/types\/post"}],"author":[{"embeddable":true,"href":"https:\/\/www.europesays.com\/fi\/wp-json\/wp\/v2\/users\/2"}],"replies":[{"embeddable":true,"href":"https:\/\/www.europesays.com\/fi\/wp-json\/wp\/v2\/comments?post=123284"}],"version-history":[{"count":0,"href":"https:\/\/www.europesays.com\/fi\/wp-json\/wp\/v2\/posts\/123284\/revisions"}],"wp:featuredmedia":[{"embeddable":true,"href":"https:\/\/www.europesays.com\/fi\/wp-json\/wp\/v2\/media\/123285"}],"wp:attachment":[{"href":"https:\/\/www.europesays.com\/fi\/wp-json\/wp\/v2\/media?parent=123284"}],"wp:term":[{"taxonomy":"category","embeddable":true,"href":"https:\/\/www.europesays.com\/fi\/wp-json\/wp\/v2\/categories?post=123284"},{"taxonomy":"post_tag","embeddable":true,"href":"https:\/\/www.europesays.com\/fi\/wp-json\/wp\/v2\/tags?post=123284"}],"curies":[{"name":"wp","href":"https:\/\/api.w.org\/{rel}","templated":true}]}}