{"id":123286,"date":"2025-12-22T16:22:10","date_gmt":"2025-12-22T16:22:10","guid":{"rendered":"https:\/\/www.europesays.com\/fi\/123286\/"},"modified":"2025-12-22T16:22:10","modified_gmt":"2025-12-22T16:22:10","slug":"reservilaisika-nousee-65-vuoteen-uutisia-lyhyesti","status":"publish","type":"post","link":"https:\/\/www.europesays.com\/fi\/123286\/","title":{"rendered":"Reservil\u00e4isik\u00e4 nousee 65 vuoteen | Uutisia lyhyesti"},"content":{"rendered":"<p class=\"aw-1gybjub aw-1p7kakr kEtdKx cEmitX yle__article__paragraph\">Reservil\u00e4isik\u00e4 nousee 65 vuoteen ensi vuoden alusta. Muutoksen my\u00f6t\u00e4 asevelvollinen kuuluu reserviin sotilasarvostaan riippumatta sen vuoden loppuun, jona h\u00e4n t\u00e4ytt\u00e4\u00e4 65 vuotta.<\/p>\n<p class=\"aw-1gybjub aw-1p7kakr kEtdKx cEmitX yle__article__paragraph\">Nykyisin reservin yl\u00e4ik\u00e4raja on miehist\u00f6ll\u00e4 50 vuotta ja upseereilla sek\u00e4 aliupseereilla 60 vuotta.<\/p>\n<p class=\"aw-1gybjub aw-1p7kakr kEtdKx cEmitX yle__article__paragraph\">Puolustusministeri, kokoomuksen <strong class=\"aw-ak79eh KyCXm yle__article__strong\">Antti H\u00e4kk\u00e4nen<\/strong> sanoo <a class=\"aw-iao6s4 iHOxEa yle__article__link\" href=\"https:\/\/defmin.fi\/-\/reservilaisika-nousee-65-ikavuoteen-vuoden-2026-alusta-lahtien\" role=\"link\" rel=\"nofollow noopener\" target=\"_blank\">puolustusministeri\u00f6n tiedotteessa<\/a>, ett\u00e4 vuonna 2031 Suomen reservin kokonaislaajuus on noin miljoona ihmist\u00e4.<\/p>\n<p class=\"aw-1gybjub aw-1p7kakr kEtdKx cEmitX yle__article__paragraph\">65 vuoden ik\u00e4raja koskee vain niit\u00e4, jotka ovat asevelvollisia lain tullessa voimaan.<\/p>\n","protected":false},"excerpt":{"rendered":"Reservil\u00e4isik\u00e4 nousee 65 vuoteen ensi vuoden alusta. Muutoksen my\u00f6t\u00e4 asevelvollinen kuuluu reserviin sotilasarvostaan riippumatta sen vuoden loppuun, jona&hellip;\n","protected":false},"author":2,"featured_media":74,"comment_status":"","ping_status":"","sticky":false,"template":"","format":"standard","meta":{"footnotes":""},"categories":[5],"tags":[22,23,26,27,33,31,30,17,71,24,25,782,28,29,15,18,21,4097,5059,32,19,20,16],"class_list":{"0":"post-123286","1":"post","2":"type-post","3":"status-publish","4":"format-standard","5":"has-post-thumbnail","7":"category-otsikot","8":"tag-breaking-news","9":"tag-breakingnews","10":"tag-featured-news","11":"tag-featurednews","12":"tag-fi","13":"tag-finland","14":"tag-finnish","15":"tag-headlines","16":"tag-kotimaa","17":"tag-latest-news","18":"tag-latestnews","19":"tag-maanpuolustus","20":"tag-main-news","21":"tag-mainnews","22":"tag-news","23":"tag-otsikot","24":"tag-paauutiset","25":"tag-puolustusvoimat","26":"tag-reservilaiset","27":"tag-suomi","28":"tag-top-stories","29":"tag-topstories","30":"tag-uutiset"},"share_on_mastodon":{"url":"https:\/\/pubeurope.com\/@fi\/115764143268472366","error":""},"_links":{"self":[{"href":"https:\/\/www.europesays.com\/fi\/wp-json\/wp\/v2\/posts\/123286","targetHints":{"allow":["GET"]}}],"collection":[{"href":"https:\/\/www.europesays.com\/fi\/wp-json\/wp\/v2\/posts"}],"about":[{"href":"https:\/\/www.europesays.com\/fi\/wp-json\/wp\/v2\/types\/post"}],"author":[{"embeddable":true,"href":"https:\/\/www.europesays.com\/fi\/wp-json\/wp\/v2\/users\/2"}],"replies":[{"embeddable":true,"href":"https:\/\/www.europesays.com\/fi\/wp-json\/wp\/v2\/comments?post=123286"}],"version-history":[{"count":0,"href":"https:\/\/www.europesays.com\/fi\/wp-json\/wp\/v2\/posts\/123286\/revisions"}],"wp:featuredmedia":[{"embeddable":true,"href":"https:\/\/www.europesays.com\/fi\/wp-json\/wp\/v2\/media\/74"}],"wp:attachment":[{"href":"https:\/\/www.europesays.com\/fi\/wp-json\/wp\/v2\/media?parent=123286"}],"wp:term":[{"taxonomy":"category","embeddable":true,"href":"https:\/\/www.europesays.com\/fi\/wp-json\/wp\/v2\/categories?post=123286"},{"taxonomy":"post_tag","embeddable":true,"href":"https:\/\/www.europesays.com\/fi\/wp-json\/wp\/v2\/tags?post=123286"}],"curies":[{"name":"wp","href":"https:\/\/api.w.org\/{rel}","templated":true}]}}