{"id":123287,"date":"2025-12-22T16:36:08","date_gmt":"2025-12-22T16:36:08","guid":{"rendered":"https:\/\/www.europesays.com\/fi\/123287\/"},"modified":"2025-12-22T16:36:08","modified_gmt":"2025-12-22T16:36:08","slug":"sointu-borg-kuumempi-kuin-koskaan","status":"publish","type":"post","link":"https:\/\/www.europesays.com\/fi\/123287\/","title":{"rendered":"Sointu Borg: kuumempi kuin koskaan"},"content":{"rendered":"<p>\n            20220604 HELSINKI. Creator Awards. Sointu Borg. PHOTO: ATTE KAJOVA<br \/>\n            ATTE KAJOVA\n        <\/p>\n<p class=\"subtitle \">\u2013 Pari kertaa vuodessa pit\u00e4\u00e4 s\u00e4v\u00e4ytt\u00e4\u00e4, Sointu toteaa.<\/p>\n<p class=\"article-content article-content-width !bg-background\">Mediapersoona , 33, on harvinaisen valovoimainen kaunotar.<\/p>\n<p class=\"font-weight-bold m-font-weight-bold article-content article-content-width !bg-background\">Katso video \u2013 Sointu puhuu avoimesti h\u00e4\u00e4budjetistaan:<\/p>\n<p>Aiempaa rohkeampi tyyli<\/p>\n<p class=\"article-content article-content-width !bg-background\">Sujuvasanainen podcast-juontaja ja Pirunpeli-hittisarjan panelisti tunnetaan my\u00f6s n\u00e4ytt\u00e4v\u00e4st\u00e4 tyylist\u00e4\u00e4n. Vaalea kaunotar jakoi Instagram-tilill\u00e4\u00e4n kuvakarusellin, jossa h\u00e4n poseeraa aiempaa rohkeassa tyyliss\u00e4.<\/p>\n<p class=\"article-content article-content-width !bg-background\">\u2013 Pari kertaa vuodessa pit\u00e4\u00e4 s\u00e4v\u00e4ytt\u00e4\u00e4. Muuten p\u00f6lyttyy t\u00e4\u00e4 homma, Sointu toteaa kuvakimaransa kuvatestiss\u00e4.<\/p>\n<p class=\"article-content article-content-width !bg-background\">Soinnun vaaleat hiukset on muotoiltu runsaille kiharoille, ja h\u00e4nen meikkins\u00e4 on n\u00e4ytt\u00e4v\u00e4 \u2013 kokonaisuuden kruunaavat kirkkaanpunaiset huulet. H\u00e4nell\u00e4 on musta, kiilt\u00e4v\u00e4pintainen korsetti sek\u00e4 pitsiset, pitk\u00e4t hansikkaat ja sukkahousut. Soinnun aulassa kiilt\u00e4\u00e4 suuri hopeinen kaulakoru, ja h\u00e4nen ihonsa hehkuu.<\/p>\n<p>        <a itemprop=\"url\" href=\"https:\/\/www.seiska.fi\/katso\/sointu-borg-avautuu-ulkonaostaan-ahdistuksen-aiheita-ja-epavarmuuksia\/2010414\" rel=\"nofollow noopener\" target=\"_blank\"><\/p>\n<p>\nSointu Borg\n<\/p>\n<p class=\"section-date\">\n        <strong class=\"article-section\" data-section=\"katso\"><br \/>\n            katso<br \/>\n        <\/strong><br \/>\n        4.12. 15:15\n    <\/p>\n<p>Sointu Borg avautuu ulkon\u00e4\u00f6st\u00e4\u00e4n: &#8221;Ahdistuksen aiheita ja ep\u00e4varmuuksia&#8221;\n    <\/p>\n<p itemprop=\"description\" class=\"subtitle \">\n    Sointu ja Topi Borgin mediaura jatkuu lomailun muodossa.\n<\/p>\n<p>        <\/a><\/p>\n<p class=\"article-content article-content-width !bg-background\">Soinnun upeat kuvat ker\u00e4siv\u00e4t runsaasti ihastuneita kommentteja.<\/p>\n<p class=\"article-content article-content-width !bg-background\">\u2013\u00a0Okei woww!!!!! Hehkuttaa vuoden 2020 Miss Suomi .<\/p>\n<p class=\"article-content article-content-width !bg-background\">\u2013 HOT! Ihastelee juontaja  liekehtivien syd\u00e4mien kera.<\/p>\n<p class=\"article-content article-content-width !bg-background\">Suitsutusta Soinnun kuville antoivat my\u00f6s muun muassa ex-nyrkkeilij\u00e4 , yritt\u00e4j\u00e4  ja tanssija .<\/p>\n<p class=\"article-content article-content-width !bg-background\"><a href=\"https:\/\/www.instagram.com\/p\/DSj7heMk5o7\/?img_index=1\" target=\"_blank\" rel=\"nofollow noopener\">Jos julkaisu eiv\u00e4t n\u00e4y, voit katsoa ne my\u00f6s t\u00e4\u00e4lt\u00e4.<\/a><\/p>\n<p>H\u00e4\u00e4t tulossa<\/p>\n<p class=\"article-content article-content-width !bg-background\">Sosiaalisen median k\u00e4rkinimien joukkoon lukeutuva Sointu tavoittaa Instagram-tilill\u00e4\u00e4n yli 209 000 seuraajaa.<\/p>\n<p class=\"article-content article-content-width !bg-background\">Sointu nousi suuren yleis\u00f6n tietoisuuteen voitettuaan  luotsaaman Diili-televisio-\u00adohjelman vuonna 2021.<\/p>\n<p>        <a itemprop=\"url\" href=\"https:\/\/www.seiska.fi\/kotimaa\/sointu-borgilta-yllatysveto\/2007890\" rel=\"nofollow noopener\" target=\"_blank\"><\/p>\n<p>\nSointu Borg\n<\/p>\n<p class=\"section-date\">\n        <strong class=\"article-section\" data-section=\"kotimaa\"><br \/>\n            kotimaa<br \/>\n        <\/strong><br \/>\n        1.12. 13:30\n    <\/p>\n<p>Sointu Borgilta yll\u00e4tysveto!\n    <\/p>\n<p itemprop=\"description\" class=\"subtitle \">\n    Sointu on kaikessa hiljaisuudessa tehnyt muutoksia bisneksiins\u00e4.\n<\/p>\n<p>        <\/a><\/p>\n<p class=\"article-content article-content-width !bg-background\">Diilin j\u00e4lkeen h\u00e4n on muun muassa julkaissut R\u00f6yhke\u00e4sti rohkea -kirjan, juontanut Sointu Borg &amp; Tyrkyt -ohjelmaa sek\u00e4 perustanut kartturi  kanssa suositun Sana on vapaa -podcastin.<\/p>\n<p class=\"article-content article-content-width !bg-background\">Sointu kihlautui pitk\u00e4aikaisen kumppaninsa, r\u00e4pp\u00e4ri\u00a0, kanssa viime huhtikuussa. H\u00e4it\u00e4 kaksikko suunnittelee kes\u00e4lle 2027.<\/p>\n<p><script async src=\"\/\/www.instagram.com\/embed.js\"><\/script><\/p>\n","protected":false},"excerpt":{"rendered":"20220604 HELSINKI. Creator Awards. Sointu Borg. PHOTO: ATTE KAJOVA ATTE KAJOVA \u2013 Pari kertaa vuodessa pit\u00e4\u00e4 s\u00e4v\u00e4ytt\u00e4\u00e4, Sointu&hellip;\n","protected":false},"author":2,"featured_media":123288,"comment_status":"","ping_status":"","sticky":false,"template":"","format":"standard","meta":{"footnotes":""},"categories":[136],"tags":[407,2678,137,33,31,30,1208,408,22083,2977,2680,32,19410,2677,109],"class_list":{"0":"post-123287","1":"post","2":"type-post","3":"status-publish","4":"format-standard","5":"has-post-thumbnail","7":"category-julkkikset","8":"tag-celebrities","9":"tag-diili","10":"tag-entertainment","11":"tag-fi","12":"tag-finland","13":"tag-finnish","14":"tag-haat","15":"tag-julkkikset","16":"tag-mediapersoona","17":"tag-pirunpeli","18":"tag-sointu-borg","19":"tag-suomi","20":"tag-tomi-solonen","21":"tag-tyyli","22":"tag-viihde"},"share_on_mastodon":{"url":"https:\/\/pubeurope.com\/@fi\/115764198318103207","error":""},"_links":{"self":[{"href":"https:\/\/www.europesays.com\/fi\/wp-json\/wp\/v2\/posts\/123287","targetHints":{"allow":["GET"]}}],"collection":[{"href":"https:\/\/www.europesays.com\/fi\/wp-json\/wp\/v2\/posts"}],"about":[{"href":"https:\/\/www.europesays.com\/fi\/wp-json\/wp\/v2\/types\/post"}],"author":[{"embeddable":true,"href":"https:\/\/www.europesays.com\/fi\/wp-json\/wp\/v2\/users\/2"}],"replies":[{"embeddable":true,"href":"https:\/\/www.europesays.com\/fi\/wp-json\/wp\/v2\/comments?post=123287"}],"version-history":[{"count":0,"href":"https:\/\/www.europesays.com\/fi\/wp-json\/wp\/v2\/posts\/123287\/revisions"}],"wp:featuredmedia":[{"embeddable":true,"href":"https:\/\/www.europesays.com\/fi\/wp-json\/wp\/v2\/media\/123288"}],"wp:attachment":[{"href":"https:\/\/www.europesays.com\/fi\/wp-json\/wp\/v2\/media?parent=123287"}],"wp:term":[{"taxonomy":"category","embeddable":true,"href":"https:\/\/www.europesays.com\/fi\/wp-json\/wp\/v2\/categories?post=123287"},{"taxonomy":"post_tag","embeddable":true,"href":"https:\/\/www.europesays.com\/fi\/wp-json\/wp\/v2\/tags?post=123287"}],"curies":[{"name":"wp","href":"https:\/\/api.w.org\/{rel}","templated":true}]}}