{"id":123289,"date":"2025-12-22T16:39:16","date_gmt":"2025-12-22T16:39:16","guid":{"rendered":"https:\/\/www.europesays.com\/fi\/123289\/"},"modified":"2025-12-22T16:39:16","modified_gmt":"2025-12-22T16:39:16","slug":"uudessa-agatha-christie-mysteerissa-on-yksi-ongelma-katsojilta-heti-noottia","status":"publish","type":"post","link":"https:\/\/www.europesays.com\/fi\/123289\/","title":{"rendered":"Uudessa Agatha Christie -mysteeriss\u00e4 on yksi ongelma \u2013 Katsojilta heti noottia"},"content":{"rendered":"<p>Kohti nollapistett\u00e4 sijoittuu 1930-luvun Englantiin.<\/p>\n<p><img decoding=\"async\" class=\"image image-show image-preview\" src=\"https:\/\/www.europesays.com\/fi\/wp-content\/uploads\/2025\/12\/e3a78227ef3dfeee30eb2e5885105773b24a371b8a2a98546e3d6ffa3bd98602.jpg\" alt=\"\"\/><img decoding=\"async\" class=\"image image-show\" src=\"https:\/\/www.europesays.com\/fi\/wp-content\/uploads\/2025\/12\/1766421556_551_e3a78227ef3dfeee30eb2e5885105773b24a371b8a2a98546e3d6ffa3bd98602.jpg\" alt=\"\"\/><\/p>\n<p>Agatha Christie: Kohti nollapistett\u00e4 -sarjan tapahtumat sijoittuvat Anjelica Hustonin (kesk.) n\u00e4yttelem\u00e4n lady Camilla Tressilianin merenrantakartanoon. Sinne saapuu pyynn\u00f6st\u00e4 my\u00f6s Clarke Petersin (vas.) tulkisema perheen lakimies herra Treves. MTV3<\/p>\n<p class=\"paragraph\">Brittil\u00e4inen trillerisarja kuuluu Maikkarin jouluperinteisiin. Milloin on n\u00e4ytetty Dalglieshi\u00e4, milloin <a href=\"https:\/\/www.iltalehti.fi\/henkilot\/Agatha Christie\" class=\"article-link-person-page\" rel=\"nofollow noopener\" target=\"_blank\">Agatha Christiet\u00e4<\/a> \u2013 tai viimevuotiseen tapaan molempia. T\u00e4n\u00e4 vuonna on dekkareiden kuningattaren vuoro.<\/p>\n<p class=\"paragraph\">Kohti nollapistett\u00e4 perustuu Agatha Christien samannimiseen kirjaan vuodelta 1944. Britit katselivat 1930-luvun Englantiin sijoittuvan neliosaisen sarjan aiemmin t\u00e4n\u00e4 vuonna, eiv\u00e4tk\u00e4 kaikki olleet vaikuttuneita n\u00e4kem\u00e4st\u00e4\u00e4n.<\/p>\n<p>Tennist\u00e4hden uutta vaimoa Kayt\u00e4 n\u00e4yttelee Mimi Keene, joka muistetaan muun muassa Netflixin Sex Educationista. MTV3<\/p>\n<p class=\"paragraph\"><a href=\"https:\/\/www.dailymail.co.uk\/tv\/article-14456753\/BBC-viewers-complaint-new-Agatha-Christie-series-Zero-brand-really-distracting.html\" target=\"_blank\" rel=\"noopener nofollow\">The Daily Mail<\/a> on uutisoinut, ett\u00e4 noottia on tullut muun muassa n\u00e4yttelij\u00f6iden kasvojen t\u00e4yteaineista, joita ei ennen toista maailmasotaa tietysti ollut viel\u00e4 l\u00e4himainkaan olemassa. Ajankuva ei siksi tunnu aidolta. Samasta syyst\u00e4 on annettu risuja siit\u00e4, ett\u00e4 mukaan on valittu n\u00e4yttelij\u00f6it\u00e4 eri etnisist\u00e4 taustoista.<\/p>\n<p class=\"paragraph\">\u2013\u2009Sarjalle on tehty Bridgertonit, yksi kommentoija viittaa Netflixin jenkkisarjaan, joka tapahtuu 1800-luvun Englannissa.<\/p>\n<p class=\"paragraph\">\u2013\u2009Sarjassa edistet\u00e4\u00e4n charmantisti mielikuvaa, jonka mukaan 1930-luvun Englanti olisi ollut etnisen suvaitsevaisuuden ja osallistamisen paratiisi. Ei ollut.<\/p>\n<p>Clarke Petersin n\u00e4yttelem\u00e4 herra Treves on sarjassa aristokraattisen Tressilianin perheen lakimies ja salaisuuksien vartija. MTV3<\/p>\n<p class=\"paragraph\">Samasta teemasta on puhunut <a href=\"https:\/\/www.telegraph.co.uk\/tv\/2025\/02\/27\/clarke-peters-towards-zero\/\" target=\"_blank\" rel=\"noopener nofollow\">The Telegraphin<\/a> haastattelussa yksi sarjan n\u00e4yttelij\u00f6ist\u00e4. Afroamerikkalainen <a href=\"https:\/\/www.iltalehti.fi\/henkilot\/Clarke Peters\" class=\"article-link-person-page\" rel=\"nofollow noopener\" target=\"_blank\">Clarke Peters<\/a> esitt\u00e4\u00e4 asianajaja Trevesi\u00e4, joka saadaan ruutuun ensimm\u00e4isen\u00e4. Petersill\u00e4 on haastattelussa n\u00e4kemys niin kutsuttuun colour-blind castingiin, joka k\u00e4\u00e4ntyy suomeksi v\u00e4risokeaksi roolittamiseksi.<\/p>\n<p class=\"paragraph\">\u2013\u2009Siin\u00e4 t\u00e4ytyy olla eritt\u00e4in tarkkana. En esimerkiksi haluaisi n\u00e4hd\u00e4 <strong>Dominic Westi\u00e4<\/strong> n\u00e4yttelem\u00e4ss\u00e4 <strong>Idi Aminia<\/strong>. Se olisi absurdia, h\u00e4n viittaa Langalla-kulttisarjan kollegaansa.<\/p>\n<p>Sarjassa Treversill\u00e4 on huollettavanaan teini-ik\u00e4inen Sylvia, joka saa potkut koulusta. MTV3<\/p>\n<p class=\"paragraph\">Erona kuitenkin on, ett\u00e4 hirmuhallitsija Idi Amin on historiallinen henkil\u00f6, Treves ei. Fakta eroaa fiktiosta. Kohti nollapistett\u00e4 on sepitett\u00e4.<\/p>\n<p class=\"paragraph\">\u2013\u2009Min\u00e4 en olisi olemassa Agatha Christien maailmassa lakimiehen\u00e4. Mustia asianajajia kyll\u00e4 oli olemassa, mutta ei Christien l\u00e4hipiiriss\u00e4.<\/p>\n<p class=\"paragraph\">Kohti nollapistett\u00e4 kertoo tennist\u00e4hti Nevile Strangen avioeroskandaalista ja sen seurauksista. Kun ensimm\u00e4inen aviovaimo Audrey Strange on vaihtunut neiti Kay Elliotiin, kaikki kolme tapaavat toisensa Nevilen t\u00e4din lady Tressilianin kartanossa Devonin rannikolla. Luvassa on kolmiodraama \u2013 ja murhia.<\/p>\n<p>Kohti nollapistett\u00e4 n\u00e4hd\u00e4\u00e4n Maikkarilla t\u00e4n\u00e4\u00e4n ja huomenna tiistaina, molempina p\u00e4ivin\u00e4 kaksi jaksoa. Katsomo+:ssa sarja ilmestyy t\u00e4n\u00e4\u00e4n kokonaisuudessaan. MTV3<\/p>\n<p class=\"paragraph\">Agatha Christie: Kohti nollapistett\u00e4 t\u00e4n\u00e4\u00e4n MTV3:lla kello 20.00 &amp; Katsomossa. <a href=\"https:\/\/www.iltalehti.fi\/telkku\/\" rel=\"nofollow noopener\" target=\"_blank\">Katso kaikki\u00a0TV-ohjelmat ja l\u00e4hetysajat Telkun TV-oppaasta<\/a>.<\/p>\n","protected":false},"excerpt":{"rendered":"Kohti nollapistett\u00e4 sijoittuu 1930-luvun Englantiin. Agatha Christie: Kohti nollapistett\u00e4 -sarjan tapahtumat sijoittuvat Anjelica Hustonin (kesk.) n\u00e4yttelem\u00e4n lady Camilla&hellip;\n","protected":false},"author":2,"featured_media":123290,"comment_status":"","ping_status":"","sticky":false,"template":"","format":"standard","meta":{"footnotes":""},"categories":[133],"tags":[35,153,623,155,137,33,31,30,1928,154,32,206,140,139,156,109],"class_list":{"0":"post-123289","1":"post","2":"type-post","3":"status-publish","4":"format-standard","5":"has-post-thumbnail","7":"category-televisiot","8":"tag-24h","9":"tag-audiovisuaalinen-media","10":"tag-elokuva","11":"tag-elokuvat","12":"tag-entertainment","13":"tag-fi","14":"tag-finland","15":"tag-finnish","16":"tag-kirjallisuus-ja-audiovisuaalinen-media","17":"tag-nayttelijat-teatteri","18":"tag-suomi","19":"tag-televisiot","20":"tag-tv-ja-elokuvat","21":"tag-tv-ohjelmat","22":"tag-tv","23":"tag-viihde"},"share_on_mastodon":{"url":"https:\/\/pubeurope.com\/@fi\/115764210363592207","error":""},"_links":{"self":[{"href":"https:\/\/www.europesays.com\/fi\/wp-json\/wp\/v2\/posts\/123289","targetHints":{"allow":["GET"]}}],"collection":[{"href":"https:\/\/www.europesays.com\/fi\/wp-json\/wp\/v2\/posts"}],"about":[{"href":"https:\/\/www.europesays.com\/fi\/wp-json\/wp\/v2\/types\/post"}],"author":[{"embeddable":true,"href":"https:\/\/www.europesays.com\/fi\/wp-json\/wp\/v2\/users\/2"}],"replies":[{"embeddable":true,"href":"https:\/\/www.europesays.com\/fi\/wp-json\/wp\/v2\/comments?post=123289"}],"version-history":[{"count":0,"href":"https:\/\/www.europesays.com\/fi\/wp-json\/wp\/v2\/posts\/123289\/revisions"}],"wp:featuredmedia":[{"embeddable":true,"href":"https:\/\/www.europesays.com\/fi\/wp-json\/wp\/v2\/media\/123290"}],"wp:attachment":[{"href":"https:\/\/www.europesays.com\/fi\/wp-json\/wp\/v2\/media?parent=123289"}],"wp:term":[{"taxonomy":"category","embeddable":true,"href":"https:\/\/www.europesays.com\/fi\/wp-json\/wp\/v2\/categories?post=123289"},{"taxonomy":"post_tag","embeddable":true,"href":"https:\/\/www.europesays.com\/fi\/wp-json\/wp\/v2\/tags?post=123289"}],"curies":[{"name":"wp","href":"https:\/\/api.w.org\/{rel}","templated":true}]}}