{"id":12329,"date":"2025-08-21T17:19:08","date_gmt":"2025-08-21T17:19:08","guid":{"rendered":"https:\/\/www.europesays.com\/fi\/12329\/"},"modified":"2025-08-21T17:19:08","modified_gmt":"2025-08-21T17:19:08","slug":"huawei-vahvisti-watch-gt-6-sarjan-alykellot-julki-globaalissa-lanseeraustilaisuudessa-pariisissa-19-syyskuuta","status":"publish","type":"post","link":"https:\/\/www.europesays.com\/fi\/12329\/","title":{"rendered":"Huawei vahvisti: Watch GT 6 -sarjan \u00e4lykellot julki globaalissa lanseeraustilaisuudessa Pariisissa 19. syyskuuta"},"content":{"rendered":"<p><a href=\"https:\/\/mobiili.fi\/wp-content\/uploads\/2025\/08\/huawei_teaser_september_19-scaled.jpg\" data-lightbox=\"image\" rel=\"nofollow noopener\" target=\"_blank\"><img fetchpriority=\"high\" decoding=\"async\" aria-describedby=\"caption-attachment-264026\" class=\"size-large wp-image-264026\" src=\"data:image\/svg+xml,%3Csvg%20xmlns=\" http:=\"\" alt=\"Huawei j\u00e4rjest\u00e4\u00e4 globaalin lanseeraustilaisuuden Pariisissa 19. syyskuuta.\" width=\"1200\" height=\"600\" data-lazy- data-lazy- data-lazy-src=\"https:\/\/www.europesays.com\/fi\/wp-content\/uploads\/2025\/08\/huawei_teaser_september_19-1200x600.jpg\"\/><\/a><\/p>\n<p id=\"caption-attachment-264026\" class=\"wp-caption-text\">Huawei j\u00e4rjest\u00e4\u00e4 globaalin lanseeraustilaisuuden Pariisissa 19. syyskuuta.<\/p>\n<p>Huawei on vahvistanut julkistavansa Huawei Watch GT 6 -sarjan \u00e4lykellot ja useita muita uutuuksia tulevassa globaalissa lanseeraustilaisuudessaan Pariisissa 19. syyskuuta.<\/p>\n<p>Huawein mukaan Watch GT 6 -sarja tulee tarjoamaan entist\u00e4 paremman ulkoilmaurheilun ja terveydentilan seurannan kuluttajille ymp\u00e4ri maailman.<\/p>\n<p>Huawein mukaan Huawei Watch GT -sarjan uusin malli tulee tarjoamaan parannuksia kest\u00e4vyyteen ja ammattitason ulkoilmaurheilun suorituskykyyn. Uusi Sunflower-paikannusj\u00e4rjestelm\u00e4 mahdollistaa tarkan GPS-seurannan sek\u00e4 matkan ja vauhdin mittaamisen.<\/p>\n<p style=\"width: 98%; text-align: center; font-size:13px; border-bottom: 1px solid #C8C8C8; line-height: 0.1em; margin: 8px 1% 16px 1%;\">MAINOS (ARTIKKELI JATKUU ALLA)<\/p>\n<p>Jo entuudestaan Huawei Watch GT -sarja on tunnettu 14 p\u00e4iv\u00e4n akunkestostaan ja kattavista urheiluominaisuuksistaan.<\/p>\n<p><a href=\"https:\/\/mobiili.fi\/2025\/08\/07\/sertifiointi-paljasti-uutta-tietoa-huawei-watch-gt-6-sarjan-alykelloista-tulossa-kolme-eri-mallia\/\" rel=\"nofollow noopener\" target=\"_blank\">Aiemman paljastuksen mukaan tulossa on Huawei Watch GT 6 kahdessa eri koossa, 41 ja 46 millimetri\u00e4, sek\u00e4 Huawei Watch GT 6 Pro 46 millimetrin koossa<\/a>.<\/p>\n<p>Puettavissa laitteissa Huaweilla on vahva markkina-asema. <a href=\"https:\/\/mobiili.fi\/2025\/06\/13\/huawei-ylitti-200-miljoonan-rajan-ranteessa-puettavien-alylaitteiden-toimituksissa-nousi-alkuvuonna-markkinajohtajaksi\/\" rel=\"nofollow noopener\" target=\"_blank\">Huawei ylitti 200 miljoonan rajan ranteessa puettavien \u00e4lylaitteiden toimituksissa aiemmin vuonna 2025<\/a>, ja vuoden 2025 ensimm\u00e4isell\u00e4 nelj\u00e4nneksell\u00e4 kasvu toimituksissa vuodentakaisesta oli 42,4 prosenttia.<\/p>\n<p style=\"width: 98%; text-align: center; font-size:13px; border-bottom: 1px solid #C8C8C8; line-height: 0.1em; margin: 8px 1% 16px 1%;\">MAINOS (ARTIKKELI JATKUU ALLA)<\/p>\n<p>Samalla 19. syyskuuta Huawei esittelee valituille markkinoille my\u00f6s \u00e4lypuhelimia ja tablettilaitteita. Syyskuussa Huawei kertoo esittelev\u00e4ns\u00e4 tabletteihinsa sek\u00e4 PaperMatte-tekniikan ett\u00e4 kyn\u00e4n p\u00e4ivityksi\u00e4 ja lanseeraa samalla HUAWEI GoPaint Worldwide Creating Activity -kampanjan.<\/p>\n<p>Jaa t\u00e4m\u00e4<\/p>\n<ul>\n<li class=\"share-facebook\"><a rel=\"nofollow noopener noreferrer\" data-shared=\"sharing-facebook-264022\" class=\"share-facebook sd-button share-icon\" href=\"https:\/\/mobiili.fi\/2025\/08\/21\/huawei-vahvisti-watch-gt-6-sarjan-alykellot-julki-globaalissa-lanseeraustilaisuudessa-pariisissa-19-syyskuuta\/?share=facebook\" target=\"_blank\" aria-labelledby=\"sharing-facebook-264022\"><br \/>\n\t\t\t\tJaa Facebookissa(Avautuu uudessa ikkunassa)<br \/>\n\t\t\t\tFacebook<br \/>\n\t\t\t<\/a><\/li>\n<li class=\"share-twitter\"><a rel=\"nofollow noopener noreferrer\" data-shared=\"sharing-twitter-264022\" class=\"share-twitter sd-button share-icon\" href=\"https:\/\/mobiili.fi\/2025\/08\/21\/huawei-vahvisti-watch-gt-6-sarjan-alykellot-julki-globaalissa-lanseeraustilaisuudessa-pariisissa-19-syyskuuta\/?share=twitter\" target=\"_blank\" aria-labelledby=\"sharing-twitter-264022\"><br \/>\n\t\t\t\tClick to share on X(Avautuu uudessa ikkunassa)<br \/>\n\t\t\t\tX<br \/>\n\t\t\t<\/a><\/li>\n<li class=\"share-linkedin\"><a rel=\"nofollow noopener noreferrer\" data-shared=\"sharing-linkedin-264022\" class=\"share-linkedin sd-button share-icon\" href=\"https:\/\/mobiili.fi\/2025\/08\/21\/huawei-vahvisti-watch-gt-6-sarjan-alykellot-julki-globaalissa-lanseeraustilaisuudessa-pariisissa-19-syyskuuta\/?share=linkedin\" target=\"_blank\" aria-labelledby=\"sharing-linkedin-264022\"><br \/>\n\t\t\t\tJaa LinkedIn:ss\u00e4(Avautuu uudessa ikkunassa)<br \/>\n\t\t\t\tLinkedIn<br \/>\n\t\t\t<\/a><\/li>\n<li class=\"share-jetpack-whatsapp\"><a rel=\"nofollow noopener noreferrer\" data-shared=\"sharing-whatsapp-264022\" class=\"share-jetpack-whatsapp sd-button share-icon\" href=\"https:\/\/mobiili.fi\/2025\/08\/21\/huawei-vahvisti-watch-gt-6-sarjan-alykellot-julki-globaalissa-lanseeraustilaisuudessa-pariisissa-19-syyskuuta\/?share=jetpack-whatsapp\" target=\"_blank\" aria-labelledby=\"sharing-whatsapp-264022\"><br \/>\n\t\t\t\tJaa WhatsApp palvelussa(Avautuu uudessa ikkunassa)<br \/>\n\t\t\t\tWhatsApp<br \/>\n\t\t\t<\/a><\/li>\n<li class=\"share-end\"\/><\/ul>\n<p>Mainos: <a href=\"https:\/\/hinta.fi\/?src=gPp6fX03\" target=\"_blank\" rel=\"nofollow noopener\">Noin 1 600 000 tuotteen hintavertailu ja hintaseuranta &#8211; katso Hinta.fist\u00e4 mist\u00e4 saat halvimmalla<\/a><\/p>\n","protected":false},"excerpt":{"rendered":"Huawei j\u00e4rjest\u00e4\u00e4 globaalin lanseeraustilaisuuden Pariisissa 19. syyskuuta. Huawei on vahvistanut julkistavansa Huawei Watch GT 6 -sarjan \u00e4lykellot ja&hellip;\n","protected":false},"author":2,"featured_media":12330,"comment_status":"","ping_status":"","sticky":false,"template":"","format":"standard","meta":{"footnotes":""},"categories":[86],"tags":[420,33,31,30,421,32,91,92],"class_list":{"0":"post-12329","1":"post","2":"type-post","3":"status-publish","4":"format-standard","5":"has-post-thumbnail","7":"category-laitteet","8":"tag-equipment","9":"tag-fi","10":"tag-finland","11":"tag-finnish","12":"tag-laitteet","13":"tag-suomi","14":"tag-technology","15":"tag-teknologia"},"share_on_mastodon":{"url":"","error":""},"_links":{"self":[{"href":"https:\/\/www.europesays.com\/fi\/wp-json\/wp\/v2\/posts\/12329","targetHints":{"allow":["GET"]}}],"collection":[{"href":"https:\/\/www.europesays.com\/fi\/wp-json\/wp\/v2\/posts"}],"about":[{"href":"https:\/\/www.europesays.com\/fi\/wp-json\/wp\/v2\/types\/post"}],"author":[{"embeddable":true,"href":"https:\/\/www.europesays.com\/fi\/wp-json\/wp\/v2\/users\/2"}],"replies":[{"embeddable":true,"href":"https:\/\/www.europesays.com\/fi\/wp-json\/wp\/v2\/comments?post=12329"}],"version-history":[{"count":0,"href":"https:\/\/www.europesays.com\/fi\/wp-json\/wp\/v2\/posts\/12329\/revisions"}],"wp:featuredmedia":[{"embeddable":true,"href":"https:\/\/www.europesays.com\/fi\/wp-json\/wp\/v2\/media\/12330"}],"wp:attachment":[{"href":"https:\/\/www.europesays.com\/fi\/wp-json\/wp\/v2\/media?parent=12329"}],"wp:term":[{"taxonomy":"category","embeddable":true,"href":"https:\/\/www.europesays.com\/fi\/wp-json\/wp\/v2\/categories?post=12329"},{"taxonomy":"post_tag","embeddable":true,"href":"https:\/\/www.europesays.com\/fi\/wp-json\/wp\/v2\/tags?post=12329"}],"curies":[{"name":"wp","href":"https:\/\/api.w.org\/{rel}","templated":true}]}}