{"id":123291,"date":"2025-12-22T16:41:06","date_gmt":"2025-12-22T16:41:06","guid":{"rendered":"https:\/\/www.europesays.com\/fi\/123291\/"},"modified":"2025-12-22T16:41:06","modified_gmt":"2025-12-22T16:41:06","slug":"christopher-nolanin-uusi-the-odyssey-elokuva-sai-vihdoinkin-trailerin-talta-nayttaa-ensi-kesan-eeppinen-toimintaseikkailu-muropaketti-com","status":"publish","type":"post","link":"https:\/\/www.europesays.com\/fi\/123291\/","title":{"rendered":"Christopher Nolanin uusi The Odyssey -elokuva sai vihdoinkin trailerin &#8211; t\u00e4lt\u00e4 n\u00e4ytt\u00e4\u00e4 ensi kes\u00e4n eeppinen toimintaseikkailu &#8211; Muropaketti.com"},"content":{"rendered":"<ol>\n<li><a href=\"https:\/\/news.google.com\/rss\/articles\/CBMi_wFBVV95cUxPb1NGTmI1VHFmRmJPLXQxcHpkay1hZ28tQldkSmxSWl8tR180b2R3eG1mZkU0dldnY2w0ZDYtRzV2bDI5emdCcUdSU21YRUE4TTg0YThYSGY4R2tleUlSTHJ4WWFNclRrMFFjcTBQanhPbDF0dV9lZXZVdDJJcW9yTmhhTXFDY3FjTkNCWVkxX3BtWHJDT0pOMmh0UlkzZ0ZFUjEyYkxZNTRTNWlmdVY3clR5Qm95RWV1RFRtVVAzNXhPcUlka1JaZ2Qwdk5vOUNyOFNpcTJlbWRTbDFEdEhOdVJmd2ZEU3hidGl2dEp4bTFudUJPVGlvT2ptcEgySUE?oc=5\" target=\"_blank\" rel=\"nofollow noopener\">Christopher Nolanin uusi The Odyssey -elokuva sai vihdoinkin trailerin &#8211; t\u00e4lt\u00e4 n\u00e4ytt\u00e4\u00e4 ensi kes\u00e4n eeppinen toimintaseikkailu<\/a>&nbsp;&nbsp;Muropaketti.com<\/li>\n<li><a href=\"https:\/\/news.google.com\/rss\/articles\/CBMi2AFBVV95cUxQejNiM3ZIMEE2N2l0LUVtajNBTl9IaG91bjVTRWxzUkFKeXBOZmpoLXhPd1NRSFNDZkJSaGx3TmZSaWVyeEw4RlJwTWFLcEk2QnhEZUhmWkJKMzlHSFhuWGZuZHJad1gyR3RCNl9SSFpmS0dPOWhFRFRaWEZ2ODJJVUhVaHVHS0FYRW1oOFV5Q255OWNKZ3lrQ2tyZ0VYQ01hU21HTXhkZmNGa01EeFFqN3l1aHZya3F5bVVoSEEzeEVDSW11NGxYMzVHLU9acDRtYlJSQ19BTVE?oc=5\" target=\"_blank\" rel=\"nofollow noopener\">Christopher Nolanin uuden The Odyssey -elokuvan julistetta ei kannata katsoa ennen aamukahvia<\/a>&nbsp;&nbsp;Muropaketti.com<\/li>\n<li><a href=\"https:\/\/news.google.com\/rss\/articles\/CBMirgFBVV95cUxPSmZ0Vl83eGhKSFVzcWprd0U0bk1MTDQ5WXVfQ0Z0UUk1UWt2QWV3cUp1YnNuVUlEZmstcmIzVVhoZnhiOWNtRUpTTVc3WFpkTGdYblNCU2xZMkwweTJZOXpyeUxkUnVnNWctU1VqTVJxVi11X1RDeXhmRG92TGhoSDQwdlZBX3FWQUNEajZ0WDRBMGRNWUZVTmFuSGVOazJVNUN4UEV5eU5TVkk0eHc?oc=5\" target=\"_blank\" rel=\"nofollow noopener\">Kreikan legenda her\u00e4\u00e4 henkiin Christopher Nolanin The Odyssey trailerissa.<\/a>&nbsp;&nbsp;Gamereactor<\/li>\n<li><a href=\"https:\/\/news.google.com\/rss\/articles\/CBMie0FVX3lxTE52ZnhzeXRwOTlHSzA5endWWFBVNTV0SnZXMHpfa2F3Mk01NnFhVmY3Rndfb3VobE9iUUxNQlVsdHZNZmdoQ2h3a0hsWDJMRHdNNVM1UVFHdHh0QklPZ3Z5SHlpcTVkS0paT1VDTFFQdEwtR1JmXy1zVC1tRQ?oc=5\" target=\"_blank\" rel=\"nofollow noopener\">Porttoja, murhia ja hurjia k\u00e4\u00e4nteit\u00e4: Tutustu antiikin Dan Browniin<\/a>&nbsp;&nbsp;historianet.fi<\/li>\n<li><a href=\"https:\/\/news.google.com\/rss\/articles\/CBMitAFBVV95cUxOcTdHeGZ5X0tLa2VCcTNBQUxaTTAxY3lXT2cxQVZQdlFqOUxsQ2dhU1JFSGQ0cXVwZ0ZKYWlLcUpyalhOQ2ltcDc1U3ZpUnBQdFFfMXRuTE80NG53a2E2QUI1aHN2Sm9ZTnRDYm9uY0pPM3pFanYwdVVVd2J0Tm5CMG5mbUpGZjktREJrS3gxSDMycUxTYkRDakFESTdlc1ZHSjJ3QTBPcE1GdDJzWkpNMEtVMkk?oc=5\" target=\"_blank\" rel=\"nofollow noopener\">Christopher Nolan sukeltaa kreikkalaiseen mytologiaan: The Odyssey -traileri<\/a>&nbsp;&nbsp;V2.fi<\/li>\n<\/ol>\n","protected":false},"excerpt":{"rendered":"Christopher Nolanin uusi The Odyssey -elokuva sai vihdoinkin trailerin &#8211; t\u00e4lt\u00e4 n\u00e4ytt\u00e4\u00e4 ensi kes\u00e4n eeppinen toimintaseikkailu&nbsp;&nbsp;Muropaketti.com Christopher Nolanin&hellip;\n","protected":false},"author":2,"featured_media":194,"comment_status":"","ping_status":"","sticky":false,"template":"","format":"standard","meta":{"footnotes":""},"categories":[131],"tags":[155,137,33,173,31,30,172,32,109],"class_list":{"0":"post-123291","1":"post","2":"type-post","3":"status-publish","4":"format-standard","5":"has-post-thumbnail","7":"category-elokuvat","8":"tag-elokuvat","9":"tag-entertainment","10":"tag-fi","11":"tag-film","12":"tag-finland","13":"tag-finnish","14":"tag-movies","15":"tag-suomi","16":"tag-viihde"},"share_on_mastodon":{"url":"","error":""},"_links":{"self":[{"href":"https:\/\/www.europesays.com\/fi\/wp-json\/wp\/v2\/posts\/123291","targetHints":{"allow":["GET"]}}],"collection":[{"href":"https:\/\/www.europesays.com\/fi\/wp-json\/wp\/v2\/posts"}],"about":[{"href":"https:\/\/www.europesays.com\/fi\/wp-json\/wp\/v2\/types\/post"}],"author":[{"embeddable":true,"href":"https:\/\/www.europesays.com\/fi\/wp-json\/wp\/v2\/users\/2"}],"replies":[{"embeddable":true,"href":"https:\/\/www.europesays.com\/fi\/wp-json\/wp\/v2\/comments?post=123291"}],"version-history":[{"count":0,"href":"https:\/\/www.europesays.com\/fi\/wp-json\/wp\/v2\/posts\/123291\/revisions"}],"wp:featuredmedia":[{"embeddable":true,"href":"https:\/\/www.europesays.com\/fi\/wp-json\/wp\/v2\/media\/194"}],"wp:attachment":[{"href":"https:\/\/www.europesays.com\/fi\/wp-json\/wp\/v2\/media?parent=123291"}],"wp:term":[{"taxonomy":"category","embeddable":true,"href":"https:\/\/www.europesays.com\/fi\/wp-json\/wp\/v2\/categories?post=123291"},{"taxonomy":"post_tag","embeddable":true,"href":"https:\/\/www.europesays.com\/fi\/wp-json\/wp\/v2\/tags?post=123291"}],"curies":[{"name":"wp","href":"https:\/\/api.w.org\/{rel}","templated":true}]}}