{"id":123292,"date":"2025-12-22T16:43:12","date_gmt":"2025-12-22T16:43:12","guid":{"rendered":"https:\/\/www.europesays.com\/fi\/123292\/"},"modified":"2025-12-22T16:43:12","modified_gmt":"2025-12-22T16:43:12","slug":"tommi-makinen-mm-sarjan-yllatyskaanteesta-tama-on-tosi-kova-juttu-2","status":"publish","type":"post","link":"https:\/\/www.europesays.com\/fi\/123292\/","title":{"rendered":"Tommi M\u00e4kinen MM-sarjan yll\u00e4tysk\u00e4\u00e4nteest\u00e4 \u2013 \u201dT\u00e4m\u00e4 on tosi kova juttu\u201d"},"content":{"rendered":"<p>Ralli|Project Rally One on ilmoittautui uutena tallina kauden 2027 rallin MM-sarjaan. Siit\u00e4 uusien s\u00e4\u00e4nt\u00f6jen mukainen niin sanottu viritt\u00e4j\u00e4valmistaja.<\/p>\n<p>Lue tiivistelm\u00e4<\/p>\n<p class=\"article-body mb-nof-24 px-nof-16 sndp-summary-bullet-point-font\">Rallin MM-sarjaan tulee uusi talli vuodesta 2027 l\u00e4htien, kun Project Rally One ilmoitti osallistumisestaan.<\/p>\n<p class=\"article-body mb-nof-24 px-nof-16 sndp-summary-bullet-point-font\">Nelinkertainen maailmanmestari ja Toyotan entinen tallip\u00e4\u00e4llikk\u00f6 Tommi M\u00e4kinen pureutuu nyt uutiseen.<\/p>\n<p class=\"article-body mb-nof-24 px-nof-16 sndp-summary-bullet-point-font\">MM-sarjassa kilpailee t\u00e4ll\u00e4 hetkell\u00e4 vain kaksi tehdastallia, Toyota ja Hyundai sek\u00e4 Fordeja ajattava M-Sport-talli.<\/p>\n<p class=\"article-body mb-nof-24 px-nof-16 sndp-summary-bullet-point-font\">Uuden, vuonna 2027 alkavan s\u00e4\u00e4nt\u00f6jakson uskotaan pirist\u00e4v\u00e4n MM-sarjaa.<\/p>\n<p class=\"article-body mb-nof-24 px-nof-16\">Tallien v\u00e4h\u00e4isyyden takia alakulon alhossa rypeneest\u00e4 rallin MM-sarjasta tuli hiljattain lupaavia uutisia.<\/p>\n<p class=\"article-body mb-nof-24 px-nof-16\">MM-sarjan p\u00e4\u00e4kilpaluokkaan liittyy uusi talli, kun Project Rally Onen kerrottiin tulevan mukaan vuodesta 2027 l\u00e4htien.<\/p>\n<p class=\"article-body mb-nof-24 px-nof-16\">Rallikuljettajien nelinkertainen maailmanmestari ja Toyotan tallip\u00e4\u00e4llikk\u00f6n\u00e4 menestynyt <a class=\"article-personlink\" href=\"https:\/\/www.hs.fi\/haku\/?query=Tommi%20M%C3%A4kinen\" rel=\"nofollow noopener\" target=\"_blank\">Tommi M\u00e4kinen<\/a> otti uutisen riemulla vastaan.<\/p>\n<p class=\"article-body mb-nof-24 px-nof-16\">\u201dT\u00e4m\u00e4 on ihan huippujuttu, n\u00e4it\u00e4 pit\u00e4\u00e4 saada lis\u00e4\u00e4. Se her\u00e4tt\u00e4\u00e4 MM-sarjan henkiin uudelleen\u201d, M\u00e4kinen, 61, sanoo.<\/p>\n<p><img decoding=\"async\" src=\"https:\/\/www.europesays.com\/fi\/wp-content\/uploads\/2025\/12\/1766166549_235_468.jpg\" alt=\"Tommi M\u00e4kinen, 61, on toiveikas rallin MM-sarjan suhteen.\" class=\"_Img_1rerz_1\" style=\"aspect-ratio:1.3333333333333333\" loading=\"eager\"\/><\/p>\n<p class=\"article-picture-caption\">Tommi M\u00e4kinen, 61, on toiveikas rallin MM-sarjan suhteen. Kuva:\u00a0Tuomas Arkimies<\/p>\n<p class=\"article-body mb-nof-24 px-nof-16\">Rallin MM-sarja on ollut viime aikoina ahdingossa p\u00e4\u00e4luokan tallien v\u00e4hyyden vuoksi. MM-sarjan p\u00e4\u00e4luokassa kilpailee vain kaksi tehdastallia, eli japanilainen Toyota sek\u00e4 etel\u00e4korealainen Hyundai.<\/p>\n<p class=\"article-body mb-nof-24 px-nof-16\">Lis\u00e4ksi MM-p\u00e4\u00e4luokassa kilpailee Fordeja ajattava M-Sport-talli.<\/p>\n<p class=\"article-body mb-nof-24 px-nof-16\">Project Rally One on ensimm\u00e4inen virallisesti osallistumisestaan ilmoittanut uusi talli MM-sarjaan 2027. Siit\u00e4 tulee niin sanottu viritt\u00e4j\u00e4valmistaja vuonna 2027 voimaan astuvan uuden s\u00e4\u00e4nt\u00f6jakson mukaisesti.<\/p>\n<p class=\"article-body mb-nof-24 px-nof-16\">Project Rally Onen johtohahmoihin kuuluu kokenut belgialainen automies <a class=\"article-personlink\" href=\"https:\/\/www.hs.fi\/haku\/?query=Yves%20Matton\" rel=\"nofollow noopener\" target=\"_blank\">Yves Matton<\/a>, 58, joka on ty\u00f6skennellyt muun muassa Citro\u00ebnin tehdastallin johdossa ja kansainv\u00e4lisen autoliitto FIA:n rallijohtajana.<\/p>\n<p class=\"article-body mb-nof-24 px-nof-16\">Lis\u00e4ksi tallin johtoon kuuluu kokenut belgialaisinsin\u00f6\u00f6ri <a class=\"article-personlink\" href=\"https:\/\/www.hs.fi\/haku\/?query=Lionel%20Hansen\" rel=\"nofollow noopener\" target=\"_blank\">Lionel Hansen<\/a>, 48, ja mukana on Prospeed-yritys.<\/p>\n<p class=\"article-body mb-nof-24 px-nof-16\">\u201dT\u00e4m\u00e4 on tosi kova juttu siin\u00e4kin mieless\u00e4, ett\u00e4 tallin taustalla ovat ammattilaiset. Siell\u00e4 on osaavaa v\u00e4ke\u00e4\u201d, M\u00e4kinen toteaa.<\/p>\n<p class=\"article-body mb-nof-24 px-nof-16\">Project Rally Onen kaltaisella viritt\u00e4j\u00e4valmistajalla tarkoitetaan yksityistallia, joka rakentaa ajokkinsa FIA:n m\u00e4\u00e4r\u00e4\u00e4mien s\u00e4\u00e4nt\u00f6jen pohjalta.<\/p>\n<p class=\"article-body mb-nof-24 px-nof-16\">Project Rally Onen ajokin ulkon\u00e4k\u00f6\u00e4 tai teknisi\u00e4 yksityiskohtia ei ole toistaiseksi kerrottu.<\/p>\n<p class=\"article-body mb-nof-24 px-nof-16\">Autoon tulee vuoden 2027 s\u00e4\u00e4nn\u00f6iss\u00e4 m\u00e4\u00e4ritelty putkirunkorakenne, mutta muutoin uusi auto perustuu tekniikaltaan pitk\u00e4lti nykyiseen Rally2-luokan autoon.<\/p>\n<p class=\"article-body mb-nof-24 px-nof-16\">Uuden s\u00e4\u00e4nt\u00f6kauden p\u00e4\u00e4luokan autossa on l\u00e4ht\u00f6kohtaisesti 1,6-litrainen polttomoottori turbolla. Moottorissa k\u00e4ytet\u00e4\u00e4n kest\u00e4v\u00e4n kehityksen mukaista polttoainetta, ja siin\u00e4 on noin 300 hevosvoimaa.<\/p>\n<p class=\"article-body mb-nof-24 px-nof-16\">Uusien autojen minimipainoksi on mainittu noin 1\u202f230 kiloa \u2013 eli likimain saman verran kuin nykyisill\u00e4 Rally2-autoilla.<\/p>\n<p class=\"article-body mb-nof-24 px-nof-16\">FIA:n mukaan nykyiset Rally1-luokan autot j\u00e4tet\u00e4\u00e4n pois MM-sarjan p\u00e4\u00e4luokasta kokonaan vuoden 2027 alusta.<\/p>\n<p><img decoding=\"async\" src=\"https:\/\/www.europesays.com\/fi\/wp-content\/uploads\/2025\/12\/1766324411_951_468.jpg\" alt=\"Toyotan tehdastalli on hallinnut rallin MM-sarjaa viime vuodet.\" class=\"_Img_1rerz_1\" style=\"aspect-ratio:1.5\" loading=\"eager\"\/><\/p>\n<p class=\"article-picture-caption\">Toyotan tehdastalli on hallinnut rallin MM-sarjaa viime vuodet. Kuva:\u00a0Luca Barsali<\/p>\n<p class=\"article-body mb-nof-24 px-nof-16\">Uuden p\u00e4\u00e4luokan auton kustannuskatoksi on ainakin puheissa rajattu 345\u202f000 euroa ajokin asfalttiversiossa. Pudotus hinnassa on huomattava, sill\u00e4 asiantuntijoiden mukaan nykyiset Rally1-ajokit maksavat noin miljoona euroa ja kenties ylikin.<\/p>\n<p class=\"article-body mb-nof-24 px-nof-16\">FIA:n teknisten ja turvallisuusasioiden johtaja <a class=\"article-personlink\" href=\"https:\/\/www.hs.fi\/haku\/?query=Xavier%20Mestelan%20Pinon\" rel=\"nofollow noopener\" target=\"_blank\">Xavier Mestelan Pinon<\/a>, 54, on aiemmin todennut, ett\u00e4 viritt\u00e4jien on sitouduttava vain yhden (FIA:n hyv\u00e4ksym\u00e4n) automerkin osien k\u00e4ytt\u00e4miseen rakentamisessa ja auton yll\u00e4pidossa.<\/p>\n<p><img decoding=\"async\" src=\"https:\/\/www.europesays.com\/fi\/wp-content\/uploads\/2025\/12\/1766324412_311_468.jpg\" alt=\"Kansainv\u00e4lisen autoliiton FIA:n tekniikka- ja turvallisuusp\u00e4\u00e4llikk\u00f6 Xavier Mestelan Pinon, 54, on puuhannut uudistusta rallin MM-sarjaan.\" class=\"_Img_1rerz_1\" style=\"aspect-ratio:1.3333333333333333\" loading=\"eager\"\/><\/p>\n<p class=\"article-picture-caption\">Kansainv\u00e4lisen autoliiton FIA:n tekniikka- ja turvallisuusp\u00e4\u00e4llikk\u00f6 Xavier Mestelan Pinon, 54, on puuhannut uudistusta rallin MM-sarjaan. Kuva:\u00a0Tuomas Arkimies \/ IS<\/p>\n<p class=\"article-body mb-nof-24 px-nof-16\">Yksityistallin \u201dtuunaajaviritt\u00e4j\u00e4t\u201d eiv\u00e4t siis voi yhdistell\u00e4 parhaaksi katsomallaan tavalla eri automerkkien osia ajokeissaan.<\/p>\n<p class=\"article-body mb-nof-24 px-nof-16\">Autojen korien ja katteiden suhteen valmistajilla pit\u00e4isi olla my\u00f6s aiempaa enemm\u00e4n vaihtoehtoja. Muun muassa sedan-, viistoper\u00e4-, crossover- mallit ovat olleet puheissa.<\/p>\n<p class=\"article-body mb-nof-24 px-nof-16\">Viritt\u00e4j\u00e4valmistajien on rakennettava v\u00e4hint\u00e4\u00e4n kymmenen MM-p\u00e4\u00e4luokan s\u00e4\u00e4nt\u00f6jen mukaista autoa ja suostua my\u00f6s myym\u00e4\u00e4n niit\u00e4.<\/p>\n<p class=\"article-body mb-nof-24 px-nof-16\">M\u00e4kinen on jo vuosia aiemmin puhunut siit\u00e4, ett\u00e4 rallin MM-sarjan pit\u00e4isi menn\u00e4 suuntaan, jossa yksityistallien on helpompi tulla mukaan p\u00e4\u00e4luokkaan.<\/p>\n<p class=\"article-body mb-nof-24 px-nof-16\">M\u00e4kinen on sanonut, ett\u00e4 autoja rakentavia, ajattavia, huoltavia ja yll\u00e4pit\u00e4vi\u00e4 tiimej\u00e4 \u2013 ei vain autotehtaiden talleja \u2013 l\u00f6ytyy varmasti, ja niiden taustalle tulee maailmanlaajuisesta n\u00e4kyvyydest\u00e4 ja markkinoinnista kiinnostuneet yhti\u00f6t.<\/p>\n<p class=\"article-body mb-nof-24 px-nof-16\">\u201dOlen t\u00e4llaisen mallin puolesta liputtanut jo aika kauan. Nyt se n\u00e4ytt\u00e4isi pikku hiljaa menev\u00e4n siihen suuntaan\u201d, M\u00e4kinen tuumaa.<\/p>\n<p class=\"article-body mb-nof-24 px-nof-16\">\u201dMM-sarja meni vuosien saatossa siihen, ett\u00e4 mit\u00e4\u00e4n autoja ei oikein pystynyt yksityistallit tekem\u00e4\u00e4n, kun kaikki piti tehd\u00e4 autonvalmistajien ehdoilla. Nyt t\u00e4m\u00e4 vaikuttaisi siis olevan muuttumassa takaisin parempaan suuntaan\u201d, h\u00e4n jatkaa.<\/p>\n<p class=\"article-body mb-nof-24 px-nof-16\">M\u00e4kinen on my\u00f6s jo aiemmin todennut, ett\u00e4 rallin MM-sarjan kannattaisi panostaa n\u00e4ytt\u00e4vyyteen ja show\u2019hun ja panna lajissa perinteisesti mukana kulkenut insin\u00f6\u00f6rivetoinen teknologia-ajattelu taka-alalle.<\/p>\n<p class=\"article-body mb-nof-24 px-nof-16\">\u201dMinusta t\u00e4m\u00e4n p\u00e4iv\u00e4n sukupolvea ei kiinnosta niink\u00e4\u00e4n autojen teknologia vaan se, ett\u00e4 mink\u00e4lainen show saadaan aikaan\u201d, M\u00e4kinen toteaa.<\/p>\n<p class=\"article-body mb-nof-24 px-nof-16\">T\u00e4ll\u00e4 tietoa p\u00e4\u00e4luokan uusia ajokkeja vastaan voisi kilpailla samassa kilpakategoriassa my\u00f6s Rally2-ajokeilla.<\/p>\n<p class=\"article-body mb-nof-24 px-nof-16\">T\u00e4ll\u00e4 er\u00e4\u00e4 tilanne on se, ett\u00e4 Project Rally Onen lis\u00e4ksi vain Toyotan tiedet\u00e4\u00e4n rakentavan putkirunkoista, t\u00e4ysin uusien s\u00e4\u00e4nt\u00f6jen mukaista ajokkia. Hyundain, M-Sport-tallin ja kenties Lancian uumoillaan osallistuvan vuoden 2027 MM-p\u00e4\u00e4luokkaan er\u00e4\u00e4nlaisilla Rally2-auton kehitysversioilla.<\/p>\n<p><img decoding=\"async\" src=\"https:\/\/www.europesays.com\/fi\/wp-content\/uploads\/2025\/11\/1762773009_990_468.jpg\" alt=\"Lancia Ypsilon Integrale Rally 2 -ajokki esiteltiin hiljattain.\" class=\"_Img_1rerz_1\" style=\"aspect-ratio:1.5011727912431587\" loading=\"eager\"\/><\/p>\n<p class=\"article-picture-caption\">Lancia Ypsilon Integrale Rally 2 -ajokki esiteltiin hiljattain. Kuva:\u00a0Andr\u00e9 Ferreira<\/p>\n<p class=\"article-body mb-nof-24 px-nof-16\">M\u00e4kinen painottaa, ett\u00e4 rallin MM-sarjan p\u00e4\u00e4luokan ajokkien pit\u00e4\u00e4 olla yleis\u00f6\u00e4 kiehtovia. H\u00e4n ei pid\u00e4 l\u00e4ht\u00f6kohtaisesti hyv\u00e4n\u00e4 ajatuksena sit\u00e4, ett\u00e4 nykyisenkaltaisilla Rally2-autoilla pystyisi taistelemaan yleiskilpailun voitosta vuonna 2027.<\/p>\n<p class=\"article-body mb-nof-24 px-nof-16\">\u201dRally2-autot ovat ihan hyvi\u00e4 autoja, mutta minun mielest\u00e4ni MM-p\u00e4\u00e4luokassa pit\u00e4isi olla enemm\u00e4n n\u00e4ytt\u00e4vyytt\u00e4 kuin nykyisill\u00e4 Rally2-autoilla pystyy tarjoamaan.\u201d<\/p>\n","protected":false},"excerpt":{"rendered":"Ralli|Project Rally One on ilmoittautui uutena tallina kauden 2027 rallin MM-sarjaan. Siit\u00e4 uusien s\u00e4\u00e4nt\u00f6jen mukainen niin sanottu viritt\u00e4j\u00e4valmistaja.&hellip;\n","protected":false},"author":2,"featured_media":123293,"comment_status":"","ping_status":"","sticky":false,"template":"","format":"standard","meta":{"footnotes":""},"categories":[158],"tags":[33,31,30,46,159,32,160],"class_list":{"0":"post-123292","1":"post","2":"type-post","3":"status-publish","4":"format-standard","5":"has-post-thumbnail","7":"category-urheilu","8":"tag-fi","9":"tag-finland","10":"tag-finnish","11":"tag-helsingin-sanomat","12":"tag-sports","13":"tag-suomi","14":"tag-urheilu"},"share_on_mastodon":{"url":"https:\/\/pubeurope.com\/@fi\/115764226972350393","error":""},"_links":{"self":[{"href":"https:\/\/www.europesays.com\/fi\/wp-json\/wp\/v2\/posts\/123292","targetHints":{"allow":["GET"]}}],"collection":[{"href":"https:\/\/www.europesays.com\/fi\/wp-json\/wp\/v2\/posts"}],"about":[{"href":"https:\/\/www.europesays.com\/fi\/wp-json\/wp\/v2\/types\/post"}],"author":[{"embeddable":true,"href":"https:\/\/www.europesays.com\/fi\/wp-json\/wp\/v2\/users\/2"}],"replies":[{"embeddable":true,"href":"https:\/\/www.europesays.com\/fi\/wp-json\/wp\/v2\/comments?post=123292"}],"version-history":[{"count":0,"href":"https:\/\/www.europesays.com\/fi\/wp-json\/wp\/v2\/posts\/123292\/revisions"}],"wp:featuredmedia":[{"embeddable":true,"href":"https:\/\/www.europesays.com\/fi\/wp-json\/wp\/v2\/media\/123293"}],"wp:attachment":[{"href":"https:\/\/www.europesays.com\/fi\/wp-json\/wp\/v2\/media?parent=123292"}],"wp:term":[{"taxonomy":"category","embeddable":true,"href":"https:\/\/www.europesays.com\/fi\/wp-json\/wp\/v2\/categories?post=123292"},{"taxonomy":"post_tag","embeddable":true,"href":"https:\/\/www.europesays.com\/fi\/wp-json\/wp\/v2\/tags?post=123292"}],"curies":[{"name":"wp","href":"https:\/\/api.w.org\/{rel}","templated":true}]}}