{"id":123298,"date":"2025-12-22T16:47:16","date_gmt":"2025-12-22T16:47:16","guid":{"rendered":"https:\/\/www.europesays.com\/fi\/123298\/"},"modified":"2025-12-22T16:47:16","modified_gmt":"2025-12-22T16:47:16","slug":"bydn-paajohtaja-stella-li-kertoo-hslle-ne-haviavat-jotka-eivat-investoi-sahkoon","status":"publish","type":"post","link":"https:\/\/www.europesays.com\/fi\/123298\/","title":{"rendered":"BYD:n p\u00e4\u00e4johtaja Stella Li kertoo HS:lle: Ne h\u00e4vi\u00e4v\u00e4t, jotka eiv\u00e4t investoi s\u00e4hk\u00f6\u00f6n"},"content":{"rendered":"<p>S\u00e4hk\u00f6autot|Autoj\u00e4tti BYD:n johtaja Stella Li paaluttaa, ett\u00e4 s\u00e4hk\u00f6autoilun kelkasta j\u00e4tt\u00e4ytyv\u00e4t h\u00e4vi\u00e4v\u00e4t. Suomen markkinasta kiinalaiset eiv\u00e4t ole saaneet viel\u00e4 otetta.<\/p>\n<p class=\"article-body mb-nof-24 px-nof-16\">Euroopan jahkailu polttomoottorista ei vaikuta maailman suurimman s\u00e4hk\u00f6automerkin laajenemisaikeisiin.<\/p>\n<p class=\"article-body mb-nof-24 px-nof-16\">N\u00e4in v\u00e4itt\u00e4\u00e4 Suomessa vieraillut BYD:n varatoimitusjohtaja<a class=\"article-personlink\" href=\"https:\/\/www.hs.fi\/haku\/?query=%20Stella%20Li\" rel=\"nofollow noopener\" target=\"_blank\"> Stella Li<\/a>. <a class=\"underline underline-offset-[0.12em] [text-decoration-thickness:var(--generic-link-underline-thickness)] [text-decoration-color:var(--generic-link-underline-color)] [text-decoration-skip-ink:var(--generic-link-underline-skip-ink)] break-words\" href=\"https:\/\/www.hs.fi\/talous\/art-2000011695822.html\" rel=\"nofollow noopener\" target=\"_blank\">EU aikoo lievent\u00e4\u00e4<\/a> uusille bensiini- ja dieselautoille kaavailtua kieltoa, mik\u00e4 on n\u00e4p\u00e4ytys t\u00e4ysin s\u00e4hk\u00f6iselle tulevaisuudelle.<\/p>\n","protected":false},"excerpt":{"rendered":"S\u00e4hk\u00f6autot|Autoj\u00e4tti BYD:n johtaja Stella Li paaluttaa, ett\u00e4 s\u00e4hk\u00f6autoilun kelkasta j\u00e4tt\u00e4ytyv\u00e4t h\u00e4vi\u00e4v\u00e4t. Suomen markkinasta kiinalaiset eiv\u00e4t ole saaneet viel\u00e4&hellip;\n","protected":false},"author":2,"featured_media":123299,"comment_status":"","ping_status":"","sticky":false,"template":"","format":"standard","meta":{"footnotes":""},"categories":[76],"tags":[79,77,33,31,30,46,32,78],"class_list":{"0":"post-123298","1":"post","2":"type-post","3":"status-publish","4":"format-standard","5":"has-post-thumbnail","7":"category-talous","8":"tag-business","9":"tag-economy","10":"tag-fi","11":"tag-finland","12":"tag-finnish","13":"tag-helsingin-sanomat","14":"tag-suomi","15":"tag-talous"},"share_on_mastodon":{"url":"https:\/\/pubeurope.com\/@fi\/115764242278349850","error":""},"_links":{"self":[{"href":"https:\/\/www.europesays.com\/fi\/wp-json\/wp\/v2\/posts\/123298","targetHints":{"allow":["GET"]}}],"collection":[{"href":"https:\/\/www.europesays.com\/fi\/wp-json\/wp\/v2\/posts"}],"about":[{"href":"https:\/\/www.europesays.com\/fi\/wp-json\/wp\/v2\/types\/post"}],"author":[{"embeddable":true,"href":"https:\/\/www.europesays.com\/fi\/wp-json\/wp\/v2\/users\/2"}],"replies":[{"embeddable":true,"href":"https:\/\/www.europesays.com\/fi\/wp-json\/wp\/v2\/comments?post=123298"}],"version-history":[{"count":0,"href":"https:\/\/www.europesays.com\/fi\/wp-json\/wp\/v2\/posts\/123298\/revisions"}],"wp:featuredmedia":[{"embeddable":true,"href":"https:\/\/www.europesays.com\/fi\/wp-json\/wp\/v2\/media\/123299"}],"wp:attachment":[{"href":"https:\/\/www.europesays.com\/fi\/wp-json\/wp\/v2\/media?parent=123298"}],"wp:term":[{"taxonomy":"category","embeddable":true,"href":"https:\/\/www.europesays.com\/fi\/wp-json\/wp\/v2\/categories?post=123298"},{"taxonomy":"post_tag","embeddable":true,"href":"https:\/\/www.europesays.com\/fi\/wp-json\/wp\/v2\/tags?post=123298"}],"curies":[{"name":"wp","href":"https:\/\/api.w.org\/{rel}","templated":true}]}}