{"id":123302,"date":"2025-12-22T16:49:12","date_gmt":"2025-12-22T16:49:12","guid":{"rendered":"https:\/\/www.europesays.com\/fi\/123302\/"},"modified":"2025-12-22T16:49:12","modified_gmt":"2025-12-22T16:49:12","slug":"puutiainen-velho-kissan-turkissa-ja-lupiini-taydessa-kukassa-katso-lukijoiden-erikoiset-luontohavainnot-kotimaa","status":"publish","type":"post","link":"https:\/\/www.europesays.com\/fi\/123302\/","title":{"rendered":"Puutiainen Velho-kissan turkissa ja lupiini t\u00e4ydess\u00e4 kukassa \u2013 katso lukijoiden erikoiset luontohavainnot | Kotimaa"},"content":{"rendered":"<p class=\"aw-1gybjub aw-5vja16 kEtdKx kmuxyA yle__article__paragraph\">Pyysimme lukijoita kertomaan erikoisista luonto\u00adhavainnoista juuri nyt.<\/p>\n<p><img decoding=\"async\" alt=\"N\u00e4si\u00e4 (Daphne mezereum) kukkii talvip\u00e4iv\u00e4nseisauksena 21.12.2025 Akaan Toijalassa. \" src=\"https:\/\/www.europesays.com\/fi\/wp-content\/uploads\/2025\/12\/39-157358669493655b4847.jpeg\" class=\"aw-1l9m598 hKVVvP\"\/><\/p>\n<p>Avaa kuvien katselu<\/p>\n<p>N\u00e4si\u00e4 kukki talvip\u00e4iv\u00e4nseisauksena 21.12.2025 Akaan Toijalassa. N\u00e4si\u00e4 on kev\u00e4\u00e4n ensimm\u00e4isi\u00e4 kukkijoita, mutta nyt on joulukuu. Kuva: Ari-Pekka Hakala<\/p>\n<p class=\"aw-1gybjub aw-1p7kakr kEtdKx cEmitX yle__article__paragraph\">Se l\u00e4hti pajunkissakuvista, joita Yle sai pariltakin paikkakunnalta viikonloppuna. Kuvien saatteena ihmeteltiin, miksi p\u00e4\u00e4si\u00e4inen tulee jo ennen joulua.<\/p>\n<p class=\"aw-1gybjub aw-1p7kakr kEtdKx cEmitX yle__article__paragraph\">P\u00e4\u00e4timme toimituksessa kysy\u00e4 yleis\u00f6lt\u00e4 laajemminkin luontohavainnoista, jotka tuntuvat kenties hassuilta t\u00e4h\u00e4n aikaan vuodesta.<\/p>\n<p class=\"aw-1gybjub aw-1p7kakr kEtdKx cEmitX yle__article__paragraph\">Niiden my\u00f6t\u00e4 k\u00e4vi ainakin selv\u00e4ksi, ett\u00e4 pajunkissat pilkistelev\u00e4t jo eri puolilla maata ja hyvinkin runsaina.<\/p>\n<p class=\"aw-1gybjub aw-1p7kakr kEtdKx cEmitX yle__article__paragraph\">Pajunkissoista meille l\u00e4hetti kuvansa monen muun mukana esimerkiksi <strong class=\"aw-ak79eh KyCXm yle__article__strong\">Jari Kortsalo<\/strong> Vantaalta.<\/p>\n<p><img decoding=\"async\" alt=\"Pajunkissoja joulukuussa Vantaalla.\" src=\"https:\/\/www.europesays.com\/fi\/wp-content\/uploads\/2025\/12\/39-157367969494a1fb6039.jpeg\" loading=\"lazy\" class=\"aw-1l9m598 hKVVvP\"\/><\/p>\n<p>Avaa kuvien katselu<\/p>\n<p>Pajun valkoiset kissat erottuvat hyvin harmaasta maisemasta. Kuva: Jari Kortsalo<\/p>\n<p class=\"aw-1gybjub aw-1p7kakr kEtdKx cEmitX yle__article__paragraph\">\u2013 19. joulukuuta k\u00e4velyll\u00e4 ihmettelimme aikaista p\u00e4\u00e4si\u00e4ist\u00e4, h\u00e4n kirjoitti kuvan oheen.<\/p>\n<p class=\"aw-1gybjub aw-1p7kakr kEtdKx cEmitX yle__article__paragraph\">Moni lukija muistutti, ett\u00e4 pajulajeja on monenlaisia, ja ett\u00e4 osaan lajikkeista nuput ilmaantuvat ihan normaalisti jo syksyll\u00e4. Pajunkissa pajussa joulukuussa ei siis aina ole mik\u00e4\u00e4n kummallinen juttu.<\/p>\n<p class=\"aw-1gybjub aw-1p7kakr kEtdKx cEmitX yle__article__paragraph\">Mutta jotakin kummallista lienee esimerkiksi lupiinissa, joka p\u00e4\u00e4tti alkaa kukkia Vihdiss\u00e4 marraskuussa.<\/p>\n<p><img decoding=\"async\" alt=\"Lupiini kukki marraskuussa Vihdiss\u00e4.\" src=\"https:\/\/www.europesays.com\/fi\/wp-content\/uploads\/2025\/12\/39-157360069493a7c4b5ae.jpeg\" loading=\"lazy\" class=\"aw-1l9m598 hKVVvP\"\/><\/p>\n<p>Avaa kuvien katselu<\/p>\n<p>Vihattu ja rakastettu lupiini loistaa lilaansa syysmaisemassa. Kuva: Hanna Rissanen<\/p>\n<p class=\"aw-1gybjub aw-1p7kakr kEtdKx cEmitX yle__article__paragraph\">Monessa meille l\u00e4hetetyss\u00e4 kuvassa kukki jokin kes\u00e4kukka. Esimerkiksi orvokeista saimme muutamankin kuvan.<\/p>\n<p><img decoding=\"async\" alt=\"Keltainen orvokki kukkii joulukuussa.\" src=\"https:\/\/www.europesays.com\/fi\/wp-content\/uploads\/2025\/12\/39-157368169494ca5b19fa.jpeg\" loading=\"lazy\" class=\"aw-1l9m598 hKVVvP\"\/><\/p>\n<p>Avaa kuvien katselu<\/p>\n<p>Kari Heistman kuvasi kukkivan keltaisen orvokin joulukuussa. Kuva: Kari Heistman<\/p>\n<p class=\"aw-1gybjub aw-1p7kakr kEtdKx cEmitX yle__article__paragraph\">N\u00e4ytt\u00e4\u00e4 siis silt\u00e4, ett\u00e4 jotkut kasvit el\u00e4v\u00e4t viel\u00e4 vahvasti viime kes\u00e4n h\u00e4nt\u00e4\u00e4, kun toiset jo uumoilevat tulevaa kev\u00e4tt\u00e4.<\/p>\n<p class=\"aw-1gybjub aw-1p7kakr kEtdKx cEmitX yle__article__paragraph\">Olisiko <strong class=\"aw-ak79eh KyCXm yle__article__strong\">Anniina Veijulan<\/strong> kev\u00e4tesikko kukillaan sit\u00e4 j\u00e4lkimm\u00e4ist\u00e4 ryhm\u00e4\u00e4?<\/p>\n<p><img decoding=\"async\" alt=\"Kev\u00e4tesikko kukassa Naantalissa 21.12.2025. \" src=\"https:\/\/www.europesays.com\/fi\/wp-content\/uploads\/2025\/12\/39-15736516949454776e5c.jpeg\" loading=\"lazy\" class=\"aw-1l9m598 hKVVvP\"\/><\/p>\n<p>Avaa kuvien katselu<\/p>\n<p>Kev\u00e4tesikko kukkii tyypillisesti touko-kes\u00e4kuussa. Kuva: Anniina Veijula<\/p>\n<p class=\"aw-1gybjub aw-1p7kakr kEtdKx cEmitX yle__article__paragraph\">Ja kev\u00e4\u00e4ss\u00e4 taitaa olla my\u00f6s <strong class=\"aw-ak79eh KyCXm yle__article__strong\">Christa Winbergin<\/strong> sunnuntaina Inkoossa kuvaama sinivuokko.<\/p>\n<p><img decoding=\"async\" alt=\"Sinivuokka kukki 21.12. Inkoossa.\" src=\"https:\/\/www.europesays.com\/fi\/wp-content\/uploads\/2025\/12\/39-15736416949438595944.jpeg\" loading=\"lazy\" class=\"aw-1l9m598 hKVVvP\"\/><\/p>\n<p>Avaa kuvien katselu<\/p>\n<p>Kev\u00e4tkukkana tunnettu sinivuokko on Inkoossa erehtynyt vuodenajasta. Kuva: Christa Winberg<\/p>\n<p class=\"aw-1gybjub aw-1p7kakr kEtdKx cEmitX yle__article__paragraph\">Yksi hauskimmista kuvista saapui meille Turusta. <strong class=\"aw-ak79eh KyCXm yle__article__strong\">Anu Toivonen<\/strong> on ikuistanut nupullaan olevan voikukan 19. joulukuuta Yliopistonkadulla eli aivan Turun ydinkeskustassa.<\/p>\n<p><img decoding=\"async\" alt=\"Voikukka nupullaan Turun Yliopistonkadulla 19.12.2025.\" src=\"https:\/\/www.europesays.com\/fi\/wp-content\/uploads\/2025\/12\/39-15736476949443733c92.jpeg\" loading=\"lazy\" class=\"aw-1l9m598 hKVVvP\"\/><\/p>\n<p>Avaa kuvien katselu<\/p>\n<p>No onkos tullut kes\u00e4 nyt talven keskelle? Voikukka jos mik\u00e4 on joulukuussa harvinainen n\u00e4ky. Kuva: Anu Toivonen<\/p>\n<p class=\"aw-1gybjub aw-1p7kakr kEtdKx cEmitX yle__article__paragraph\">Leudossa s\u00e4\u00e4ss\u00e4 viihtyv\u00e4t my\u00f6s kes\u00e4isemmist\u00e4 keleist\u00e4 tutut pienet el\u00e4imet.<\/p>\n<p class=\"aw-1gybjub aw-1p7kakr kEtdKx cEmitX yle__article__paragraph\">\u2013 Perjantai-aamuna join aamukahvia ja h\u00e4tk\u00e4hdin, kun keitti\u00f6\u00f6n lensi suurin koskaan n\u00e4kem\u00e4ni ampiainen. My\u00f6hemmin opin, ett\u00e4 se olikin herhil\u00e4inen, kertoo kuvan ottanut <strong class=\"aw-ak79eh KyCXm yle__article__strong\">Saara Kumpulainen<\/strong>.<\/p>\n<p><img decoding=\"async\" alt=\"Herhil\u00e4inen juomalasin sis\u00e4ll\u00e4 sis\u00e4tiloissa.\" src=\"https:\/\/www.europesays.com\/fi\/wp-content\/uploads\/2025\/12\/39-157359769493933232da.jpeg\" loading=\"lazy\" class=\"aw-1l9m598 hKVVvP\"\/><\/p>\n<p>Avaa kuvien katselu<\/p>\n<p>Yli kolmesenttinen otus oli niin tokkurassa, ett\u00e4 Kumpulainen siirsi sen ulos lasin avulla. Kuva: Saara Kumpulainen<\/p>\n<p class=\"aw-1gybjub aw-1p7kakr kEtdKx cEmitX yle__article__paragraph\"><strong class=\"aw-ak79eh KyCXm yle__article__strong\">Juha Tompuri<\/strong> taas huomasi kissassaan salamatkustajan, joka on paljon tutumpi n\u00e4ky kes\u00e4isin.<\/p>\n<p><img decoding=\"async\" alt=\"Puutiainen kissan turkissa.\" src=\"https:\/\/www.europesays.com\/fi\/wp-content\/uploads\/2025\/12\/39-157360169493b6445c01.jpeg\" loading=\"lazy\" class=\"aw-1l9m598 hKVVvP\"\/><\/p>\n<p>Avaa kuvien katselu<\/p>\n<p>Velho-kissallamme oli turkissansa jouluterveisen\u00e4 meille puutiainen, Juha Tompuri kirjoitti kuvan saatteena. Kuva: Juha Tompuri<\/p>\n<p class=\"aw-1gybjub aw-1p7kakr kEtdKx cEmitX yle__article__paragraph\">Hieman suuremman el\u00e4inyst\u00e4v\u00e4n bongasi P. K. Jokela, joka l\u00e4hetti meille energisen videon rupisammakon eli rupikonnan uimisesta. Eip\u00e4 n\u00e4y merkkej\u00e4 talvihorroksesta.<\/p>\n<p>Rupisammakko uiskenteli joessa muutama p\u00e4iv\u00e4 sitten. Kaappasin sen saaviin ja siirsin paikalliseen sammakkolampeen. En ole koskaan aiemmin n\u00e4hnyt sammakkoja joulukuussa, kertoi videon l\u00e4hett\u00e4nyt P. K. Jokela.<\/p>\n","protected":false},"excerpt":{"rendered":"Pyysimme lukijoita kertomaan erikoisista luonto\u00adhavainnoista juuri nyt. Avaa kuvien katselu N\u00e4si\u00e4 kukki talvip\u00e4iv\u00e4nseisauksena 21.12.2025 Akaan Toijalassa. N\u00e4si\u00e4 on&hellip;\n","protected":false},"author":2,"featured_media":123303,"comment_status":"","ping_status":"","sticky":false,"template":"","format":"standard","meta":{"footnotes":""},"categories":[12],"tags":[22,23,404,26,27,33,31,30,17,828,71,24,25,72,28,29,15,18,21,32,19,20,16,22085],"class_list":{"0":"post-123302","1":"post","2":"type-post","3":"status-publish","4":"format-standard","5":"has-post-thumbnail","7":"category-suomi","8":"tag-breaking-news","9":"tag-breakingnews","10":"tag-elaimet","11":"tag-featured-news","12":"tag-featurednews","13":"tag-fi","14":"tag-finland","15":"tag-finnish","16":"tag-headlines","17":"tag-kasvit","18":"tag-kotimaa","19":"tag-latest-news","20":"tag-latestnews","21":"tag-luonto","22":"tag-main-news","23":"tag-mainnews","24":"tag-news","25":"tag-otsikot","26":"tag-paauutiset","27":"tag-suomi","28":"tag-top-stories","29":"tag-topstories","30":"tag-uutiset","31":"tag-vuodenajat"},"share_on_mastodon":{"url":"https:\/\/pubeurope.com\/@fi\/115764250101867805","error":""},"_links":{"self":[{"href":"https:\/\/www.europesays.com\/fi\/wp-json\/wp\/v2\/posts\/123302","targetHints":{"allow":["GET"]}}],"collection":[{"href":"https:\/\/www.europesays.com\/fi\/wp-json\/wp\/v2\/posts"}],"about":[{"href":"https:\/\/www.europesays.com\/fi\/wp-json\/wp\/v2\/types\/post"}],"author":[{"embeddable":true,"href":"https:\/\/www.europesays.com\/fi\/wp-json\/wp\/v2\/users\/2"}],"replies":[{"embeddable":true,"href":"https:\/\/www.europesays.com\/fi\/wp-json\/wp\/v2\/comments?post=123302"}],"version-history":[{"count":0,"href":"https:\/\/www.europesays.com\/fi\/wp-json\/wp\/v2\/posts\/123302\/revisions"}],"wp:featuredmedia":[{"embeddable":true,"href":"https:\/\/www.europesays.com\/fi\/wp-json\/wp\/v2\/media\/123303"}],"wp:attachment":[{"href":"https:\/\/www.europesays.com\/fi\/wp-json\/wp\/v2\/media?parent=123302"}],"wp:term":[{"taxonomy":"category","embeddable":true,"href":"https:\/\/www.europesays.com\/fi\/wp-json\/wp\/v2\/categories?post=123302"},{"taxonomy":"post_tag","embeddable":true,"href":"https:\/\/www.europesays.com\/fi\/wp-json\/wp\/v2\/tags?post=123302"}],"curies":[{"name":"wp","href":"https:\/\/api.w.org\/{rel}","templated":true}]}}