{"id":123309,"date":"2025-12-22T17:05:15","date_gmt":"2025-12-22T17:05:15","guid":{"rendered":"https:\/\/www.europesays.com\/fi\/123309\/"},"modified":"2025-12-22T17:05:15","modified_gmt":"2025-12-22T17:05:15","slug":"gordon-ramsay-on-suomessa-ilta-sanomat","status":"publish","type":"post","link":"https:\/\/www.europesays.com\/fi\/123309\/","title":{"rendered":"Gordon Ramsay on Suomessa &#8211; Ilta-Sanomat"},"content":{"rendered":"<p>Kokki viihtyy talvisissa maisemissa.<\/p>\n<p>21.12. 14:30<\/p>\n<p class=\"article-body mb-nof-24 px-nof-16\">Tv:st\u00e4 tuttu kokki <a class=\"article-personlink\" href=\"https:\/\/www.is.fi\/haku\/?query=Gordon%20Ramsay\" rel=\"nofollow noopener\" target=\"_blank\">Gordon Ramsay<\/a> vierailee parhaillaan Lapissa. Ramsay on julkaissut Instagram-tarinoissaan videon, jossa h\u00e4n kuvaa Lapin lumisia maisemia.<\/p>\n<p class=\"article-body mb-nof-24 px-nof-16\">Toisessa julkaisussaan Ramsay ihastelee v\u00e4rikk\u00e4it\u00e4 revontulia.<\/p>\n<p class=\"article-body mb-nof-24 px-nof-16\">Perjantaina kokin tyt\u00e4r <a class=\"article-personlink\" href=\"https:\/\/www.is.fi\/haku\/?query=Holly%20Ramsay\" rel=\"nofollow noopener\" target=\"_blank\">Holly Ramsay<\/a> kertoi my\u00f6s olevansa Lapissa. Holly julkaisi useamman kuvan talvisista Lapin-maisemista.<\/p>\n<p class=\"article-body mb-nof-24 px-nof-16\">\u2013 Talven ihmemaa, Holly kirjoittaa.<\/p>\n<p class=\"article-body mb-nof-24 px-nof-16\">Holly Ramsayn tulo Suomeen on otettu vastaan innolla.<\/p>\n<p class=\"article-body mb-nof-24 px-nof-16\">\u2013 Toivottavasti sinulla on kivaa t\u00e4\u00e4ll\u00e4 Suomessa, kommenteissa toivotaan.<\/p>\n<p class=\"article-body mb-nof-24 px-nof-16\">\u2013 Mukava n\u00e4hd\u00e4 sinut t\u00e4\u00e4ll\u00e4 Suomessa. Hyv\u00e4\u00e4 joulua!<\/p>\n<p class=\"article-body mb-nof-24 px-nof-16\">Huippukokki on vieraillut Suomen Lapissa aiemminkin, ja vierailujen tuloksia on n\u00e4hty televisiosta.<\/p>\n<p class=\"article-body mb-nof-24 px-nof-16\">Gordon Ramsay tien p\u00e4\u00e4ll\u00e4 -ohjelmassa n\u00e4htiin vuonna 2021, kuinka huskyvaljakon ohjaksiin hyp\u00e4nnyt kokki kyyditsi hurjaa vauhtia matkakumppaneitaan, toista huippukokkia <a class=\"article-personlink\" href=\"https:\/\/www.is.fi\/haku\/?query=Gino%20D%E2%80%99Acampoa\" rel=\"nofollow noopener\" target=\"_blank\">Gino D\u2019Acampoa <\/a>ja n\u00e4yttelij\u00e4<a class=\"article-personlink\" href=\"https:\/\/www.is.fi\/haku\/?query=%20Fred%20Sirieixi%C3%A4\" rel=\"nofollow noopener\" target=\"_blank\"> Fred Sirieixi\u00e4<\/a>, kohti Joulupukin pajakyl\u00e4\u00e4.<\/p>\n<p class=\"article-body mb-nof-24 px-nof-16\">Kolmikko k\u00e4vi my\u00f6s tutustumassa avantouintiin, porotilaan ja kulautteli kurkkuunsa vodkaa.<\/p>\n<p class=\"article-body mb-nof-24 px-nof-16\">Jakson lopussa jouluneuleisiin pukeutuneet miehet matkasivat n\u00e4ytt\u00e4vin jouluvaloin koristellulla matkailuautollaan joulupukin luokse Joulupukin pajakyl\u00e4\u00e4n.<\/p>\n","protected":false},"excerpt":{"rendered":"Kokki viihtyy talvisissa maisemissa. 21.12. 14:30 Tv:st\u00e4 tuttu kokki Gordon Ramsay vierailee parhaillaan Lapissa. Ramsay on julkaissut Instagram-tarinoissaan&hellip;\n","protected":false},"author":2,"featured_media":123310,"comment_status":"","ping_status":"","sticky":false,"template":"","format":"standard","meta":{"footnotes":""},"categories":[133],"tags":[137,33,31,30,34,32,206,156,109],"class_list":{"0":"post-123309","1":"post","2":"type-post","3":"status-publish","4":"format-standard","5":"has-post-thumbnail","7":"category-televisiot","8":"tag-entertainment","9":"tag-fi","10":"tag-finland","11":"tag-finnish","12":"tag-ilta-sanomat","13":"tag-suomi","14":"tag-televisiot","15":"tag-tv","16":"tag-viihde"},"share_on_mastodon":{"url":"https:\/\/pubeurope.com\/@fi\/115764312337399514","error":""},"_links":{"self":[{"href":"https:\/\/www.europesays.com\/fi\/wp-json\/wp\/v2\/posts\/123309","targetHints":{"allow":["GET"]}}],"collection":[{"href":"https:\/\/www.europesays.com\/fi\/wp-json\/wp\/v2\/posts"}],"about":[{"href":"https:\/\/www.europesays.com\/fi\/wp-json\/wp\/v2\/types\/post"}],"author":[{"embeddable":true,"href":"https:\/\/www.europesays.com\/fi\/wp-json\/wp\/v2\/users\/2"}],"replies":[{"embeddable":true,"href":"https:\/\/www.europesays.com\/fi\/wp-json\/wp\/v2\/comments?post=123309"}],"version-history":[{"count":0,"href":"https:\/\/www.europesays.com\/fi\/wp-json\/wp\/v2\/posts\/123309\/revisions"}],"wp:featuredmedia":[{"embeddable":true,"href":"https:\/\/www.europesays.com\/fi\/wp-json\/wp\/v2\/media\/123310"}],"wp:attachment":[{"href":"https:\/\/www.europesays.com\/fi\/wp-json\/wp\/v2\/media?parent=123309"}],"wp:term":[{"taxonomy":"category","embeddable":true,"href":"https:\/\/www.europesays.com\/fi\/wp-json\/wp\/v2\/categories?post=123309"},{"taxonomy":"post_tag","embeddable":true,"href":"https:\/\/www.europesays.com\/fi\/wp-json\/wp\/v2\/tags?post=123309"}],"curies":[{"name":"wp","href":"https:\/\/api.w.org\/{rel}","templated":true}]}}