{"id":123320,"date":"2025-12-22T17:14:08","date_gmt":"2025-12-22T17:14:08","guid":{"rendered":"https:\/\/www.europesays.com\/fi\/123320\/"},"modified":"2025-12-22T17:14:08","modified_gmt":"2025-12-22T17:14:08","slug":"usa-ja-venaja-ajoivat-karille-nyt-asiantuntija-lataa-suorat-sanat","status":"publish","type":"post","link":"https:\/\/www.europesays.com\/fi\/123320\/","title":{"rendered":"USA ja Ven\u00e4j\u00e4 ajoivat karille \u2013 Nyt asiantuntija lataa suorat sanat"},"content":{"rendered":"<p>Ulko- ja tuvallisuuspolitiikan asiantuntijan Henri Vanhasen mukaan Ven\u00e4j\u00e4 pelaa edelleen neuvotteluissa vain aikaa.<\/p>\n<p><img decoding=\"async\" class=\"image image-show image-preview\" src=\"https:\/\/www.europesays.com\/fi\/wp-content\/uploads\/2025\/12\/d68e8e004b6f143e36da29ba55ede3e9049c642a62132002ddb844d26040a58e.jpg\" alt=\"\"\/><img decoding=\"async\" class=\"image image-show\" src=\"https:\/\/www.europesays.com\/fi\/wp-content\/uploads\/2025\/12\/1766423648_979_d68e8e004b6f143e36da29ba55ede3e9049c642a62132002ddb844d26040a58e.jpg\" alt=\"\"\/><\/p>\n<p>Ven\u00e4j\u00e4n ja Yhdysvaltain neuvottelijat tapasivat joulukuun alussa Ven\u00e4j\u00e4ll\u00e4. Kuvassa vasemmalta oikealle Juri U\u0161akov, Jared Kushner, Kirill Dmitriev ja Steve Witkoff. EPA \/ AOP<\/p>\n<ul>\n<li>Ukrainan sodan neuvotteluiden lopputulos j\u00e4i j\u00e4lleen viime viikonloppuna laihaksi.<\/li>\n<li>Pakkaa sekoittavat Ven\u00e4j\u00e4n viivyttely sek\u00e4 Yhdysvaltain ep\u00e4selv\u00e4t viestit.<\/li>\n<li>Uudeksi peluriksi neuvotteluihin n\u00e4ytt\u00e4\u00e4 pyrkiv\u00e4n Ranska, joka ehdotti viime viikolla keskusteluyhteyden avaamista Moskovaan.<\/li>\n<\/ul>\n<p class=\"paragraph\">Ven\u00e4j\u00e4n presidentti <a href=\"https:\/\/www.iltalehti.fi\/henkilot\/Vladimir Putin\" class=\"article-link-person-page\" rel=\"nofollow noopener\" target=\"_blank\">Vladimir Putinin<\/a> ulkopoliittinen avustaja <a href=\"https:\/\/www.iltalehti.fi\/henkilot\/Juri U\u0161akov\" class=\"article-link-person-page\" rel=\"nofollow noopener\" target=\"_blank\">Juri U\u0161akov<\/a> veti sunnuntaina toiveet viikonlopun Ukraina-neuvottelujen tuloksista alas vessasta, kun h\u00e4n kommentoi Ukrainan ja eurooppalaisten ehdotusten olleen \u201dmelko ep\u00e4rakentavia\u201d.<\/p>\n<p class=\"paragraph\">Ulko- ja turvallisuuspolitiikan asiantuntijan <strong>Henri Vanhasen<\/strong> mukaan kommentti oli j\u00e4lleen selv\u00e4 ilmaus siit\u00e4, ett\u00e4 Ven\u00e4j\u00e4 ei koe tarvetta joustaa neuvotteluissa ja k\u00e4ytt\u00e4\u00e4 niit\u00e4 oikeastaan vain viivyttelyyn.<\/p>\n<p class=\"paragraph\">\u2013 Neuvotteluista syntyy t\u00e4ss\u00e4 kohtaa optinen harha siit\u00e4, ett\u00e4 prosessi etenisi, mutta sis\u00e4lt\u00f6 ei kyll\u00e4 viel\u00e4 merkitt\u00e4v\u00e4sti liiku, Vanhanen sanoo.<\/p>\n<p class=\"paragraph\">Yhdysvaltain Floridassa presidentti <a href=\"https:\/\/www.iltalehti.fi\/henkilot\/Donald Trump\" class=\"article-link-person-page\" rel=\"nofollow noopener\" target=\"_blank\">Donald Trumpin<\/a> v\u00e4vy <a href=\"https:\/\/www.iltalehti.fi\/henkilot\/Jared Kushner\" class=\"article-link-person-page\" rel=\"nofollow noopener\" target=\"_blank\">Jared Kushner<\/a> ja erityisl\u00e4hettil\u00e4s <a href=\"https:\/\/www.iltalehti.fi\/henkilot\/Steve Witkoff\" class=\"article-link-person-page\" rel=\"nofollow noopener\" target=\"_blank\">Steve Witkoff<\/a> tapasivat ensin ukrainalaisia perjantaina ja sen j\u00e4lkeen ven\u00e4l\u00e4isi\u00e4 lauantaina. Aluksi neuvotteluita kuvailtiin julkisuuteen \u201drakentaviksi\u201d, mutta Vanhanen ei n\u00e4ille kommenteille hirve\u00e4sti painoarvoa antaisi.<\/p>\n<p class=\"paragraph\">\u2013 Nyt neuvotellaan asetelmasta, ei lopputuloksesta. Ulosp\u00e4in moni asia n\u00e4ytt\u00e4\u00e4 lupaavalta, mutta kun retoriikkaa hieman kuorii pois, n\u00e4hd\u00e4\u00e4n kolme aika erilaista tavoitetta, jotka eiv\u00e4t viel\u00e4 kohtaa, Vanhanen sanoo.<\/p>\n<p>Ulko- ja turvallisuuspolitiikan asiantuntija Henri Vanhanen ei ollut yll\u00e4ttynyt viikonlopun neuvotteluiden lopputuloksesta. Inka Soveri<\/p>\n<p class=\"paragraph\">U\u0161akovin kommentista on luettavissa, ett\u00e4 ainakaan Ven\u00e4j\u00e4 ei ole Vanhasen mukaan miss\u00e4\u00e4n vaiheessa luopunut kauan sitten asettamistaan tavoitteista, joihin kuuluvat Ukrainan alueluovutukset sek\u00e4 maan Nato-j\u00e4senyyden est\u00e4minen.<\/p>\n<p>Kuka puhuu Yhdysvaltain suulla?<\/p>\n<p class=\"paragraph\">Syy siihen, ett\u00e4 Ven\u00e4j\u00e4 pit\u00e4\u00e4 yll\u00e4 ainakin n\u00e4enn\u00e4ist\u00e4 neuvotteluhalukkuutta, l\u00f6ytyy presidentti Trumpista, joka voisi halutessaan asettaa Ven\u00e4j\u00e4lle jo valmistelussa olevia ankariakin talouspakotteita.<\/p>\n<p class=\"paragraph\">N\u00e4ist\u00e4 saatiin esimakua t\u00e4n\u00e4 syksyn\u00e4, kun kaksi ven\u00e4l\u00e4ist\u00e4 \u00f6ljyj\u00e4tti\u00e4 asetettiin Yhdysvaltain pakotelistalle. Sen j\u00e4lkeen Trump on kuitenkin ilmaissut l\u00e4hinn\u00e4 tyytym\u00e4tt\u00f6myytt\u00e4\u00e4n ukrainalaisiin ja heid\u00e4n j\u00e4rkkym\u00e4tt\u00f6myyteens\u00e4 neuvotteluissa.<\/p>\n<p class=\"paragraph\">Euroopassa onkin ihmetelty sit\u00e4, miksi vanha liittolainen ei kirist\u00e4 ruuviaan Ven\u00e4j\u00e4n suhteen ja pakota t\u00e4t\u00e4 n\u00f6yremp\u00e4n\u00e4 neuvottelup\u00f6yt\u00e4\u00e4n.<\/p>\n<p class=\"paragraph\">Samaa on toki ihmetelty my\u00f6s joidenkin yhdysvaltalaisten piiriss\u00e4. Vanhasen mukaan asian suhteen onkin t\u00e4rke\u00e4\u00e4 pit\u00e4\u00e4 mieless\u00e4 se, mink\u00e4 kuppikunnan edustaja aiheesta milloinkin puhuu.<\/p>\n<p>Yhdysvalloissa on nyt Ukrainan sodan kannalta useampi kuppikunta. Kuvassa Yhdysvaltain presidentti Donald Trump (oikealla) yhdess\u00e4 erityisl\u00e4hettil\u00e4\u00e4ns\u00e4 Steve Witkoffin kanssa. ZumaWire \/ MVPHOTOS<\/p>\n<p class=\"paragraph\">Ensimm\u00e4iseen n\u00e4ist\u00e4 lukeutuvat Yhdysvaltain kongressin edustajat, joiden suhtautumisessa asiaan on my\u00f6s hajontaa. Toisena ovat presidentti Trump ja h\u00e4nen l\u00e4hettil\u00e4\u00e4ns\u00e4, ja kolmantena ulkoministeri\u00f6 sek\u00e4 sit\u00e4 johtava ulkoministeri <a href=\"https:\/\/www.iltalehti.fi\/henkilot\/Marco Rubio\" class=\"article-link-person-page\" rel=\"nofollow noopener\" target=\"_blank\">Marco Rubio<\/a>.<\/p>\n<p class=\"paragraph\">\u2013 Tuntuu olevan v\u00e4lill\u00e4 ihan kaikille osapuolille ep\u00e4selv\u00e4\u00e4, kenen \u00e4\u00e4ni nyt eniten t\u00e4ss\u00e4 prosessissa painaa. Se sekoittaa koko neuvottelutilannetta aika paljon, kun ei tiedet\u00e4 ajavatko jonkun edustajan sanat virallista linjaa vai eiv\u00e4t.<\/p>\n<p class=\"paragraph\">Ukrainalle tilanne on ongelmallinen, koska Yhdysvaltain tuen menett\u00e4minen ei ole sille vaihtoehto. Samalla Ukrainan presidentin <a href=\"https:\/\/www.iltalehti.fi\/henkilot\/Volodymyr Zelenskyi\" class=\"article-link-person-page\" rel=\"nofollow noopener\" target=\"_blank\">Volodymyr Zelenskyin<\/a> oma liikkumatila on Vanhasen mukaan nyt poikkeuksellisen kapea.<\/p>\n<p class=\"paragraph\">\u2013 H\u00e4n ei voi luopua alueista ilman, ett\u00e4 koko sodan moraalinen perusta romahtaa Ukrainan kannalta. Eik\u00e4 h\u00e4n voi tietysti my\u00f6sk\u00e4\u00e4n hyv\u00e4ksy\u00e4 sellaista rauhaa, jossa ei ole turvatakuita, koska se olisi vain v\u00e4lirauha.<\/p>\n<p>Ukrainan presidentit Volodymyr Zelenskyille Yhdysvaltain tuen menett\u00e4minen ei ole vaihtoehto. ZumaWire \/ MVPHOTOS<\/p>\n<p>Uusi pelaaja?<\/p>\n<p class=\"paragraph\">Yhdeksi pelaajaksi rauhanneuvotteluihin itse\u00e4\u00e4n petaa nyt selv\u00e4sti Ranskan presidentti <a href=\"https:\/\/www.iltalehti.fi\/henkilot\/Emmanuel Macron\" class=\"article-link-person-page\" rel=\"nofollow noopener\" target=\"_blank\">Emmanuel Macron<\/a>. Sunnuntaina kerrottiin Putinin <a href=\"https:\/\/www.iltalehti.fi\/ulkomaat\/c195a664-0139-4941-80ab-b5d9c4adbf58\" rel=\"nofollow noopener\" target=\"_blank\">suostuneen<\/a> Macronin ehdotukseen presidenttien v\u00e4lisist\u00e4 keskusteluista.<\/p>\n<p class=\"paragraph\">Yhdysvaltalaislehti Politicon tietojen <a href=\"https:\/\/www.politico.eu\/newsletter\/brussels-playbook\/how-macron-stole-the-show\/\" target=\"_blank\" rel=\"noopener nofollow\">mukaan<\/a> Ranska oli my\u00f6s ratkaisevassa roolissa, kun Euroopan unioni p\u00e4\u00e4tti viime viikolla k\u00e4ytt\u00e4\u00e4 Ukrainan rahoittamiseen yhteisvelkaa Ven\u00e4j\u00e4lt\u00e4 j\u00e4\u00e4dytettyjen varojen sijasta.<\/p>\n<p>Ranskan presidentti Emmanuel Macron ilmoitti olevansa valmis keskustelemaan Ven\u00e4j\u00e4n presidentit Vladimir Putinin kanssa. EPA \/ AOP<\/p>\n<p class=\"paragraph\">EU:n toinen suurmaa Saksa oli sen liittokanslerin <a href=\"https:\/\/www.iltalehti.fi\/henkilot\/Friedrich Merz\" class=\"article-link-person-page\" rel=\"nofollow noopener\" target=\"_blank\">Friedrich Merzin<\/a> johdolla taas tukenut vankasti ven\u00e4l\u00e4isvarojen k\u00e4ytt\u00f6\u00f6nottoa. Jotain Ranskan ruodusta lipe\u00e4misest\u00e4 kertoo se, ett\u00e4 Politicon uutinen p\u00e4\u00e4tyi Ven\u00e4j\u00e4n valtiollisen uutistoimiston Tassin etusivulle <a href=\"https:\/\/tass.ru\/mezhdunarodnaya-panorama\/25984207\" target=\"_blank\" rel=\"noopener nofollow\">heti<\/a> maanantaina.<\/p>\n<p class=\"paragraph\">\u2013 Kyll\u00e4h\u00e4n tietysti tuntuu raskaalta, kun Ranskan kaliiberin eurooppalainen valtio ei kykene ajamaan linjaa, mit\u00e4 vaikkapa Saksassa kovasti nyt Merz pyrkii ajamaan, Vanhanen sanoo.<\/p>\n<p class=\"paragraph\">Vanhasen mukaan Ranskan toimia ei voi viel\u00e4 pit\u00e4\u00e4 sooloiluna. Maa varmasti kokee Euroopan unionin suurvaltana vastuukseen ottaa roolia Ukrainan sodan neuvotteluissa.<\/p>\n<p class=\"paragraph\">\u2013 Mutta kyll\u00e4 tietysti me toivoisimme, ett\u00e4 se rooli olisi sellainen, joka tukisi niit\u00e4 ratkaisuja, joita mekin toivomme suhteessa Ukrainan auttamiseen ja Ven\u00e4j\u00e4n aggressioiden vastustamiseen.<\/p>\n","protected":false},"excerpt":{"rendered":"Ulko- ja tuvallisuuspolitiikan asiantuntijan Henri Vanhasen mukaan Ven\u00e4j\u00e4 pelaa edelleen neuvotteluissa vain aikaa. Ven\u00e4j\u00e4n ja Yhdysvaltain neuvottelijat tapasivat&hellip;\n","protected":false},"author":2,"featured_media":123321,"comment_status":"","ping_status":"","sticky":false,"template":"","format":"standard","meta":{"footnotes":""},"categories":[14],"tags":[35,22,23,26,27,33,31,30,17,24,25,28,29,15,18,21,142,637,144,886,32,19,20,56,16,638,59,60,61],"class_list":{"0":"post-123320","1":"post","2":"type-post","3":"status-publish","4":"format-standard","5":"has-post-thumbnail","7":"category-ulkomaat","8":"tag-24h","9":"tag-breaking-news","10":"tag-breakingnews","11":"tag-featured-news","12":"tag-featurednews","13":"tag-fi","14":"tag-finland","15":"tag-finnish","16":"tag-headlines","17":"tag-latest-news","18":"tag-latestnews","19":"tag-main-news","20":"tag-mainnews","21":"tag-news","22":"tag-otsikot","23":"tag-paauutiset","24":"tag-poliitikot","25":"tag-politiikka","26":"tag-presidentti","27":"tag-puolueet","28":"tag-suomi","29":"tag-top-stories","30":"tag-topstories","31":"tag-ulkomaat","32":"tag-uutiset","33":"tag-valtiovalta","34":"tag-world","35":"tag-world-news","36":"tag-worldnews"},"share_on_mastodon":{"url":"https:\/\/pubeurope.com\/@fi\/115764348024151695","error":""},"_links":{"self":[{"href":"https:\/\/www.europesays.com\/fi\/wp-json\/wp\/v2\/posts\/123320","targetHints":{"allow":["GET"]}}],"collection":[{"href":"https:\/\/www.europesays.com\/fi\/wp-json\/wp\/v2\/posts"}],"about":[{"href":"https:\/\/www.europesays.com\/fi\/wp-json\/wp\/v2\/types\/post"}],"author":[{"embeddable":true,"href":"https:\/\/www.europesays.com\/fi\/wp-json\/wp\/v2\/users\/2"}],"replies":[{"embeddable":true,"href":"https:\/\/www.europesays.com\/fi\/wp-json\/wp\/v2\/comments?post=123320"}],"version-history":[{"count":0,"href":"https:\/\/www.europesays.com\/fi\/wp-json\/wp\/v2\/posts\/123320\/revisions"}],"wp:featuredmedia":[{"embeddable":true,"href":"https:\/\/www.europesays.com\/fi\/wp-json\/wp\/v2\/media\/123321"}],"wp:attachment":[{"href":"https:\/\/www.europesays.com\/fi\/wp-json\/wp\/v2\/media?parent=123320"}],"wp:term":[{"taxonomy":"category","embeddable":true,"href":"https:\/\/www.europesays.com\/fi\/wp-json\/wp\/v2\/categories?post=123320"},{"taxonomy":"post_tag","embeddable":true,"href":"https:\/\/www.europesays.com\/fi\/wp-json\/wp\/v2\/tags?post=123320"}],"curies":[{"name":"wp","href":"https:\/\/api.w.org\/{rel}","templated":true}]}}