{"id":123324,"date":"2025-12-22T17:16:09","date_gmt":"2025-12-22T17:16:09","guid":{"rendered":"https:\/\/www.europesays.com\/fi\/123324\/"},"modified":"2025-12-22T17:16:09","modified_gmt":"2025-12-22T17:16:09","slug":"nelosluokkalaiset-loysivat-kadonneen-6-vuotiaan-poliisi-mita-esimerkillisinta-uutissuomalainen","status":"publish","type":"post","link":"https:\/\/www.europesays.com\/fi\/123324\/","title":{"rendered":"Nelosluokkalaiset l\u00f6ysiv\u00e4t kadonneen 6-vuotiaan \u2013 poliisi: &#8221;Mit\u00e4 esimerkillisint\u00e4&#8221; | Uutissuomalainen"},"content":{"rendered":"<p>Nelosluokkalaiset l\u00f6ysiv\u00e4t viime viikolla kadonneen 6-vuotiaan Tampereella.<\/p>\n<p>Sis\u00e4-Suomen poliisi poliisi <a href=\"https:\/\/www.facebook.com\/SiSupoliisilaitos\" rel=\"nofollow noopener\" target=\"_blank\">kertoi tapauksesta<\/a> maanantaina sosiaalisessa mediassa.<\/p>\n<p>Poliisi sai viime viikon perjantaina 19. joulukuuta iltap\u00e4iv\u00e4nelj\u00e4n aikaan kadonneen henkil\u00f6n etsint\u00e4teht\u00e4v\u00e4n.<\/p>\n<p>6-vuotias lapsi oli kadonnut Tuluskadulla Tampereella noin tuntia aikaisemmin. Poliisi k\u00e4ynnisti lapsen etsinn\u00e4t v\u00e4litt\u00f6m\u00e4sti usean partion voimin.<\/p>\n<p><strong class=\"diks-storyline__impact\">Etsiess\u00e4\u00e4n kadonnutta<\/strong> poliisit tiedustelivat havaintoja h\u00e4nest\u00e4 l\u00e4hialueella olevilta ihmisilt\u00e4.<\/p>\n<p>My\u00f6hemmin nelj\u00e4sluokkalaisiksi osoittautuneet lapset kertoivat tuolloin n\u00e4hneens\u00e4 kadonneeksi sopineen henkil\u00f6n joitakin aikoja sitten.<\/p>\n<p>Poliisi jatkoi etsint\u00f6j\u00e4 ja my\u00f6s kaksi nelj\u00e4sluokkalaista, joilta poliisi oli kysynyt havaintoja kadonneesta, l\u00e4htiv\u00e4t omatoimisesti etsim\u00e4\u00e4n kadonnutta.<\/p>\n<p><strong class=\"diks-storyline__impact\">Noin puolen tunnin<\/strong> p\u00e4\u00e4st\u00e4 toinen lapsista juoksi poliisipartion luokse ja kertoi, ett\u00e4 he olivat l\u00f6yt\u00e4neet kadonneen lapsen, ja ett\u00e4 h\u00e4nen kaverinsa on tulossa poliisien luokse kadonneen kanssa.<\/p>\n<p>Poliisi vei kadonneen lapsen kotiinsa l\u00e4pim\u00e4rk\u00e4n\u00e4, mutta kunnossa.<\/p>\n<p>Lopulta 6-vuotias ehti olla kadoksissa noin 2,5 tuntia.<\/p>\n<p>\u2013 Lasten toiminta oli mit\u00e4 esimerkillisint\u00e4 tuossa tilanteessa. Kiit\u00e4mme heit\u00e4 oma-aloitteisuudesta, rohkeudesta ja p\u00e4\u00e4tt\u00e4v\u00e4isyydest\u00e4, ylikomisario <strong>Ari Aro<\/strong> toteaa.<\/p>\n<p><strong class=\"diks-storyline__impact\">Poliisi toimitti <\/strong>molempien l\u00f6yt\u00e4jien kotiin pienet kiitokset ansiokkaasta toiminnasta.<\/p>\n<p>Poliisi muistuttaa somep\u00e4ivityksess\u00e4\u00e4n, ett\u00e4 jos henkil\u00f6 on ollut pidemm\u00e4n aikaa kadoksissa mets\u00e4ss\u00e4 tai maastossa, on t\u00e4rke\u00e4\u00e4, ett\u00e4 silloin etsint\u00e4\u00e4 tehd\u00e4\u00e4n vain johdetusti.<\/p>\n<p>Mets\u00e4\u00e4n j\u00e4\u00e4v\u00e4t etsij\u00f6iden hajuj\u00e4ljet voivat haitata poliisin ja Vapaaehtoisen Pelastuspalvelun koirien toimintaa.<\/p>\n<p>T\u00e4ss\u00e4 6-vuotiaan kadonneen tapauksessa ei ollut kyse kuitenkaan t\u00e4llaisesta vaan lapset toimivat mallikkaasti.<\/p>\n","protected":false},"excerpt":{"rendered":"Nelosluokkalaiset l\u00f6ysiv\u00e4t viime viikolla kadonneen 6-vuotiaan Tampereella. Sis\u00e4-Suomen poliisi poliisi kertoi tapauksesta maanantaina sosiaalisessa mediassa. Poliisi sai viime&hellip;\n","protected":false},"author":2,"featured_media":123325,"comment_status":"","ping_status":"","sticky":false,"template":"","format":"standard","meta":{"footnotes":""},"categories":[5],"tags":[22,23,26,27,33,31,30,17,55,24,25,28,29,15,18,21,54,52,32,551,712,19,20,546,16,796],"class_list":{"0":"post-123324","1":"post","2":"type-post","3":"status-publish","4":"format-standard","5":"has-post-thumbnail","7":"category-otsikot","8":"tag-breaking-news","9":"tag-breakingnews","10":"tag-featured-news","11":"tag-featurednews","12":"tag-fi","13":"tag-finland","14":"tag-finnish","15":"tag-headlines","16":"tag-lainvalvonta","17":"tag-latest-news","18":"tag-latestnews","19":"tag-main-news","20":"tag-mainnews","21":"tag-news","22":"tag-otsikot","23":"tag-paauutiset","24":"tag-pelastuspalvelut","25":"tag-poliisi","26":"tag-suomi","27":"tag-tampere","28":"tag-tampereen-seutukunta","29":"tag-top-stories","30":"tag-topstories","31":"tag-turvallisuus","32":"tag-uutiset","33":"tag-yhteiskunta"},"share_on_mastodon":{"url":"https:\/\/pubeurope.com\/@fi\/115764355580661256","error":""},"_links":{"self":[{"href":"https:\/\/www.europesays.com\/fi\/wp-json\/wp\/v2\/posts\/123324","targetHints":{"allow":["GET"]}}],"collection":[{"href":"https:\/\/www.europesays.com\/fi\/wp-json\/wp\/v2\/posts"}],"about":[{"href":"https:\/\/www.europesays.com\/fi\/wp-json\/wp\/v2\/types\/post"}],"author":[{"embeddable":true,"href":"https:\/\/www.europesays.com\/fi\/wp-json\/wp\/v2\/users\/2"}],"replies":[{"embeddable":true,"href":"https:\/\/www.europesays.com\/fi\/wp-json\/wp\/v2\/comments?post=123324"}],"version-history":[{"count":0,"href":"https:\/\/www.europesays.com\/fi\/wp-json\/wp\/v2\/posts\/123324\/revisions"}],"wp:featuredmedia":[{"embeddable":true,"href":"https:\/\/www.europesays.com\/fi\/wp-json\/wp\/v2\/media\/123325"}],"wp:attachment":[{"href":"https:\/\/www.europesays.com\/fi\/wp-json\/wp\/v2\/media?parent=123324"}],"wp:term":[{"taxonomy":"category","embeddable":true,"href":"https:\/\/www.europesays.com\/fi\/wp-json\/wp\/v2\/categories?post=123324"},{"taxonomy":"post_tag","embeddable":true,"href":"https:\/\/www.europesays.com\/fi\/wp-json\/wp\/v2\/tags?post=123324"}],"curies":[{"name":"wp","href":"https:\/\/api.w.org\/{rel}","templated":true}]}}