{"id":123326,"date":"2025-12-22T17:27:08","date_gmt":"2025-12-22T17:27:08","guid":{"rendered":"https:\/\/www.europesays.com\/fi\/123326\/"},"modified":"2025-12-22T17:27:08","modified_gmt":"2025-12-22T17:27:08","slug":"apple-kayttaja-pelastui-digitaaliselta-tuholta-yhtiolta-huolestuttava-ohje","status":"publish","type":"post","link":"https:\/\/www.europesays.com\/fi\/123326\/","title":{"rendered":"Apple-k\u00e4ytt\u00e4j\u00e4 pelastui digitaaliselta tuholta, yhti\u00f6lt\u00e4 huolestuttava ohje"},"content":{"rendered":"<p>Apple-k\u00e4ytt\u00e4j\u00e4n digitaalinen el\u00e4m\u00e4 pelastui. Mutta onko tarinassa opetus meille kaikille?<\/p>\n<p class=\"article-body mb-nof-24 px-nof-16\">Digitaalisen el\u00e4m\u00e4ns\u00e4 suurelta osin menett\u00e4nyt Apple-k\u00e4ytt\u00e4j\u00e4 kertoo saaneensa k\u00e4ytt\u00e4j\u00e4tilins\u00e4 takaisin. Australialainen Apple-kehitt\u00e4j\u00e4 <a class=\"article-personlink\" href=\"https:\/\/www.is.fi\/haku\/?query=Paris%20Buttfield-Addison\" rel=\"nofollow noopener\" target=\"_blank\">Paris Buttfield-Addison<\/a> joutui vaikeuksiin aiemmin joulukuussa yritetty\u00e4\u00e4n lunastaa paikallisesta kivijalkakaupasta hankitun Apple-lahjakortin.<\/p>\n<p class=\"article-body mb-nof-24 px-nof-16\">Lue lis\u00e4\u00e4: <a class=\"underline underline-offset-[0.12em] [text-decoration-thickness:var(--generic-link-underline-thickness)] [text-decoration-color:var(--generic-link-underline-color)] [text-decoration-skip-ink:var(--generic-link-underline-skip-ink)] break-words\" href=\"https:\/\/www.is.fi\/digitoday\/tietoturva\/art-2000011695362.html\" rel=\"nofollow noopener\" target=\"_blank\">Digitaalinen katastrofi \u2013 \u00e4l\u00e4 anna t\u00e4m\u00e4n tapahtua sinulle<\/a><\/p>\n<p class=\"article-body mb-nof-24 px-nof-16\">Apple potki Buttfield-Addisonin pitk\u00e4lti ulos digitaalisista palveluistaan, ja h\u00e4n muun muassa menetti p\u00e4\u00e4syns\u00e4 iCloud-tallennuspalvelussa oleviin valokuviinsa. 18. joulukuuta Buttfield-Addison p\u00e4\u00e4si takaisin tietoihinsa.<\/p>\n<p class=\"article-body mb-nof-24 px-nof-16\">\u2013 Olemme takaisin! Apple Executive Relationsissa ty\u00f6skentelev\u00e4 ihana mies Singaporesta, joka on soittanut minulle ajoittain jokusen p\u00e4iv\u00e4n ajan, kertoi kaiken korjatun, Buttfield-Addison <a class=\"underline underline-offset-[0.12em] [text-decoration-thickness:var(--generic-link-underline-thickness)] [text-decoration-color:var(--generic-link-underline-color)] [text-decoration-skip-ink:var(--generic-link-underline-skip-ink)] break-words\" href=\"https:\/\/hey.paris\/posts\/appleid\/\" rel=\"nofollow noopener\" target=\"_blank\">sanoo blogissaan<\/a>.<\/p>\n<p class=\"article-body mb-nof-24 px-nof-16\">Buttfield-Addison arvioi, ett\u00e4 h\u00e4nen lahjakorttinsa koodi oli lunastettu luvattomasti, mink\u00e4 vuoksi h\u00e4nen k\u00e4ytt\u00e4j\u00e4tilins\u00e4 lukittiin.<\/p>\n<p class=\"article-body mb-nof-24 px-nof-16\">\u2013 Tietenk\u00e4\u00e4n ei voi hyv\u00e4ksy\u00e4, ett\u00e4 t\u00e4llaista voi tapahtua.<\/p>\n<p class=\"article-body mb-nof-24 px-nof-16\">Applen edustajalla oli antaa huolestuttava ohje: Osta Applen lahjakortteja vain Applelta itselt\u00e4\u00e4n. Edustaja ei halunnut vastata Buttfield-Addisonin kysymykseen, onko lahjakorttien toimitusketju muille kauppiaille turvaton.<\/p>\n<p class=\"article-body mb-nof-24 px-nof-16\">Applella ei ole Suomessa omaa myym\u00e4l\u00e4\u00e4. Fyysisi\u00e4 lahjakortteja sen sijaan myyd\u00e4\u00e4n useissa paikoissa, kuten K-kaupoissa ja Prismoissa. Digitaalisen lahjakortin voi ostaa Applen verkkosivuilta.<\/p>\n","protected":false},"excerpt":{"rendered":"Apple-k\u00e4ytt\u00e4j\u00e4n digitaalinen el\u00e4m\u00e4 pelastui. Mutta onko tarinassa opetus meille kaikille? Digitaalisen el\u00e4m\u00e4ns\u00e4 suurelta osin menett\u00e4nyt Apple-k\u00e4ytt\u00e4j\u00e4 kertoo saaneensa&hellip;\n","protected":false},"author":2,"featured_media":123327,"comment_status":"","ping_status":"","sticky":false,"template":"","format":"standard","meta":{"footnotes":""},"categories":[85],"tags":[33,31,30,34,419,418,32,91,92],"class_list":{"0":"post-123326","1":"post","2":"type-post","3":"status-publish","4":"format-standard","5":"has-post-thumbnail","7":"category-mobiili","8":"tag-fi","9":"tag-finland","10":"tag-finnish","11":"tag-ilta-sanomat","12":"tag-mobiili","13":"tag-mobile","14":"tag-suomi","15":"tag-technology","16":"tag-teknologia"},"share_on_mastodon":{"url":"https:\/\/pubeurope.com\/@fi\/115764399271015284","error":""},"_links":{"self":[{"href":"https:\/\/www.europesays.com\/fi\/wp-json\/wp\/v2\/posts\/123326","targetHints":{"allow":["GET"]}}],"collection":[{"href":"https:\/\/www.europesays.com\/fi\/wp-json\/wp\/v2\/posts"}],"about":[{"href":"https:\/\/www.europesays.com\/fi\/wp-json\/wp\/v2\/types\/post"}],"author":[{"embeddable":true,"href":"https:\/\/www.europesays.com\/fi\/wp-json\/wp\/v2\/users\/2"}],"replies":[{"embeddable":true,"href":"https:\/\/www.europesays.com\/fi\/wp-json\/wp\/v2\/comments?post=123326"}],"version-history":[{"count":0,"href":"https:\/\/www.europesays.com\/fi\/wp-json\/wp\/v2\/posts\/123326\/revisions"}],"wp:featuredmedia":[{"embeddable":true,"href":"https:\/\/www.europesays.com\/fi\/wp-json\/wp\/v2\/media\/123327"}],"wp:attachment":[{"href":"https:\/\/www.europesays.com\/fi\/wp-json\/wp\/v2\/media?parent=123326"}],"wp:term":[{"taxonomy":"category","embeddable":true,"href":"https:\/\/www.europesays.com\/fi\/wp-json\/wp\/v2\/categories?post=123326"},{"taxonomy":"post_tag","embeddable":true,"href":"https:\/\/www.europesays.com\/fi\/wp-json\/wp\/v2\/tags?post=123326"}],"curies":[{"name":"wp","href":"https:\/\/api.w.org\/{rel}","templated":true}]}}