{"id":123344,"date":"2025-12-22T17:43:12","date_gmt":"2025-12-22T17:43:12","guid":{"rendered":"https:\/\/www.europesays.com\/fi\/123344\/"},"modified":"2025-12-22T17:43:12","modified_gmt":"2025-12-22T17:43:12","slug":"5-demokratia-tulee-laajenemaan-voima","status":"publish","type":"post","link":"https:\/\/www.europesays.com\/fi\/123344\/","title":{"rendered":"5. Demokratia tulee laajenemaan &#8211; Voima"},"content":{"rendered":"<p><img data-lazyloaded=\"1\" decoding=\"async\" class=\"bloginfoimg\" src=\"https:\/\/www.europesays.com\/fi\/wp-content\/uploads\/2025\/12\/pajunkissa-1080x1080-tumma-1.png\" alt=\"Pajunkissa \u2013 Podcast ymp\u00e4rist\u00f6liikkeest\u00e4 ja j\u00e4rjestelm\u00e4muutoksesta\"\/><a href=\"https:\/\/voima.fi\/audio\/pajunkissa-podcast-ymparistoliikkeesta-ja-jarjestelmamuutoksesta\/\" rel=\"nofollow noopener\" target=\"_blank\">Pajunkissa \u2013 Podcast ymp\u00e4rist\u00f6liikkeest\u00e4 ja j\u00e4rjestelm\u00e4muutoksesta<\/a><\/p>\n<p>Pajunkissa-podcast on \u00e4\u00e4niviesti tulevaisuuteen kuumenevalta planeetalta. Meit\u00e4 kiinnostavat hankalat kysymykset. Miten el\u00e4\u00e4 luontoa tuhoamatta? Miten muutetaan koko j\u00e4rjestelm\u00e4?<\/p>\n<p>Pohdimme vastauksia ja etsimme ratkaisuja muun muassa n\u00e4ihin teemoihin eri ymp\u00e4rist\u00f6liikkeen toimijoita ja tutkijoita haastatellen.<\/p>\n<p>Podcastissa kuulet muun muassa K\u00e4sivarren ja Savukosken kaivoshankkeiden vastaisesta toiminnasta, Tenojoen moratoriosta sek\u00e4 Vuotoksen altaan vastaisesta vuosikymmenten ty\u00f6st\u00e4. P\u00e4\u00e4set tutustumaan my\u00f6s Elokapinan ja Mets\u00e4liikkeen aktiivien ajatuksiin siit\u00e4, mik\u00e4 innoittaa heit\u00e4 toimimaan t\u00e4ss\u00e4 hetkess\u00e4.<\/p>\n<p>Podcastin tekij\u00e4t ovat Aura Kalli ja Sisli Piisil\u00e4 ja sen jakelu toteutetaan yhteisty\u00f6ss\u00e4 Voima-lehden kanssa.<\/p>\n<p>Mikseiv\u00e4t yksil\u00f6nvalinnat riit\u00e4, ja mik\u00e4 rooli yhteis\u00f6llisyydell\u00e4 voi olla ymp\u00e4rist\u00f6kriisin keskell\u00e4? Mit\u00e4 ymp\u00e4rist\u00f6kamppailuilla tavoitellaan paikallisesti, yhteiskunnallisesti ja kansainv\u00e4lisesti? Mist\u00e4 meid\u00e4n tulisi puhua, ja mihin meid\u00e4n tulisi menn\u00e4?<\/p>\n<p>Ymp\u00e4rist\u00f6kamppailuiden muutosvaatimukset kantavat mukanaan monenlaisia ehdotuksia yhteiskunnallisen kehityksen suunnista. T\u00e4ss\u00e4 jaksossa keskustellaan sellaisistakin ratkaisuehdotuksista, jotka hylk\u00e4\u00e4v\u00e4t talouskasvun ja valtion.<\/p>\n<p><strong>T\u00e4ss\u00e4 jaksossa \u00e4\u00e4ness\u00e4 ovat:<\/strong><br \/>Helena Tiihonen (Vapaa Vuotos)<br \/>Leena Pyh\u00e4j\u00e4rvi (Sokli er\u00e4maana)<br \/>Anni Ahlakorpi (Ellos Deatnu)<br \/>Ida Korhonen (Mets\u00e4liike)<br \/>Pieta Savinotko (It\u00e4-Suomen yliopisto)<br \/>Amos Wallgren (Elokapina)<br \/>Tere Vad\u00e9n (BIOS-tutkimusyksikk\u00f6)<br \/>sek\u00e4 podcastin tekij\u00e4t Aura Kalli ja Sisli Piisil\u00e4<\/p>\n<p>Jaksossa mainitut tekstit, kirjat, ja muuta lis\u00e4tietoa: <a href=\"http:\/\/pajunkissa.net\/\" class=\"external\" rel=\"nofollow noopener\" target=\"_blank\">pajunkissa.net<\/a><\/p>\n<p><a class=\"authoravatar\" href=\"https:\/\/voima.fi\/author\/voima\/\" title=\"voima\" rel=\"nofollow noopener\" target=\"_blank\"><img loading=\"lazy\" decoding=\"async\" data-lazyloaded=\"1\" alt=\"\" src=\"https:\/\/www.europesays.com\/fi\/wp-content\/uploads\/2025\/09\/tyhjalogo-160x160.png\"  class=\"avatar avatar-128 photo\" height=\"128\" width=\"128\"\/><\/a><\/p>\n<ul class=\"author-details\">\n<li class=\"published\">22.12.2025<\/li>\n<li class=\"more-by-author\">Kirjoittanut <a href=\"https:\/\/voima.fi\/author\/voima\/\" rel=\"nofollow noopener\" target=\"_blank\">voima<\/a><\/li>\n<\/ul>\n","protected":false},"excerpt":{"rendered":"Pajunkissa \u2013 Podcast ymp\u00e4rist\u00f6liikkeest\u00e4 ja j\u00e4rjestelm\u00e4muutoksesta Pajunkissa-podcast on \u00e4\u00e4niviesti tulevaisuuteen kuumenevalta planeetalta. Meit\u00e4 kiinnostavat hankalat kysymykset. Miten el\u00e4\u00e4&hellip;\n","protected":false},"author":2,"featured_media":123345,"comment_status":"","ping_status":"","sticky":false,"template":"","format":"standard","meta":{"footnotes":""},"categories":[117],"tags":[33,31,30,72,476,118,32,119,477],"class_list":{"0":"post-123344","1":"post","2":"type-post","3":"status-publish","4":"format-standard","5":"has-post-thumbnail","7":"category-luonto","8":"tag-fi","9":"tag-finland","10":"tag-finnish","11":"tag-luonto","12":"tag-nature","13":"tag-science","14":"tag-suomi","15":"tag-tiede","16":"tag-wildlife"},"share_on_mastodon":{"url":"https:\/\/pubeurope.com\/@fi\/115764462216936582","error":""},"_links":{"self":[{"href":"https:\/\/www.europesays.com\/fi\/wp-json\/wp\/v2\/posts\/123344","targetHints":{"allow":["GET"]}}],"collection":[{"href":"https:\/\/www.europesays.com\/fi\/wp-json\/wp\/v2\/posts"}],"about":[{"href":"https:\/\/www.europesays.com\/fi\/wp-json\/wp\/v2\/types\/post"}],"author":[{"embeddable":true,"href":"https:\/\/www.europesays.com\/fi\/wp-json\/wp\/v2\/users\/2"}],"replies":[{"embeddable":true,"href":"https:\/\/www.europesays.com\/fi\/wp-json\/wp\/v2\/comments?post=123344"}],"version-history":[{"count":0,"href":"https:\/\/www.europesays.com\/fi\/wp-json\/wp\/v2\/posts\/123344\/revisions"}],"wp:featuredmedia":[{"embeddable":true,"href":"https:\/\/www.europesays.com\/fi\/wp-json\/wp\/v2\/media\/123345"}],"wp:attachment":[{"href":"https:\/\/www.europesays.com\/fi\/wp-json\/wp\/v2\/media?parent=123344"}],"wp:term":[{"taxonomy":"category","embeddable":true,"href":"https:\/\/www.europesays.com\/fi\/wp-json\/wp\/v2\/categories?post=123344"},{"taxonomy":"post_tag","embeddable":true,"href":"https:\/\/www.europesays.com\/fi\/wp-json\/wp\/v2\/tags?post=123344"}],"curies":[{"name":"wp","href":"https:\/\/api.w.org\/{rel}","templated":true}]}}