{"id":123346,"date":"2025-12-22T17:54:11","date_gmt":"2025-12-22T17:54:11","guid":{"rendered":"https:\/\/www.europesays.com\/fi\/123346\/"},"modified":"2025-12-22T17:54:11","modified_gmt":"2025-12-22T17:54:11","slug":"saara-vol-3-on-sellainen-etten-valita-mistaan","status":"publish","type":"post","link":"https:\/\/www.europesays.com\/fi\/123346\/","title":{"rendered":"\u201dSaara vol. 3 on sellainen, etten v\u00e4lit\u00e4 mist\u00e4\u00e4n\u201d"},"content":{"rendered":"<p>Saara Aallon el\u00e4m\u00e4ss\u00e4 on alkamassa uusi aikakausi. Se tarkoittaa muun muassa uutta musiikkia.<\/p>\n<p class=\"paragraph\">Joulukuun alussa Helsinki n\u00e4ytt\u00e4\u00e4 harmaalta.<\/p>\n<p class=\"paragraph\"><a href=\"https:\/\/www.iltalehti.fi\/henkilot\/Saara Aalto\" class=\"article-link-person-page\" rel=\"nofollow noopener\" target=\"_blank\">Saara Aallolla<\/a> on ollut aiemmin p\u00e4iv\u00e4ll\u00e4 espanjan tunti et\u00e4yhteyksin. Opiskelun lomassa Saaran opettaja kertoi, ett\u00e4 h\u00e4nen olonsa oli ollut viime aikoina alakuloinen \u201dkylmien ja huonojen ilmojen takia\u201d.<\/p>\n<p class=\"paragraph\">\u2013 Olin, ett\u00e4 n\u00e4en, kun aurinko paistaa ikkunasta suoraan sinun kasvoihin. Min\u00e4 en ole n\u00e4hnyt aurinkoa kolmeen viikkoon, Saara naurahtaa.<\/p>\n<p class=\"paragraph\">Saaralle molemmat s\u00e4\u00e4tilat ovat tuttuja, koska h\u00e4n palasi puolisonsa <a href=\"https:\/\/www.iltalehti.fi\/henkilot\/Meri Aalto\" class=\"article-link-person-page\" rel=\"nofollow noopener\" target=\"_blank\">Meri Aallon<\/a> kanssa marraskuun puoliv\u00e4liss\u00e4 Suomeen Espanjasta. Pariskunta on viihtynyt Espanjassa aina kev\u00e4isin ja syksyisin jo vuosien ajan.<\/p>\n<p class=\"paragraph\">Jatkossa Saara ja Meri saavat nauttia Espanjan auringosta runsain mitoin. Elokuussa pariskunta kertoi l\u00f6yt\u00e4neens\u00e4 Espanjasta ekokyl\u00e4n, jonne rakentuu tulevaisuudessa Aaltojen unelmakoti. Siihen, ett\u00e4 Aallot p\u00e4\u00e4sev\u00e4t muuttamaan kotiin kuluu kuitenkin viel\u00e4 aikaa \u2013 jopa vuosia.<\/p>\n<p class=\"paragraph\">\u2013 T\u00e4ll\u00e4 hetkell\u00e4 n\u00e4ytt\u00e4\u00e4 silt\u00e4, ett\u00e4 se mihin talo tulee, on vasta v\u00e4h\u00e4n my\u00f6hemmin rakennusvaiheessa.<\/p>\n<p class=\"paragraph\">Ekokyl\u00e4 itsess\u00e4\u00e4n syntyy kovaa vauhtia.<\/p>\n<p class=\"paragraph\">\u2013 Siell\u00e4 he ovat koko ajan k\u00e4det t\u00e4ynn\u00e4 t\u00f6it\u00e4. Nyt siell\u00e4 alkaa rakennusvaihe, Saara kertoo.<\/p>\n<p><img decoding=\"async\" class=\"image image-show image-preview\" src=\"https:\/\/www.europesays.com\/fi\/wp-content\/uploads\/2025\/12\/203e780ab1fc2feb9cba2a5c8998e3fb6ef52991c47be01502112f817f072ed1.jpg\" alt=\"\"\/><img decoding=\"async\" class=\"image image-show\" src=\"https:\/\/www.europesays.com\/fi\/wp-content\/uploads\/2025\/12\/1766426051_223_203e780ab1fc2feb9cba2a5c8998e3fb6ef52991c47be01502112f817f072ed1.jpg\" alt=\"\"\/><\/p>\n<p>Saara Aalto  Kaisa Vehkalahti<\/p>\n<p>Kaipuu yhteis\u00f6\u00f6n<\/p>\n<p class=\"paragraph\">Alunperin pariskunnan tien Espanjaan vei vuonna 2021 Merin tennisharrastus. Espanjassa tenniksen pelaaminen kun onnistuu ulkona toisin kuin Suomessa valtaosan vuodesta.<\/p>\n<p class=\"paragraph\">Pikku hiljaa alkoi tulla kuitenkin kaipuu pysyv\u00e4mm\u00e4lle asuinsijalle.<\/p>\n<p class=\"paragraph\">\u2013 Aina, kun menimme katsomaan asuntoja, ajattelimme, ett\u00e4 ihana asunto, mutta onpa v\u00e4h\u00e4n yksin\u00e4ist\u00e4, Saara avaa.<\/p>\n<p class=\"paragraph\">Sek\u00e4 Saara ett\u00e4 Meri sanoivat yhteen \u00e4\u00e4neen, ett\u00e4 olisipa olemassa ekokyl\u00e4 samanhenkisine ihmisineen ja laadukkaine taloineen. Meni kaksi kuukautta ja sellainen l\u00f6ytyi.<\/p>\n<p class=\"paragraph\">Aallot laittoivat s\u00e4hk\u00f6postia ekokyl\u00e4\u00e4n, vaikka eiv\u00e4t olleet edes k\u00e4yneet katsomassa sit\u00e4. Saara sanoo, ettei pariskuntaa arveluttanut miss\u00e4\u00e4n kohtaa, ett\u00e4 kyseess\u00e4 olisi jonkin sortin huijaus.<\/p>\n<p class=\"paragraph\">\u2013 Olimme vain heti, ett\u00e4 t\u00e4m\u00e4 on meant to be kaikinpuolin, Saara hehkuttaa.<\/p>\n<p class=\"paragraph\">Saara kertoo, ett\u00e4 uusia yst\u00e4vi\u00e4 on l\u00f6ytynyt jo nyt. Esimerkiksi mies, joka aloitti ekokyl\u00e4projektin kumppaninsa kanssa on huippumuusikko ja he ovat Saaran kanssa ehtineet jo musisoida yhdess\u00e4.<\/p>\n<p class=\"paragraph\">\u2013 Se oli itselleni t\u00e4rke\u00e4 klikki t\u00e4m\u00e4 musiikkihomma. Ja ylip\u00e4\u00e4t\u00e4\u00e4n ihmiset, jotka ovat eniten sis\u00e4ll\u00e4 projektissa ovat hyvin samanhenkisi\u00e4 ihmisi\u00e4, Saara kertoo.<\/p>\n<p>Saara Aalto on l\u00f6yt\u00e4nyt uusia yst\u00e4vi\u00e4 ekokyl\u00e4-projektin my\u00f6t\u00e4. Kaisa Vehkalahti<\/p>\n<p>Uusi dynamiikka<\/p>\n<p class=\"paragraph\">Espanjan-koti on Saaran ja Merin selke\u00e4 haave ja intohimo. Se kuuluu Saaran puheenparressa.<\/p>\n<p class=\"paragraph\">Kun Saaralta kysyy, onko h\u00e4nell\u00e4 ja Merill\u00e4 muita yhteisi\u00e4 haaveita, keskustelu k\u00e4\u00e4ntyy nopeasti pariskunnan uudenlaiseen dynamiikkaan. Saara kertoo, ett\u00e4 Meri on alkanut tekem\u00e4\u00e4n t\u00f6iden saralla omia juttuja. Meri valmistuu kev\u00e4\u00e4ll\u00e4 terapeutiksi, mink\u00e4 lis\u00e4ksi h\u00e4n tekee NLP-koulutuksia.<\/p>\n<p class=\"paragraph\">Meri toki toimii Saaran managerina jatkossakin, mutta isoja kiertueita h\u00e4n ei en\u00e4\u00e4 j\u00e4rjest\u00e4. Esimerkiksi t\u00e4m\u00e4n vuoden joulukiertueen manageroinnista Meri kielt\u00e4ytyi.<\/p>\n<p class=\"paragraph\">\u2013 Minun j\u00e4rkeni tajusi, ett\u00e4 mahtavaa, ett\u00e4 alat tekem\u00e4\u00e4n omia juttuja. Mutta joku sis\u00e4inen lapsi oli, ett\u00e4 \u201dsin\u00e4 hylk\u00e4\u00e4t minut\u201d. Olin ihan tosi rikki, Saara sanoo.<\/p>\n<p class=\"paragraph\">Meri kuitenkin rauhoitteli Saaraa ja totesi, ett\u00e4 t\u00e4m\u00e4 p\u00e4rj\u00e4\u00e4. Saara toteaa nyt, ett\u00e4 hetki on t\u00e4rke\u00e4. Ty\u00f6 kun on ollut osana paitsi h\u00e4nen ja Merin suhdetta my\u00f6s Saaran ja ex-puoliso <a href=\"https:\/\/www.iltalehti.fi\/henkilot\/Teemu Roivainen\" class=\"article-link-person-page\" rel=\"nofollow noopener\" target=\"_blank\">Teemu Roivaisen<\/a> parisuhdetta.<\/p>\n<p class=\"paragraph\">\u2013 Olen kasvanut siihen, ett\u00e4 puoliso on se, jonka kanssa teen t\u00f6it\u00e4, jolloin yhteinen aika koostuu tosi paljon ty\u00f6nteosta. Nyt, kun se ei niin paljon en\u00e4\u00e4 koostu, se vaatisi minulta sen, ett\u00e4 j\u00e4rjest\u00e4n aikaa Merille. Sit\u00e4 ei ole tapahtunut tarpeeksi, Saara sanoo.<\/p>\n<p class=\"paragraph\">T\u00e4n\u00e4 vuonna Saara on siis joutunut tajuamaan, ett\u00e4 on ty\u00f6orientoitunut. Samaa viesti\u00e4 on tullut Merilt\u00e4. Saara on joutunut katsomaan peiliin, mit\u00e4 h\u00e4n kuvailee vaikeaksi, mutta t\u00e4rke\u00e4ksi.<\/p>\n<p class=\"paragraph\">\u2013 T\u00e4m\u00e4 ammattihan on intohimoammatti, mutta on t\u00e4rke\u00e4\u00e4 pohtia, onko hyv\u00e4 aina priorisoida ty\u00f6t\u00e4 vai haluanko t\u00e4m\u00e4n parisuhteenkin. Sekin vaatii aikaa, enk\u00e4 ole tottunut siihen, koska parisuhde on aina tullut my\u00f6s ty\u00f6h\u00f6ni, Saara pohtii.<\/p>\n<p class=\"paragraph\">H\u00e4n my\u00f6nt\u00e4\u00e4 olevansa ajatuksen kanssa keskener\u00e4inen, mutta harjoittelee asiaa viel\u00e4 enemm\u00e4n ensi vuonna.<\/p>\n<p class=\"paragraph\">\u2013 Luulen, ett\u00e4 pitk\u00e4ll\u00e4 t\u00e4ht\u00e4imell\u00e4 se on superhyv\u00e4 asia, ett\u00e4 pystyn erottelemaan ty\u00f6t\u00e4 ja parisuhdetta.<\/p>\n<p>Saara Aalto on opetellut uudenlaista dynamiikkaa parisuhteessa. Kaisa Vehkalahti<\/p>\n<p>Saara vol. 3<\/p>\n<p class=\"paragraph\">K\u00e4sill\u00e4 on selv\u00e4 murroskohta. T\u00e4n\u00e4 vuonna Saara teki viel\u00e4 pitk\u00e4\u00e4n jatkunutta joulukiertuettaan, mutta ensi vuosi tekee poikkeuksen. Ensi vuonna t\u00e4h\u00e4n aikaan h\u00e4net pit\u00e4\u00e4 kiireisen\u00e4 Oulun j\u00e4\u00e4hallissa n\u00e4ht\u00e4v\u00e4 Lumipallo-suurmusikaali.<\/p>\n<p class=\"paragraph\">Saara itse toteaa, ett\u00e4 h\u00e4nen el\u00e4m\u00e4ss\u00e4\u00e4n on alkamassa kolmas aikakausi. \u201dSaara Aalto vol. 3\u201d, kuten h\u00e4n itse toteaa.<\/p>\n<p class=\"paragraph\">Ensi vuonna tulee kymmenen vuotta siit\u00e4, kun Saara osallistui vuonna 2016 No fear -kappaleellaan Uuden musiikin kilpailuun. Samana vuonna Saara kilpaili my\u00f6s Ison-Britannian X Factor -ohjelmassa. Jonkinlainen aikakausi on nyt p\u00e4\u00e4ttym\u00e4ss\u00e4.<\/p>\n<p class=\"paragraph\">\u2013 Saara vol. 3 on sellainen Saara, etten v\u00e4lit\u00e4 en\u00e4\u00e4 hittoakaan mist\u00e4\u00e4n, Saara toteaa.<\/p>\n<p class=\"paragraph\">T\u00e4ll\u00e4 Saara tarkoittaa sit\u00e4, ettei h\u00e4n aseta itselleen tavoitteita. Asiat h\u00e4n tekee nyt vain hauskuuden takia.<\/p>\n<p class=\"paragraph\">\u2013 Minulle on ihan sama soiko kappaleeni jossain tai p\u00e4\u00e4tyyk\u00f6 se yht\u00e4\u00e4n mihink\u00e4\u00e4n. Aion pit\u00e4\u00e4 hauskaa ja tehd\u00e4 unelmieni levyn. Minulla ei ole mit\u00e4\u00e4n menetett\u00e4v\u00e4\u00e4, Saara toteaa.<\/p>\n<p class=\"paragraph\">Tulevasta levyst\u00e4 tulee Saaran sanoin \u201dhiton \u00f6veri\u201d. Ja sen h\u00e4n aikoo julkaista ensi vuonna. Tai v\u00e4hint\u00e4\u00e4nkin singlejulkaisuja levylt\u00e4.<\/p>\n<p class=\"paragraph\">Ensimm\u00e4isen kappaleen h\u00e4n on tehnyt jo viisi vuotta sitten. Aiemmin Saaraa esteli h\u00e4nen kokemansa loppuunpalaminen.<\/p>\n<p class=\"paragraph\">\u2013 Kun sain keikkapyynn\u00f6nkin, aloin itke\u00e4. Oli oikeasti aika paha tilanne, Saara sanoo.<\/p>\n<p class=\"paragraph\">Viimeiset kaksi vuotta Saara on fiilistellyt ajatusta levyst\u00e4, mutta joku pelko on silti estellyt.<\/p>\n<p class=\"paragraph\">\u2013 Musiikkiala ja levyn julkaiseminen on hullun iso projekti. Olen ehk\u00e4 pel\u00e4nnyt sit\u00e4, mit\u00e4 se vaatii. Olen kuitenkin totutellut v\u00e4h\u00e4n rauhallisempaan el\u00e4m\u00e4\u00e4n, Saara sanoo.<\/p>\n<p class=\"paragraph\">Saara on kuitenkin sanonut itselleen, ett\u00e4 kun levyn aika on, h\u00e4n ei aio palata vanhaan tapaan, vaan priorisoi nyt hyvinvointiinsa.<\/p>\n<p class=\"paragraph\">\u2013 Minun ei tarvitse tehd\u00e4 sit\u00e4 niin kuin muut tekev\u00e4t. Teen juuri omalla tavalla ja kuunnellen itse\u00e4ni. Silloin uskallan sen tehd\u00e4.<\/p>\n<p>Saara suuntaa nyt katseen kohti tulevaa. Kaisa Vehkalahti<\/p>\n","protected":false},"excerpt":{"rendered":"Saara Aallon el\u00e4m\u00e4ss\u00e4 on alkamassa uusi aikakausi. Se tarkoittaa muun muassa uutta musiikkia. Joulukuun alussa Helsinki n\u00e4ytt\u00e4\u00e4 harmaalta.&hellip;\n","protected":false},"author":2,"featured_media":123347,"comment_status":"","ping_status":"","sticky":false,"template":"","format":"standard","meta":{"footnotes":""},"categories":[136],"tags":[35,138,407,137,33,31,30,408,47,141,32,484,139,109],"class_list":{"0":"post-123346","1":"post","2":"type-post","3":"status-publish","4":"format-standard","5":"has-post-thumbnail","7":"category-julkkikset","8":"tag-24h","9":"tag-audio","10":"tag-celebrities","11":"tag-entertainment","12":"tag-fi","13":"tag-finland","14":"tag-finnish","15":"tag-julkkikset","16":"tag-musiikki","17":"tag-muusikot-bandit","18":"tag-suomi","19":"tag-taiteellinen-ilmaisu-ja-mediat","20":"tag-tv-ohjelmat","21":"tag-viihde"},"share_on_mastodon":{"url":"https:\/\/pubeurope.com\/@fi\/115764505355655677","error":""},"_links":{"self":[{"href":"https:\/\/www.europesays.com\/fi\/wp-json\/wp\/v2\/posts\/123346","targetHints":{"allow":["GET"]}}],"collection":[{"href":"https:\/\/www.europesays.com\/fi\/wp-json\/wp\/v2\/posts"}],"about":[{"href":"https:\/\/www.europesays.com\/fi\/wp-json\/wp\/v2\/types\/post"}],"author":[{"embeddable":true,"href":"https:\/\/www.europesays.com\/fi\/wp-json\/wp\/v2\/users\/2"}],"replies":[{"embeddable":true,"href":"https:\/\/www.europesays.com\/fi\/wp-json\/wp\/v2\/comments?post=123346"}],"version-history":[{"count":0,"href":"https:\/\/www.europesays.com\/fi\/wp-json\/wp\/v2\/posts\/123346\/revisions"}],"wp:featuredmedia":[{"embeddable":true,"href":"https:\/\/www.europesays.com\/fi\/wp-json\/wp\/v2\/media\/123347"}],"wp:attachment":[{"href":"https:\/\/www.europesays.com\/fi\/wp-json\/wp\/v2\/media?parent=123346"}],"wp:term":[{"taxonomy":"category","embeddable":true,"href":"https:\/\/www.europesays.com\/fi\/wp-json\/wp\/v2\/categories?post=123346"},{"taxonomy":"post_tag","embeddable":true,"href":"https:\/\/www.europesays.com\/fi\/wp-json\/wp\/v2\/tags?post=123346"}],"curies":[{"name":"wp","href":"https:\/\/api.w.org\/{rel}","templated":true}]}}