{"id":123354,"date":"2025-12-22T18:06:08","date_gmt":"2025-12-22T18:06:08","guid":{"rendered":"https:\/\/www.europesays.com\/fi\/123354\/"},"modified":"2025-12-22T18:06:08","modified_gmt":"2025-12-22T18:06:08","slug":"jim-beam-pysayttaa-tuotannon-paatehtaallaan-ensi-vuoden-ajaksi-uutissuomalainen","status":"publish","type":"post","link":"https:\/\/www.europesays.com\/fi\/123354\/","title":{"rendered":"Jim Beam pys\u00e4ytt\u00e4\u00e4 tuotannon p\u00e4\u00e4tehtaallaan ensi vuoden ajaksi | Uutissuomalainen"},"content":{"rendered":"<p>Jim Beam -bourbonviskin valmistaja ilmoittaa keskeytt\u00e4v\u00e4ns\u00e4 kyseisen viskin tuotannon p\u00e4\u00e4tehtaallaan Yhdysvaltain Kentuckyssa koko ensi vuoden ajaksi. Asiasta kertoo muiden muassa Britannian yleisradioyhti\u00f6 <a href=\"https:\/\/www.bbc.com\/news\/articles\/cy5gv5z24n2o?utm_source=firefox-newtab-en-us\" rel=\"nofollow noopener\" target=\"_blank\">BBC<\/a>.<\/p>\n<p>Jim Beamin lausunnon mukaan tislaamo pysyy suljettuna yrityksen pyrkiess\u00e4 investoida tislaamon parannuksiin.<\/p>\n<p>\u2013 Arvioimme jatkuvasti tuotantotasoja vastataksemme parhaiten kuluttajien kysynt\u00e4\u00e4n ja keskustelimme \u00e4skett\u00e4in vuoden 2026 tuotantom\u00e4\u00e4rist\u00e4, lausunnossa sanotaan BBC:n mukaan.<\/p>\n<p>Kentuckyssa toimivia tislaamoja on kohdannut ep\u00e4varmuus, osittain Yhdysvaltain presidentti <strong>Donald Trumpin<\/strong> kauppapolitiikan vuoksi.<\/p>\n<p>Br\u00e4ndin omistaa japanilainen juomaj\u00e4tti Suntory, joka ty\u00f6llist\u00e4\u00e4 yli 1\u2009000 ihmist\u00e4 Kentuckyn tehtaillaan.<\/p>\n<p>Jim Beam ilmoittaa, ett\u00e4 sen muut toiminnot Kentuckyn osavaltiossa, kuten erillinen tislaamo sek\u00e4 pullotus- ja varastointilaitokset, jatkavat toimintaansa ensi vuonna.<\/p>\n","protected":false},"excerpt":{"rendered":"Jim Beam -bourbonviskin valmistaja ilmoittaa keskeytt\u00e4v\u00e4ns\u00e4 kyseisen viskin tuotannon p\u00e4\u00e4tehtaallaan Yhdysvaltain Kentuckyssa koko ensi vuoden ajaksi. Asiasta kertoo&hellip;\n","protected":false},"author":2,"featured_media":123355,"comment_status":"","ping_status":"","sticky":false,"template":"","format":"standard","meta":{"footnotes":""},"categories":[14],"tags":[2326,22,23,585,26,27,33,31,30,17,24,25,28,29,15,18,21,900,2331,32,19,20,56,16,59,60,61],"class_list":{"0":"post-123354","1":"post","2":"type-post","3":"status-publish","4":"format-standard","5":"has-post-thumbnail","7":"category-ulkomaat","8":"tag-bbc","9":"tag-breaking-news","10":"tag-breakingnews","11":"tag-donald-trump","12":"tag-featured-news","13":"tag-featurednews","14":"tag-fi","15":"tag-finland","16":"tag-finnish","17":"tag-headlines","18":"tag-latest-news","19":"tag-latestnews","20":"tag-main-news","21":"tag-mainnews","22":"tag-news","23":"tag-otsikot","24":"tag-paauutiset","25":"tag-ruoka","26":"tag-ruoka-ja-juoma","27":"tag-suomi","28":"tag-top-stories","29":"tag-topstories","30":"tag-ulkomaat","31":"tag-uutiset","32":"tag-world","33":"tag-world-news","34":"tag-worldnews"},"share_on_mastodon":{"url":"https:\/\/pubeurope.com\/@fi\/115764552374466930","error":""},"_links":{"self":[{"href":"https:\/\/www.europesays.com\/fi\/wp-json\/wp\/v2\/posts\/123354","targetHints":{"allow":["GET"]}}],"collection":[{"href":"https:\/\/www.europesays.com\/fi\/wp-json\/wp\/v2\/posts"}],"about":[{"href":"https:\/\/www.europesays.com\/fi\/wp-json\/wp\/v2\/types\/post"}],"author":[{"embeddable":true,"href":"https:\/\/www.europesays.com\/fi\/wp-json\/wp\/v2\/users\/2"}],"replies":[{"embeddable":true,"href":"https:\/\/www.europesays.com\/fi\/wp-json\/wp\/v2\/comments?post=123354"}],"version-history":[{"count":0,"href":"https:\/\/www.europesays.com\/fi\/wp-json\/wp\/v2\/posts\/123354\/revisions"}],"wp:featuredmedia":[{"embeddable":true,"href":"https:\/\/www.europesays.com\/fi\/wp-json\/wp\/v2\/media\/123355"}],"wp:attachment":[{"href":"https:\/\/www.europesays.com\/fi\/wp-json\/wp\/v2\/media?parent=123354"}],"wp:term":[{"taxonomy":"category","embeddable":true,"href":"https:\/\/www.europesays.com\/fi\/wp-json\/wp\/v2\/categories?post=123354"},{"taxonomy":"post_tag","embeddable":true,"href":"https:\/\/www.europesays.com\/fi\/wp-json\/wp\/v2\/tags?post=123354"}],"curies":[{"name":"wp","href":"https:\/\/api.w.org\/{rel}","templated":true}]}}