{"id":123362,"date":"2025-12-22T18:22:12","date_gmt":"2025-12-22T18:22:12","guid":{"rendered":"https:\/\/www.europesays.com\/fi\/123362\/"},"modified":"2025-12-22T18:22:12","modified_gmt":"2025-12-22T18:22:12","slug":"pihlajamaen-suunnittelija-arkkitehti-sulo-savolainen-on-kuollut","status":"publish","type":"post","link":"https:\/\/www.europesays.com\/fi\/123362\/","title":{"rendered":"Pihlajam\u00e4en suunnittelija, arkkitehti Sulo Savolainen on kuollut"},"content":{"rendered":"<p>Kuolleet|Arkkitehti Sulo \u201dSuti\u201d Savolainen asui itse Pihlajam\u00e4ess\u00e4, ja Pihlajam\u00e4en kirkossa h\u00e4net tammikuussa my\u00f6s siunataan.<\/p>\n<p>Lue tiivistelm\u00e4<\/p>\n<p class=\"article-body mb-nof-24 px-nof-16 sndp-summary-bullet-point-font\">Helsingin Pihlajam\u00e4en l\u00e4hi\u00f6n suunnittelija, arkkitehti Sulo Savolainen on kuollut 92-vuotiaana.<\/p>\n<p class=\"article-body mb-nof-24 px-nof-16 sndp-summary-bullet-point-font\">Savolainen kuului nelj\u00e4n arkkitehdin ryhm\u00e4\u00e4n, joka suunnitteli Pihlajam\u00e4en 1950\u201360-lukujen taitteessa.<\/p>\n<p class=\"article-body mb-nof-24 px-nof-16 sndp-summary-bullet-point-font\">H\u00e4n asui itse Pihlajam\u00e4ess\u00e4 yli 60 vuotta ja l\u00f6ysi alueelta 1990-luvulla Suomen vanhimmat hiidenkirnut.<\/p>\n<p class=\"article-body mb-nof-24 px-nof-16\">Helsingin Pihlajam\u00e4en l\u00e4hi\u00f6n suunnittelijoihin kuulunut arkkitehti <a class=\"article-personlink\" href=\"https:\/\/www.hs.fi\/haku\/?query=Sulo%20%E2%80%9DSuti%E2%80%9D%20Savolainen\" rel=\"nofollow noopener\" target=\"_blank\">Sulo \u201dSuti\u201d Savolainen<\/a> on kuollut 92-vuotiaana. H\u00e4nen kuolinilmoituksensa julkaistiin <a class=\"underline underline-offset-[0.12em] [text-decoration-thickness:var(--generic-link-underline-thickness)] [text-decoration-color:var(--generic-link-underline-color)] [text-decoration-skip-ink:var(--generic-link-underline-skip-ink)] break-words\" href=\"https:\/\/nakoislehti.hs.fi\/bde4d83a-4425-4883-8f9b-58e063ebccf2\/72\" rel=\"nofollow noopener\" target=\"_blank\">sunnuntaina<\/a> 21. joulukuuta Helsingin Sanomissa.<\/p>\n<p class=\"article-body mb-nof-24 px-nof-16\">Savolainen syntyi Kotkassa 21. elokuuta 1933 ja kuoli Helsingiss\u00e4 9. joulukuuta. Pihlajam\u00e4ess\u00e4 asunut Savolainen siunataan kotil\u00e4hi\u00f6ns\u00e4 kirkossa sunnuntaina 9. tammikuuta.<\/p>\n<p class=\"article-body mb-nof-24 px-nof-16\">Savolainen kuului nelj\u00e4st\u00e4 arkkitehdist\u00e4 koostuneeseen ryhm\u00e4\u00e4n, joka suunnitteli Pihlajam\u00e4en 1950\u201360-lukujen taitteessa. L\u00e4hi\u00f6 rakennettiin p\u00e4\u00e4osin vuosina 1959\u20131965, ja siell\u00e4 sovellettiin Suomessa uutta rakennustekniikkaa, talojen rakentamista betonielementeist\u00e4. Pihlajam\u00e4ke\u00e4 kutsutaankin <a class=\"underline underline-offset-[0.12em] [text-decoration-thickness:var(--generic-link-underline-thickness)] [text-decoration-color:var(--generic-link-underline-color)] [text-decoration-skip-ink:var(--generic-link-underline-skip-ink)] break-words\" href=\"https:\/\/www.hs.fi\/ihmisia\/art-2000002900715.html\" rel=\"nofollow noopener\" target=\"_blank\">Suomen ensimm\u00e4iseksi elementtil\u00e4hi\u00f6ksi<\/a>.<\/p>\n<p class=\"article-body mb-nof-24 px-nof-16\">Savolainen valmistui arkkitehdiksi vuonna 1962. Pihlajam\u00e4en suunnitteluun <a class=\"underline underline-offset-[0.12em] [text-decoration-thickness:var(--generic-link-underline-thickness)] [text-decoration-color:var(--generic-link-underline-color)] [text-decoration-skip-ink:var(--generic-link-underline-skip-ink)] break-words\" href=\"https:\/\/kaupunginosat.fi\/pihlajamaki\/sulo-savolainen\/\" rel=\"nofollow noopener\" target=\"_blank\">h\u00e4n osallistui jo opiskeluaikanaan<\/a> ty\u00f6skennelless\u00e4\u00e4n Kulutusosuuskuntien Keskusliiton Asunto-osastolla. Siell\u00e4 h\u00e4n avusti arkkitehti <a class=\"article-personlink\" href=\"https:\/\/www.hs.fi\/haku\/?query=Esko%20Korhosta\" rel=\"nofollow noopener\" target=\"_blank\">Esko Korhosta<\/a> Roihuvuoren suunnittelussa ja toimi kumppanina Pihlajam\u00e4en suunnittelussa jo luonnosvaiheesta alkaen.<\/p>\n<p class=\"article-body mb-nof-24 px-nof-16\">Korhosen perustettua oman toimiston Savolainen sai vastuulleen Pihlajam\u00e4en p\u00e4\u00e4katuihin kuuluvien Maas\u00e4lv\u00e4ntien ja Liusketien kortteleiden jatkosuunnittelun ja toteuttamisen. Ty\u00f6ss\u00e4\u00e4n h\u00e4n varjeli l\u00e4hi\u00f6n luontoa.<\/p>\n<p class=\"article-body mb-nof-24 px-nof-16\">\u201dOlin Pihlajam\u00e4en suunnittelun aikana koko ajan tekemisiss\u00e4 ty\u00f6maiden kanssa. Heti alkuun sovittiin, ett\u00e4 t\u00e4\u00e4lt\u00e4 ei kaadeta yht\u00e4k\u00e4\u00e4n puuta ilman minun lupaani\u201d, Savolainen kertoi <a class=\"underline underline-offset-[0.12em] [text-decoration-thickness:var(--generic-link-underline-thickness)] [text-decoration-color:var(--generic-link-underline-color)] [text-decoration-skip-ink:var(--generic-link-underline-skip-ink)] break-words\" href=\"https:\/\/www.hs.fi\/helsinki\/art-2000009790291.html\" rel=\"nofollow noopener\" target=\"_blank\">HS:n haastattelussa<\/a> elokuussa 2023 pian 90-vuotisp\u00e4iviens\u00e4 j\u00e4lkeen.<\/p>\n<p class=\"article-body mb-nof-24 px-nof-16\">Puiden kasvua Savolainen sai seurata pitk\u00e4\u00e4n. H\u00e4n muutti Pihlajam\u00e4keen vuonna 1963 ja ehti asua alueella yli 60 vuotta, niist\u00e4 samassa osoitteessa l\u00e4hes 50 vuotta.<\/p>\n<p class=\"article-body mb-nof-24 px-nof-16\">Keitti\u00f6n ikkunasta n\u00e4kyi ensimm\u00e4inen talo, jonka Savolainen suunnitteli alusta loppuun itse.<\/p>\n<p class=\"article-body mb-nof-24 px-nof-16\">Muutakin ensimm\u00e4ist\u00e4 Savolaiseen ja Pihlajam\u00e4keen liittyi: h\u00e4n l\u00f6ysi 1990-luvulla alueelta Suomen vanhimmat hiidenkirnut. Niill\u00e4 on ik\u00e4\u00e4 v\u00e4hint\u00e4\u00e4n 50\u202f000, mahdollisesti jopa yli 100\u202f000 vuotta.<\/p>\n<p class=\"article-body mb-nof-24 px-nof-16\">J\u00e4lkimm\u00e4inen, Savolaisen vuonna 1994 l\u00f6yt\u00e4m\u00e4 hiidenkirnu oltiin jo r\u00e4j\u00e4ytt\u00e4m\u00e4ss\u00e4 alikulkutunnelin tielt\u00e4. Suunnitelmat olivat niin pitk\u00e4ll\u00e4, ett\u00e4 kallioon oli jo porattu rei\u00e4t r\u00e4j\u00e4ytt\u00e4mist\u00e4 varten.<\/p>\n<p class=\"article-body mb-nof-24 px-nof-16\">Savolainen kertoi <a class=\"underline underline-offset-[0.12em] [text-decoration-thickness:var(--generic-link-underline-thickness)] [text-decoration-color:var(--generic-link-underline-color)] [text-decoration-skip-ink:var(--generic-link-underline-skip-ink)] break-words\" href=\"https:\/\/www.hs.fi\/helsinki\/art-2000009790291.html\" rel=\"nofollow noopener\" target=\"_blank\">haastattelussa<\/a>, miten pelasti kirnun.<\/p>\n<p class=\"article-body mb-nof-24 px-nof-16\">\u201dTein oman pienen mielenosoituksen ja laitoin ruusun kaikkiin porattuihin reikiin.\u201d<\/p>\n<p class=\"article-body mb-nof-24 px-nof-16\">Kuolinilmoituksessa omaiset esitt\u00e4v\u00e4t siunaustilaisuuteen saapuville toiveen: \u201dToivomme, ett\u00e4 Sutin toivetta kunnioittaen saattov\u00e4ki laskee arkulle yhden ruusun.\u201d<\/p>\n<p><img decoding=\"async\" src=\"https:\/\/www.europesays.com\/fi\/wp-content\/uploads\/2025\/12\/1766427731_334_468.jpg\" alt=\"Sulo Savolainen esitteli vuonna 2023 HS:n haastattelussa Pihlajam\u00e4est\u00e4 vuonna 1964 otettua ilmakuvaa. H\u00e4n muutti l\u00e4hi\u00f6\u00f6n vuonna 1963 ja asui siell\u00e4 yli 60 vuotta.\" class=\"_Img_1rerz_1\" style=\"aspect-ratio:1.5\" loading=\"eager\"\/><\/p>\n<p class=\"article-picture-caption\">Sulo Savolainen esitteli vuonna 2023 HS:n haastattelussa Pihlajam\u00e4est\u00e4 vuonna 1964 otettua ilmakuvaa. H\u00e4n muutti l\u00e4hi\u00f6\u00f6n vuonna 1963 ja asui siell\u00e4 yli 60 vuotta. Kuva:\u00a0Linda Nguyen \/ HS<\/p>\n","protected":false},"excerpt":{"rendered":"Kuolleet|Arkkitehti Sulo \u201dSuti\u201d Savolainen asui itse Pihlajam\u00e4ess\u00e4, ja Pihlajam\u00e4en kirkossa h\u00e4net tammikuussa my\u00f6s siunataan. Lue tiivistelm\u00e4 Helsingin Pihlajam\u00e4en&hellip;\n","protected":false},"author":2,"featured_media":123363,"comment_status":"","ping_status":"","sticky":false,"template":"","format":"standard","meta":{"footnotes":""},"categories":[135],"tags":[389,387,388,390,137,33,31,30,46,32,394,393,391,392,109],"class_list":{"0":"post-123362","1":"post","2":"type-post","3":"status-publish","4":"format-standard","5":"has-post-thumbnail","7":"category-taiteet-ja-suunnittelu","8":"tag-arts","9":"tag-arts-and-design","10":"tag-artsanddesign","11":"tag-design","12":"tag-entertainment","13":"tag-fi","14":"tag-finland","15":"tag-finnish","16":"tag-helsingin-sanomat","17":"tag-suomi","18":"tag-suunnittelu","19":"tag-taiteet","20":"tag-taiteet-ja-suunnittelu","21":"tag-taiteetsuunnittelu","22":"tag-viihde"},"share_on_mastodon":{"url":"https:\/\/pubeurope.com\/@fi\/115764615321085039","error":""},"_links":{"self":[{"href":"https:\/\/www.europesays.com\/fi\/wp-json\/wp\/v2\/posts\/123362","targetHints":{"allow":["GET"]}}],"collection":[{"href":"https:\/\/www.europesays.com\/fi\/wp-json\/wp\/v2\/posts"}],"about":[{"href":"https:\/\/www.europesays.com\/fi\/wp-json\/wp\/v2\/types\/post"}],"author":[{"embeddable":true,"href":"https:\/\/www.europesays.com\/fi\/wp-json\/wp\/v2\/users\/2"}],"replies":[{"embeddable":true,"href":"https:\/\/www.europesays.com\/fi\/wp-json\/wp\/v2\/comments?post=123362"}],"version-history":[{"count":0,"href":"https:\/\/www.europesays.com\/fi\/wp-json\/wp\/v2\/posts\/123362\/revisions"}],"wp:featuredmedia":[{"embeddable":true,"href":"https:\/\/www.europesays.com\/fi\/wp-json\/wp\/v2\/media\/123363"}],"wp:attachment":[{"href":"https:\/\/www.europesays.com\/fi\/wp-json\/wp\/v2\/media?parent=123362"}],"wp:term":[{"taxonomy":"category","embeddable":true,"href":"https:\/\/www.europesays.com\/fi\/wp-json\/wp\/v2\/categories?post=123362"},{"taxonomy":"post_tag","embeddable":true,"href":"https:\/\/www.europesays.com\/fi\/wp-json\/wp\/v2\/tags?post=123362"}],"curies":[{"name":"wp","href":"https:\/\/api.w.org\/{rel}","templated":true}]}}