{"id":123364,"date":"2025-12-22T18:24:13","date_gmt":"2025-12-22T18:24:13","guid":{"rendered":"https:\/\/www.europesays.com\/fi\/123364\/"},"modified":"2025-12-22T18:24:13","modified_gmt":"2025-12-22T18:24:13","slug":"eveliina-uosukainen-ja-joni-rakas-kihlat","status":"publish","type":"post","link":"https:\/\/www.europesays.com\/fi\/123364\/","title":{"rendered":"Eveliina Uosukainen ja Joni-rakas: Kihlat!"},"content":{"rendered":"<p>Selviytyj\u00e4t Suomi -ohjelmassa kilpaillut pariskunta meni kihloihin.<\/p>\n<p><img decoding=\"async\" class=\"image image-show image-preview\" src=\"https:\/\/www.europesays.com\/fi\/wp-content\/uploads\/2025\/12\/00b3e0f51e460cc49c3650f41a5c981887ea1dea067d05236aa267a054d0c00b.jpg\" alt=\"\"\/><img decoding=\"async\" class=\"image image-show\" src=\"https:\/\/www.europesays.com\/fi\/wp-content\/uploads\/2025\/12\/1766427853_621_00b3e0f51e460cc49c3650f41a5c981887ea1dea067d05236aa267a054d0c00b.jpg\" alt=\"\"\/><\/p>\n<p>Eveliina Uosukainen ja Joni Rintala syyskuussa. Timur Yilmaz<\/p>\n<p class=\"paragraph\">Somesta tuttu pariskunta Rintalan perhe eli <a href=\"https:\/\/www.iltalehti.fi\/henkilot\/Eveliina Uosukainen\" class=\"article-link-person-page\" rel=\"nofollow noopener\" target=\"_blank\">Eveliina Uosukainen<\/a> ja <strong>Joni Rintala<\/strong> ovat menneet kihloihin.<\/p>\n<p class=\"paragraph\">Pari julkaisi Instagramiin romanttisen videon kosinnasta. Videolla Rintala polvistuu Uosukaisen eteen lumisessa rinteess\u00e4. Kosinnasta yll\u00e4ttynyt Uosukainen peitt\u00e4\u00e4 kasvot k\u00e4sill\u00e4\u00e4n ja n\u00e4ytt\u00e4\u00e4 sitten vastaavan my\u00f6nt\u00e4v\u00e4sti kosintaan. Videota seuraa romanttiset otokset parista ja heid\u00e4n kihlasormuksistaan.<\/p>\n<p class=\"paragraph\">\u2013 Meid\u00e4n toiminnan t\u00e4yteinen ja vaihderikas vuosi sai parhaan mahdollisen p\u00e4\u00e4t\u00f6ksen, kun mun pitk\u00e4\u00e4n hautunut ajatus kosia Eve\u00e4 vihdoinkin tapahtui ja sain my\u00f6nt\u00e4v\u00e4n vastauksen! Julkaisussa lukee.<\/p>\n<p class=\"paragraph\">Katso video alapuolelta. Jos video ei n\u00e4y, voit katsoa sen <a href=\"https:\/\/www.instagram.com\/p\/DSkuF1xiF7U\/\" rel=\"noopener nofollow\" target=\"_blank\">t\u00e4st\u00e4 linkist\u00e4<\/a>.<\/p>\n<p class=\"paragraph\">Uosukainen ja Rintala odottavat parhaillaan ensimm\u00e4ist\u00e4 yhteist\u00e4 lastaan. Vauvan on tarkoitus synty\u00e4 tammikuussa.<\/p>\n<p class=\"paragraph\">Uosukainen ja Rintala julkistivat parisuhteensa alkuvuodesta ja muuttivat yhteen toukokuussa. Pari kilpaili yhdess\u00e4 pariskuntana viimeisimm\u00e4ll\u00e4 Selviytyj\u00e4t Suomi -kaudella.<\/p>\n<p><script async src=\"\/\/www.instagram.com\/embed.js\"><\/script><\/p>\n","protected":false},"excerpt":{"rendered":"Selviytyj\u00e4t Suomi -ohjelmassa kilpaillut pariskunta meni kihloihin. Eveliina Uosukainen ja Joni Rintala syyskuussa. Timur Yilmaz Somesta tuttu pariskunta&hellip;\n","protected":false},"author":2,"featured_media":27495,"comment_status":"","ping_status":"","sticky":false,"template":"","format":"standard","meta":{"footnotes":""},"categories":[133],"tags":[35,1074,137,33,31,30,101,979,32,206,140,139,156,109],"class_list":{"0":"post-123364","1":"post","2":"type-post","3":"status-publish","4":"format-standard","5":"has-post-thumbnail","7":"category-televisiot","8":"tag-24h","9":"tag-avioliitto-ja-parisuhde","10":"tag-entertainment","11":"tag-fi","12":"tag-finland","13":"tag-finnish","14":"tag-ihmissuhteet","15":"tag-sahkoinen-media","16":"tag-suomi","17":"tag-televisiot","18":"tag-tv-ja-elokuvat","19":"tag-tv-ohjelmat","20":"tag-tv","21":"tag-viihde"},"share_on_mastodon":{"url":"https:\/\/pubeurope.com\/@fi\/115764623334227838","error":""},"_links":{"self":[{"href":"https:\/\/www.europesays.com\/fi\/wp-json\/wp\/v2\/posts\/123364","targetHints":{"allow":["GET"]}}],"collection":[{"href":"https:\/\/www.europesays.com\/fi\/wp-json\/wp\/v2\/posts"}],"about":[{"href":"https:\/\/www.europesays.com\/fi\/wp-json\/wp\/v2\/types\/post"}],"author":[{"embeddable":true,"href":"https:\/\/www.europesays.com\/fi\/wp-json\/wp\/v2\/users\/2"}],"replies":[{"embeddable":true,"href":"https:\/\/www.europesays.com\/fi\/wp-json\/wp\/v2\/comments?post=123364"}],"version-history":[{"count":0,"href":"https:\/\/www.europesays.com\/fi\/wp-json\/wp\/v2\/posts\/123364\/revisions"}],"wp:featuredmedia":[{"embeddable":true,"href":"https:\/\/www.europesays.com\/fi\/wp-json\/wp\/v2\/media\/27495"}],"wp:attachment":[{"href":"https:\/\/www.europesays.com\/fi\/wp-json\/wp\/v2\/media?parent=123364"}],"wp:term":[{"taxonomy":"category","embeddable":true,"href":"https:\/\/www.europesays.com\/fi\/wp-json\/wp\/v2\/categories?post=123364"},{"taxonomy":"post_tag","embeddable":true,"href":"https:\/\/www.europesays.com\/fi\/wp-json\/wp\/v2\/tags?post=123364"}],"curies":[{"name":"wp","href":"https:\/\/api.w.org\/{rel}","templated":true}]}}