{"id":123381,"date":"2025-12-22T18:55:10","date_gmt":"2025-12-22T18:55:10","guid":{"rendered":"https:\/\/www.europesays.com\/fi\/123381\/"},"modified":"2025-12-22T18:55:10","modified_gmt":"2025-12-22T18:55:10","slug":"ylen-tonttuakatemia-joulukalenteri-ei-ole-ennallaan-harmittelen","status":"publish","type":"post","link":"https:\/\/www.europesays.com\/fi\/123381\/","title":{"rendered":"Ylen Tonttuakatemia-joulukalenteri ei ole ennallaan \u2013 \u201dHarmittelen\u201d"},"content":{"rendered":"<p>Muun muassa Jaana Saarinen n\u00e4hd\u00e4\u00e4n yh\u00e4 Tonttuakatemiassa amerikant\u00e4tin\u00e4.<\/p>\n<p><img decoding=\"async\" class=\"image image-show image-preview\" src=\"https:\/\/www.europesays.com\/fi\/wp-content\/uploads\/2025\/12\/639ed4ed663354ce9cce94de0f624c3c9157d052b005396fa2a22dc50cc87699.jpg\" alt=\"\"\/><img decoding=\"async\" class=\"image image-show\" src=\"https:\/\/www.europesays.com\/fi\/wp-content\/uploads\/2025\/12\/1766429710_912_639ed4ed663354ce9cce94de0f624c3c9157d052b005396fa2a22dc50cc87699.jpg\" alt=\"\"\/><\/p>\n<p>Eino ja Emilia sy\u00f6v\u00e4t taas t\u00e4m\u00e4n p\u00e4iv\u00e4n jaksossa muroja ja ihmettelev\u00e4t Reetta-t\u00e4din kotikutoista tonttujen etsint\u00e4laitetta. Hannu K\u00e4ki, Yle<\/p>\n<p class=\"paragraph\">Ylen Joulukalenteriin paluun amerikkalaisittain Californiasta tehnyt Reetta-t\u00e4ti (<a href=\"https:\/\/www.iltalehti.fi\/henkilot\/Jaana Saarinen\" class=\"article-link-person-page\" rel=\"nofollow noopener\" target=\"_blank\">Jaana Saarinen<\/a>) saa t\u00e4m\u00e4n p\u00e4iv\u00e4n jaksossa valmiiksi tonttujen etsint\u00e4laitteen. T\u00e4ll\u00e4 Reettanaattorilla h\u00e4n aikoo savustaa esiin piilossa olevat tontut, joiden h\u00e4n ymm\u00e4rt\u00e4\u00e4 olevan viel\u00e4 talossa. Rehtorin lis\u00e4ksi heihin kuuluu perheen is\u00e4, mit\u00e4 lapset Emilia ja Eino eiv\u00e4t tied\u00e4k\u00e4\u00e4n.<\/p>\n<p class=\"paragraph\">Saarinen ei ole ainoa roolinsa n\u00e4in Tottuakatemian toisella tuotantokaudella uusiva n\u00e4yttelij\u00e4, sill\u00e4 mukana on moni muukin jo ykk\u00f6skaudelta tuttu, kuten <strong>Anna-Riikka Rajanen<\/strong> (Persilja), <strong>Manoel Pinto<\/strong> (Kaneli), <strong>Minna Koskela<\/strong> (rouva Manteli), <strong>Timo Mann<\/strong> (rehtori Ruusukaali) ja <strong>Mikko Penttil\u00e4<\/strong> (Viherpippuri).<\/p>\n<p>Nisse se oli iloinen tilanteessa kuin tilanteessa. Hannu K\u00e4ki\/Kaiho Republic, Yle<\/p>\n<p class=\"paragraph\">Mutta yksi on joukosta poissa, mink\u00e4 katsojat ovat ik\u00e4v\u00e4kseen joutuneet huomaamaan.<\/p>\n<p class=\"paragraph\">\u2013\u2009T\u00e4m\u00e4 on niin hyv\u00e4. Harmi vain, ett\u00e4 suosikkitonttuni, eli vaihto-oppilas Nisse ei ole mukana, muuan <strong>Jaana<\/strong> viittaa Areenan <a href=\"https:\/\/www.facebook.com\/yleareena\" target=\"_blank\" rel=\"noopener nofollow\">Facebookissa<\/a> tanskalaiseen vaihto-oppilaaseen.<\/p>\n<p class=\"paragraph\">\u2013\u2009Samaa harmittelen. Mit\u00e4 kuuluu? iloista Nisse\u00e4 takaisin kaipaileva <strong>Ullakin<\/strong> kirjoittaa.<\/p>\n<p class=\"paragraph\">Nisse\u00e4 n\u00e4ytteli vuonna 2019 <strong>Juha Pulli<\/strong>. Siit\u00e4 on nyt kuusi vuotta aikaa, mist\u00e4 Areenankin sometilill\u00e4 muistutetaan.<\/p>\n<p class=\"paragraph\">\u2013\u2009Tonttuakatemian tarinassa on kulunut aikaa ensimm\u00e4isen ja toisen kauden v\u00e4lill\u00e4. Toinen kausi ei jatku suoraan siit\u00e4, mihin ensimm\u00e4inen kausi loppui. Hahmot usein vaihtuvat uusilla kausilla, kuulu selitys Nissen poissaololle.<\/p>\n<p>Sahramina joulukalenterissa n\u00e4hty Kirsti Wallasvaara menehtyi marraskuussa 2021 pitk\u00e4aikaiseen sairauteen. Hannu K\u00e4ki\/Kaiho Republic, Yle<\/p>\n<p class=\"paragraph\">Nissen hahmo ei ole ainoa, joka ei ole tehnyt paluuta. Esimerkiksi is\u00e4n\u00e4 n\u00e4htiin alun perin <strong>Timo Lavikainen<\/strong> ja \u00e4itin\u00e4 <strong>Armi Toivanen<\/strong>. <a href=\"https:\/\/www.iltalehti.fi\/henkilot\/Kirsti Wallasvaara\" class=\"article-link-person-page\" rel=\"nofollow noopener\" target=\"_blank\">Kirsti Wallasvaara<\/a> oli Sahrami. Wallasvaara kuitenkin kuoli vuonna 2021. H\u00e4n oli 78-vuotias.<\/p>\n<p class=\"paragraph\">Toinenkin sarjan n\u00e4yttelij\u00e4 on menehtynyt. T\u00e4ll\u00e4 uudella kaudella kaksoisroolin is\u00e4n\u00e4 ja tarkastajana tekev\u00e4 <strong>Tomi Alatalo<\/strong> kuoli 44-vuotiaana t\u00e4m\u00e4n vuoden syyskuussa.<\/p>\n<p>Ennen kuolemaansa Tomi Alatalo ehti tehd\u00e4 Tonttuakatemiassa tuplaroolin.  Hannu K\u00e4ki, Yle<\/p>\n<p class=\"paragraph\">Joulukalenteri: Tonttuakatemia t\u00e4n\u00e4\u00e4n TV2:lla kello 8.48 &amp; 19.00 &amp; Areenassa. <a href=\"https:\/\/www.iltalehti.fi\/telkku\/\" rel=\"nofollow noopener\" target=\"_blank\">Katso kaikki\u00a0TV-ohjelmat ja l\u00e4hetysajat Telkun TV-oppaasta<\/a>.<\/p>\n","protected":false},"excerpt":{"rendered":"Muun muassa Jaana Saarinen n\u00e4hd\u00e4\u00e4n yh\u00e4 Tonttuakatemiassa amerikant\u00e4tin\u00e4. Eino ja Emilia sy\u00f6v\u00e4t taas t\u00e4m\u00e4n p\u00e4iv\u00e4n jaksossa muroja ja&hellip;\n","protected":false},"author":2,"featured_media":123382,"comment_status":"","ping_status":"","sticky":false,"template":"","format":"standard","meta":{"footnotes":""},"categories":[130],"tags":[35,153,155,137,33,31,30,99,718,154,32,140,156,109],"class_list":{"0":"post-123381","1":"post","2":"type-post","3":"status-publish","4":"format-standard","5":"has-post-thumbnail","7":"category-viihde","8":"tag-24h","9":"tag-audiovisuaalinen-media","10":"tag-elokuvat","11":"tag-entertainment","12":"tag-fi","13":"tag-finland","14":"tag-finnish","15":"tag-lapset","16":"tag-nayttamotaide","17":"tag-nayttelijat-teatteri","18":"tag-suomi","19":"tag-tv-ja-elokuvat","20":"tag-tv","21":"tag-viihde"},"share_on_mastodon":{"url":"https:\/\/pubeurope.com\/@fi\/115764745040397733","error":""},"_links":{"self":[{"href":"https:\/\/www.europesays.com\/fi\/wp-json\/wp\/v2\/posts\/123381","targetHints":{"allow":["GET"]}}],"collection":[{"href":"https:\/\/www.europesays.com\/fi\/wp-json\/wp\/v2\/posts"}],"about":[{"href":"https:\/\/www.europesays.com\/fi\/wp-json\/wp\/v2\/types\/post"}],"author":[{"embeddable":true,"href":"https:\/\/www.europesays.com\/fi\/wp-json\/wp\/v2\/users\/2"}],"replies":[{"embeddable":true,"href":"https:\/\/www.europesays.com\/fi\/wp-json\/wp\/v2\/comments?post=123381"}],"version-history":[{"count":0,"href":"https:\/\/www.europesays.com\/fi\/wp-json\/wp\/v2\/posts\/123381\/revisions"}],"wp:featuredmedia":[{"embeddable":true,"href":"https:\/\/www.europesays.com\/fi\/wp-json\/wp\/v2\/media\/123382"}],"wp:attachment":[{"href":"https:\/\/www.europesays.com\/fi\/wp-json\/wp\/v2\/media?parent=123381"}],"wp:term":[{"taxonomy":"category","embeddable":true,"href":"https:\/\/www.europesays.com\/fi\/wp-json\/wp\/v2\/categories?post=123381"},{"taxonomy":"post_tag","embeddable":true,"href":"https:\/\/www.europesays.com\/fi\/wp-json\/wp\/v2\/tags?post=123381"}],"curies":[{"name":"wp","href":"https:\/\/api.w.org\/{rel}","templated":true}]}}