{"id":123411,"date":"2025-12-22T19:39:10","date_gmt":"2025-12-22T19:39:10","guid":{"rendered":"https:\/\/www.europesays.com\/fi\/123411\/"},"modified":"2025-12-22T19:39:10","modified_gmt":"2025-12-22T19:39:10","slug":"kalle-palander-raivostui-riina-maijalle-tilittaa-tulenkatkuisella-videolla-somessa","status":"publish","type":"post","link":"https:\/\/www.europesays.com\/fi\/123411\/","title":{"rendered":"Kalle Palander raivostui Riina-Maijalle \u2013 Tilitt\u00e4\u00e4 tulenkatkuisella videolla somessa"},"content":{"rendered":"<p>Riina-Maija Paladerin kommentti Seiskalle sai entisen alppit\u00e4hden tuohtumaan.<\/p>\n<p><img decoding=\"async\" class=\"image image-show image-preview\" src=\"https:\/\/www.europesays.com\/fi\/wp-content\/uploads\/2025\/12\/dcc0e9c915bca1d0dbeb20bc7de5d0676975038794068d23613212779718c81d.jpg\" alt=\"\"\/><img decoding=\"async\" class=\"image image-show\" src=\"https:\/\/www.europesays.com\/fi\/wp-content\/uploads\/2025\/12\/1766432350_158_dcc0e9c915bca1d0dbeb20bc7de5d0676975038794068d23613212779718c81d.jpg\" alt=\"\"\/><\/p>\n<p>Kalle Palander antoi palaa Instagramissa. Jussi Eskola<\/p>\n<p class=\"paragraph\">Ex-alppihiiht\u00e4j\u00e4 <a href=\"https:\/\/www.iltalehti.fi\/henkilot\/Kalle Palander\" class=\"article-link-person-page\" rel=\"nofollow noopener\" target=\"_blank\">Kalle Palanderin<\/a> ja h\u00e4nen vaimonsa <a href=\"https:\/\/www.iltalehti.fi\/henkilot\/Riina-Maija Palander\" class=\"article-link-person-page\" rel=\"nofollow noopener\" target=\"_blank\">Riina-Maija Palanderin<\/a> avioliiton tila on puhuttanut t\u00e4n\u00e4 vuonna julkisuudessa.<\/p>\n<p class=\"paragraph\">Riina-Maija <a href=\"https:\/\/www.seiska.fi\/kotimaa\/riina-maija-palanderilta-riipaiseva-paivitys-elamani-romahti\/2028571\" rel=\"noopener nofollow\" target=\"_blank\">kommentoi Seiskalle<\/a> perheen joulusuunnitelmia. H\u00e4n totesi toivovansa, ett\u00e4 Kalle saapuu viett\u00e4m\u00e4\u00e4n perhejoulua.<\/p>\n<p class=\"paragraph\">\u2013 Kyll\u00e4 min\u00e4 siit\u00e4 l\u00e4hden, ett\u00e4 h\u00e4n on paikalla viett\u00e4m\u00e4ss\u00e4 perhejoulua. Se, pystyyk\u00f6 Kalle siihen, on sitten ihan eri asia, Riina-Maija kommentoi Seiskalle.<\/p>\n<p class=\"paragraph\">Kommentista raivostunut Kalle julkaisi maanantaina Instagram-tilins\u00e4 tarinat-osioon tulenkatkuisen videon, jota h\u00e4n alustaa voimasanojen siivitt\u00e4m\u00e4n\u00e4, ettei h\u00e4n yleens\u00e4 kommentoi \u201dn\u00e4it\u00e4 asioita\u201d. Tarinoita voi katsoa 24 tunnin ajan.<\/p>\n<p class=\"paragraph\">\u2013 Min\u00e4 olen viett\u00e4nyt jokaisen joulun lasteni kanssa ja tulen viett\u00e4m\u00e4\u00e4n jatkossakin. Se, ett\u00e4 tuossa kirjoitetaan \u201dpystyyk\u00f6 Kalle siihen\u201d&#8230;<\/p>\n<p class=\"paragraph\">\u2013 Hei c\u2019mon. Min\u00e4 jos joku olen hoitanut t\u00e4ss\u00e4 perheess\u00e4 kaikki asiani. P\u00e4\u00e4t pystyyn nyt vittu ja selvitt\u00e4k\u00e4\u00e4 v\u00e4h\u00e4n taustoja, Kalle uhoaa videolla.<\/p>\n<p class=\"paragraph\">Iltalehti tavoitti Kalle Palanderin, joka ei halunnut kommentoida asiaa medialle.<\/p>\n<p>Kalle Palander ja Riina-Maija Palander vuonna 2020. Andres Teiss<\/p>\n<p class=\"paragraph\">Kalle haki tammikuussa avioeroa Riina-Maijasta. Avioero j\u00e4tettiin toukokuussa L\u00e4nsi-Uudenmaan k\u00e4r\u00e4j\u00e4oikeudessa sikseen. Kalle ei ollut tehnyt t\u00e4ydennyksi\u00e4 avioerohakemukseen 16. toukokuuta menness\u00e4. Parilla on avioehto. Sopimuksen mukaan kummallakaan ole avio-oikeutta toistensa nykyiseen tai tulevaan omaisuuteen, niiden tuottoon tai sen sijaan tulleeseen voittoon.<\/p>\n<p class=\"paragraph\">Palanderit meniv\u00e4t naimisiin vuonna 2007. Heill\u00e4 on kolme yhteist\u00e4 lasta.<\/p>\n","protected":false},"excerpt":{"rendered":"Riina-Maija Paladerin kommentti Seiskalle sai entisen alppit\u00e4hden tuohtumaan. Kalle Palander antoi palaa Instagramissa. Jussi Eskola Ex-alppihiiht\u00e4j\u00e4 Kalle Palanderin&hellip;\n","protected":false},"author":2,"featured_media":123412,"comment_status":"","ping_status":"","sticky":false,"template":"","format":"standard","meta":{"footnotes":""},"categories":[136],"tags":[35,1075,1074,407,137,33,31,30,1208,101,408,98,32,109],"class_list":{"0":"post-123411","1":"post","2":"type-post","3":"status-publish","4":"format-standard","5":"has-post-thumbnail","7":"category-julkkikset","8":"tag-24h","9":"tag-avioliitto","10":"tag-avioliitto-ja-parisuhde","11":"tag-celebrities","12":"tag-entertainment","13":"tag-fi","14":"tag-finland","15":"tag-finnish","16":"tag-haat","17":"tag-ihmissuhteet","18":"tag-julkkikset","19":"tag-perhe","20":"tag-suomi","21":"tag-viihde"},"share_on_mastodon":{"url":"https:\/\/pubeurope.com\/@fi\/115764918210486819","error":""},"_links":{"self":[{"href":"https:\/\/www.europesays.com\/fi\/wp-json\/wp\/v2\/posts\/123411","targetHints":{"allow":["GET"]}}],"collection":[{"href":"https:\/\/www.europesays.com\/fi\/wp-json\/wp\/v2\/posts"}],"about":[{"href":"https:\/\/www.europesays.com\/fi\/wp-json\/wp\/v2\/types\/post"}],"author":[{"embeddable":true,"href":"https:\/\/www.europesays.com\/fi\/wp-json\/wp\/v2\/users\/2"}],"replies":[{"embeddable":true,"href":"https:\/\/www.europesays.com\/fi\/wp-json\/wp\/v2\/comments?post=123411"}],"version-history":[{"count":0,"href":"https:\/\/www.europesays.com\/fi\/wp-json\/wp\/v2\/posts\/123411\/revisions"}],"wp:featuredmedia":[{"embeddable":true,"href":"https:\/\/www.europesays.com\/fi\/wp-json\/wp\/v2\/media\/123412"}],"wp:attachment":[{"href":"https:\/\/www.europesays.com\/fi\/wp-json\/wp\/v2\/media?parent=123411"}],"wp:term":[{"taxonomy":"category","embeddable":true,"href":"https:\/\/www.europesays.com\/fi\/wp-json\/wp\/v2\/categories?post=123411"},{"taxonomy":"post_tag","embeddable":true,"href":"https:\/\/www.europesays.com\/fi\/wp-json\/wp\/v2\/tags?post=123411"}],"curies":[{"name":"wp","href":"https:\/\/api.w.org\/{rel}","templated":true}]}}