{"id":123420,"date":"2025-12-22T19:48:13","date_gmt":"2025-12-22T19:48:13","guid":{"rendered":"https:\/\/www.europesays.com\/fi\/123420\/"},"modified":"2025-12-22T19:48:13","modified_gmt":"2025-12-22T19:48:13","slug":"jotakin-osui-kuuhun-valtavalla-voimalla-ja-astronomit-tallensivat-tapahtuman-videolle","status":"publish","type":"post","link":"https:\/\/www.europesays.com\/fi\/123420\/","title":{"rendered":"Jotakin osui Kuuhun valtavalla voimalla \u2013 ja astronomit tallensivat tapahtuman videolle"},"content":{"rendered":"<p>Marshall-Lee arvelee, ett\u00e4 isku osui Langrenus-kraatterin koillispuolelle.<\/p>\n<p>Isku tapahtui Geminidien meteoriparven aikana, sill\u00e4 Geminidien t\u00e4hdenlennot ajoittuvat joulukuun 4. ja 20. p\u00e4iv\u00e4n v\u00e4lille. Siten meteoriparvi on iskun todenn\u00e4k\u00f6isin l\u00e4hde.<\/p>\n<p><strong>Miten kaikki p\u00e4\u00e4ttyy? Kysymys on askarruttanut astronomeja vuosikymmeni\u00e4. Tiivistyyk\u00f6 <a href=\"https:\/\/tieku.fi\/maailmankaikkeus\" class=\"hover:font-bold\" rel=\"nofollow noopener\" target=\"_blank\">kaikkeus<\/a> kasaan vai laajeneeko se loputtomiin? Tutkijat ovat nyt tehneet laskutoimituksia, joiden tulos n\u00e4ytt\u00e4\u00e4 silt\u00e4, ett\u00e4 maailmankaikkeuden kuolema saattaa olla yll\u00e4tt\u00e4v\u00e4n l\u00e4hell\u00e4.<\/strong><\/p>\n","protected":false},"excerpt":{"rendered":"Marshall-Lee arvelee, ett\u00e4 isku osui Langrenus-kraatterin koillispuolelle. Isku tapahtui Geminidien meteoriparven aikana, sill\u00e4 Geminidien t\u00e4hdenlennot ajoittuvat joulukuun 4.&hellip;\n","protected":false},"author":2,"featured_media":123421,"comment_status":"","ping_status":"","sticky":false,"template":"","format":"standard","meta":{"footnotes":""},"categories":[112],"tags":[33,31,30,118,32,119],"class_list":{"0":"post-123420","1":"post","2":"type-post","3":"status-publish","4":"format-standard","5":"has-post-thumbnail","7":"category-tiede","8":"tag-fi","9":"tag-finland","10":"tag-finnish","11":"tag-science","12":"tag-suomi","13":"tag-tiede"},"share_on_mastodon":{"url":"https:\/\/pubeurope.com\/@fi\/115764953298658603","error":""},"_links":{"self":[{"href":"https:\/\/www.europesays.com\/fi\/wp-json\/wp\/v2\/posts\/123420","targetHints":{"allow":["GET"]}}],"collection":[{"href":"https:\/\/www.europesays.com\/fi\/wp-json\/wp\/v2\/posts"}],"about":[{"href":"https:\/\/www.europesays.com\/fi\/wp-json\/wp\/v2\/types\/post"}],"author":[{"embeddable":true,"href":"https:\/\/www.europesays.com\/fi\/wp-json\/wp\/v2\/users\/2"}],"replies":[{"embeddable":true,"href":"https:\/\/www.europesays.com\/fi\/wp-json\/wp\/v2\/comments?post=123420"}],"version-history":[{"count":0,"href":"https:\/\/www.europesays.com\/fi\/wp-json\/wp\/v2\/posts\/123420\/revisions"}],"wp:featuredmedia":[{"embeddable":true,"href":"https:\/\/www.europesays.com\/fi\/wp-json\/wp\/v2\/media\/123421"}],"wp:attachment":[{"href":"https:\/\/www.europesays.com\/fi\/wp-json\/wp\/v2\/media?parent=123420"}],"wp:term":[{"taxonomy":"category","embeddable":true,"href":"https:\/\/www.europesays.com\/fi\/wp-json\/wp\/v2\/categories?post=123420"},{"taxonomy":"post_tag","embeddable":true,"href":"https:\/\/www.europesays.com\/fi\/wp-json\/wp\/v2\/tags?post=123420"}],"curies":[{"name":"wp","href":"https:\/\/api.w.org\/{rel}","templated":true}]}}