{"id":123424,"date":"2025-12-22T19:51:11","date_gmt":"2025-12-22T19:51:11","guid":{"rendered":"https:\/\/www.europesays.com\/fi\/123424\/"},"modified":"2025-12-22T19:51:11","modified_gmt":"2025-12-22T19:51:11","slug":"putin-lempattiin","status":"publish","type":"post","link":"https:\/\/www.europesays.com\/fi\/123424\/","title":{"rendered":"Putin lempattiin"},"content":{"rendered":"<p>Ven\u00e4j\u00e4n v\u00e4lit liittolaisensa kanssa ovat kiristyneet viime vuoden aikana. Kumppani k\u00e4ytt\u00e4\u00e4 tilaisuutta hyv\u00e4kseen, asiantuntijat sanovat.<\/p>\n<p><img decoding=\"async\" class=\"image image-show image-preview\" src=\"https:\/\/www.europesays.com\/fi\/wp-content\/uploads\/2025\/12\/d9a73ba69d2a02c76d0e2062be35a132ff062146226fcd5f995d165266d8c959.jpg\" alt=\"\"\/><img decoding=\"async\" class=\"image image-show\" src=\"https:\/\/www.europesays.com\/fi\/wp-content\/uploads\/2025\/12\/1766433071_583_d9a73ba69d2a02c76d0e2062be35a132ff062146226fcd5f995d165266d8c959.jpg\" alt=\"\"\/><\/p>\n<p>Azerbaid\u017eanin presidentti Aliyev (taustalla) j\u00e4tti Putinin pirskeet v\u00e4list\u00e4. Arkistokuva. ZumaWire \/ MVPHOTOS<\/p>\n<p class=\"paragraph\">Azerbaid\u017eanin presidentti <a href=\"https:\/\/www.iltalehti.fi\/henkilot\/\u0130lham \u018fliyev\" class=\"article-link-person-page\" rel=\"nofollow noopener\" target=\"_blank\">Ilham Alijev<\/a> j\u00e4tt\u00e4\u00e4 viime tinkaan v\u00e4liin kokoukset, joihin Ven\u00e4j\u00e4 odotti h\u00e4nen saapumistaan.<\/p>\n<p class=\"paragraph\"><a href=\"https:\/\/azertag.az\/en\/xeber\/reasons_for_president_ilham_aliyevs_non_participation_in_meeting_of_supreme_eurasian_economic_council_and_informal_summit_of_cis_heads_of_state_disclosed-3929299\" target=\"_blank\" rel=\"noopener nofollow\">Azertac-valtionmedian mukaan Alijev<\/a> j\u00e4tt\u00e4\u00e4 aikataulusyist\u00e4 v\u00e4liin Euraasian talousunionin kokouksen sek\u00e4 Itsen\u00e4isten valtioiden yhteis\u00f6n (IVY) ep\u00e4viralliseen huippukokouksen Moskovassa.<\/p>\n<p class=\"paragraph\">Presidentinhallinto sanoo tiedotteessaan, ett\u00e4 Azerbaid\u017ean \u201dosallistuu s\u00e4\u00e4nn\u00f6llisesti\u201d IVY-kokouksiin ja \u201darvostaa yhteisty\u00f6t\u00e4 IVY:n puitteissa\u201d. Hallinto tiedotti my\u00f6s keskustelleensa Yhdysvaltain kanssa yhteisty\u00f6st\u00e4 kaasuteollisuuden saralla.<\/p>\n<p class=\"paragraph\">Ven\u00e4j\u00e4n presidentti <a href=\"https:\/\/www.iltalehti.fi\/henkilot\/Vladimir Putin\" class=\"article-link-person-page\" rel=\"nofollow noopener\" target=\"_blank\">Vladimir Putin<\/a> is\u00e4nn\u00f6i t\u00e4n\u00e4\u00e4n maanantaina muiden IVY:n johtajien vierailua maailman suurimpiin kuuluvassa taidemuseossa Eremitaa\u0161issa. IVY perustettiin Neuvostoliiton hajoamisen j\u00e4lkeen vuonna 1991 yll\u00e4pit\u00e4m\u00e4\u00e4n entisten neuvostotasavaltojen yhteisty\u00f6t\u00e4.<\/p>\n<p>Asiantuntijoiden mukaan Ilham Alijev antaa maansa Ven\u00e4j\u00e4-suhteiden kiristy\u00e4. ZumaWire \/ MVPHOTOS<\/p>\n<p class=\"paragraph\">Kreml vakuuttaa hyv\u00e4ksyv\u00e4ns\u00e4 Alijevin poissaolon.<\/p>\n<p class=\"paragraph\">\u2013 Kaikilla valtionp\u00e4\u00e4miehill\u00e4 on eritt\u00e4in kiireinen aikataulu, etenkin joulukuussa uudenvuoden alla, sanoo Kremlin tiedottaja <a href=\"https:\/\/www.iltalehti.fi\/henkilot\/Dmitri Peskov\" class=\"article-link-person-page\" rel=\"nofollow noopener\" target=\"_blank\">Dmitri Peskov<\/a> ukrainalaismedia Kyiv Independentin mukaan.<\/p>\n<p>Vuosi tulehdusta<\/p>\n<p class=\"paragraph\">Maiden v\u00e4liset j\u00e4nnitteet kiristyiv\u00e4t sen j\u00e4lkeen, kun T\u0161et\u0161eniaan matkalla ollut Azerbaijan Airlinesin matkustajakone iskeytyi maahan joulukuussa 2024. Kazakstaniin pudonneen koneen kyydiss\u00e4 olleista 62 ihmisest\u00e4 38 kuoli.<\/p>\n<p class=\"paragraph\">Alustavien tutkintojen mukaan Ven\u00e4j\u00e4n ilmatorjunta ampui koneen alas. Kremlill\u00e4 kesti kuitenkin pitk\u00e4\u00e4n ottaa vastuuta turmasta, mik\u00e4 suututti Azerbaid\u017eania entisest\u00e4\u00e4n.<\/p>\n<p class=\"paragraph\">Vuoden aikana suhteet ovat tulehtuneet yh\u00e4 pahemmin. Ilham Alijevin hallinto on sulkenut ven\u00e4l\u00e4isi\u00e4 kulttuuritapahtumia ja mediakanavia sek\u00e4 syytt\u00e4nyt Ven\u00e4j\u00e4n poliisia Azerbaid\u017eanin kansalaisten kiduttamisesta ja sieppaamisesta. Alijev j\u00e4tti toukokuussa v\u00e4liin Ven\u00e4j\u00e4n voitonp\u00e4iv\u00e4n paraatin Moskovassa.<\/p>\n<p>Azerbaid\u017eanilainen matkustajakone iskeytyi maahan Kazakstanissa joulukuussa 2024. EPA \/ AOP<\/p>\n<p class=\"paragraph\">Hein\u00e4kuussa Alijev uhkasi vied\u00e4 Ven\u00e4j\u00e4n kansainv\u00e4liseen oikeuteen lentoturman takia, ellei Kreml my\u00f6nn\u00e4 virallisesti ampuneensa koneen alas. Lokakuussa Vladimir Putin my\u00f6nsi <a href=\"https:\/\/www.euronews.com\/2025\/10\/09\/putin-admits-russian-air-defences-downed-azerbaijan-airlines-plane-in-2024-that-killed-38\" target=\"_blank\" rel=\"noopener nofollow\">Ven\u00e4j\u00e4n olevan syyllinen.<\/a><\/p>\n<p>Ven\u00e4j\u00e4n korttitalo kaatuu?<\/p>\n<p class=\"paragraph\">Azerbaid\u017ean on kiihdytt\u00e4nyt j\u00e4nnitteit\u00e4\u00e4n Ven\u00e4j\u00e4n kanssa vahvistaakseen sek\u00e4 sis\u00e4- ett\u00e4 ulkopoliittista asemaansa, kirjoitti Etel\u00e4-Kaukasiaan erikoistunut toimittaja <strong>Ba\u0161ir Kitachaev<\/strong> <a href=\"https:\/\/carnegieendowment.org\/russia-eurasia\/politika\/2025\/07\/azerbaijan-russia-arguments?lang=en\" target=\"_blank\" rel=\"noopener nofollow\">Carnegie Politikassa<\/a> hein\u00e4kuussa.<\/p>\n<p class=\"paragraph\">Kitachaevin mukaan Putinin taipuminen, Ven\u00e4j\u00e4n maksamat korvaukset ja Moskovaan pystytetty patsas Alijevin is\u00e4lle, ex-presidentti <a href=\"https:\/\/www.iltalehti.fi\/henkilot\/Heyd\u0259r \u018fliyev\" class=\"article-link-person-page\" rel=\"nofollow noopener\" target=\"_blank\">Heidar Alijeville<\/a> osoittavat Azerbaid\u017eanille, miksi j\u00e4nnitteist\u00e4 voi olla hy\u00f6ty\u00e4.<\/p>\n<p class=\"paragraph\">It\u00e4-Euroopan tutkimuksen vanhempi yliopistolehtori <a href=\"https:\/\/www.iltalehti.fi\/henkilot\/Arto Luukkanen\" class=\"article-link-person-page\" rel=\"nofollow noopener\" target=\"_blank\">Arto Luukkanen<\/a> kirjoitti Iltalehdess\u00e4, ett\u00e4 Ven\u00e4j\u00e4n valta-asema Kaukasiassa on nyt heikentym\u00e4ss\u00e4.<\/p>\n<p class=\"paragraph\">Azerbaid\u017ean n\u00e4kee tilaisuuden lis\u00e4t\u00e4 omaa valtaansa. Viime aikojen voitot esimerkiksi Ven\u00e4j\u00e4n painostuksen torjumisessa ja Vuoristo-Karabahin taistelussa Armeniaa vastaan nostavat maan kunnianhimoa.<\/p>\n<p class=\"paragraph\">Ukrainassa k\u00e4ym\u00e4ns\u00e4 hy\u00f6kk\u00e4yssodan pakotteiden kohteeksi joutunut Ven\u00e4j\u00e4 on yh\u00e4 riippuvaisempi Azerbaid\u017eanin tuesta etenkin logistiikan saralla.<\/p>\n<p class=\"paragraph\">\u2013 Ven\u00e4j\u00e4ll\u00e4 ei ole t\u00e4ll\u00e4 hetkell\u00e4 l\u00e4hes ollenkaan v\u00e4lineit\u00e4, joilla se voisi painostaa Azerbaid\u017eania, sanoi Ulkopoliittisen instituutin <a href=\"https:\/\/www.iltalehti.fi\/henkilot\/Arkady Moshes\" class=\"article-link-person-page\" rel=\"nofollow noopener\" target=\"_blank\">Arkady Moshes<\/a> Iltalehdelle.<\/p>\n<p>Ven\u00e4j\u00e4n ja Azerbaid\u017eanin v\u00e4lit ovat molemmille t\u00e4rke\u00e4t mutta j\u00e4nnitteiset. MAXIM SHIPENKOV<\/p>\n<p class=\"paragraph\">Vaikka Kreml tukee muodollisesti Armeniaa, sota toi esiin Ven\u00e4j\u00e4n haluttomuuden puuttua Armenian ja Azerbaid\u017eanin v\u00e4lisiin asioihin. Alijev on my\u00f6s torjunut l\u00e4nsimaiden painostuksen ja jatkanut oman, itsevaltaisen hallintomallinsa yll\u00e4pitoa. Kaikki t\u00e4m\u00e4 vahvistaa Azerbaid\u017eanin itsevarmuutta, Moshes arvioi.<\/p>\n<p class=\"paragraph\">Carnegie Politikan Ba\u0161ir Kitachaev arvioi hein\u00e4kuussa, ett\u00e4 Alijev jatkaa Putinin h\u00e4rn\u00e4\u00e4mist\u00e4 painostaakseen h\u00e4nt\u00e4 my\u00f6nnytyksiin, muttei halua tuhota Azerbaid\u017eanin  elint\u00e4rkeit\u00e4 kauppasuhteita Ven\u00e4j\u00e4n kanssa.<\/p>\n<p class=\"paragraph\">\u2013 Jo se, ett\u00e4 t\u00e4llainen temppuilu Moskova-suhteissa on tullut mahdolliseksi, kertoo paljon. Ven\u00e4j\u00e4 otetaan Etel\u00e4-Kaukasiassa yh\u00e4 v\u00e4hemm\u00e4n vakavasti, ja Kremlin on paljon vaikeampaa palauttaa maineensa alueella, Kitachaev sanoi.<\/p>\n","protected":false},"excerpt":{"rendered":"Ven\u00e4j\u00e4n v\u00e4lit liittolaisensa kanssa ovat kiristyneet viime vuoden aikana. Kumppani k\u00e4ytt\u00e4\u00e4 tilaisuutta hyv\u00e4kseen, asiantuntijat sanovat. Azerbaid\u017eanin presidentti Aliyev&hellip;\n","protected":false},"author":2,"featured_media":123425,"comment_status":"","ping_status":"","sticky":false,"template":"","format":"standard","meta":{"footnotes":""},"categories":[14],"tags":[35,22,23,26,27,33,31,30,17,24,25,28,29,15,18,21,142,637,144,32,19,20,56,16,1262,1665,59,60,61],"class_list":{"0":"post-123424","1":"post","2":"type-post","3":"status-publish","4":"format-standard","5":"has-post-thumbnail","7":"category-ulkomaat","8":"tag-24h","9":"tag-breaking-news","10":"tag-breakingnews","11":"tag-featured-news","12":"tag-featurednews","13":"tag-fi","14":"tag-finland","15":"tag-finnish","16":"tag-headlines","17":"tag-latest-news","18":"tag-latestnews","19":"tag-main-news","20":"tag-mainnews","21":"tag-news","22":"tag-otsikot","23":"tag-paauutiset","24":"tag-poliitikot","25":"tag-politiikka","26":"tag-presidentti","27":"tag-suomi","28":"tag-top-stories","29":"tag-topstories","30":"tag-ulkomaat","31":"tag-uutiset","32":"tag-venajan-politiikka","33":"tag-venalaiset-poliitikot","34":"tag-world","35":"tag-world-news","36":"tag-worldnews"},"share_on_mastodon":{"url":"https:\/\/pubeurope.com\/@fi\/115764965355978156","error":""},"_links":{"self":[{"href":"https:\/\/www.europesays.com\/fi\/wp-json\/wp\/v2\/posts\/123424","targetHints":{"allow":["GET"]}}],"collection":[{"href":"https:\/\/www.europesays.com\/fi\/wp-json\/wp\/v2\/posts"}],"about":[{"href":"https:\/\/www.europesays.com\/fi\/wp-json\/wp\/v2\/types\/post"}],"author":[{"embeddable":true,"href":"https:\/\/www.europesays.com\/fi\/wp-json\/wp\/v2\/users\/2"}],"replies":[{"embeddable":true,"href":"https:\/\/www.europesays.com\/fi\/wp-json\/wp\/v2\/comments?post=123424"}],"version-history":[{"count":0,"href":"https:\/\/www.europesays.com\/fi\/wp-json\/wp\/v2\/posts\/123424\/revisions"}],"wp:featuredmedia":[{"embeddable":true,"href":"https:\/\/www.europesays.com\/fi\/wp-json\/wp\/v2\/media\/123425"}],"wp:attachment":[{"href":"https:\/\/www.europesays.com\/fi\/wp-json\/wp\/v2\/media?parent=123424"}],"wp:term":[{"taxonomy":"category","embeddable":true,"href":"https:\/\/www.europesays.com\/fi\/wp-json\/wp\/v2\/categories?post=123424"},{"taxonomy":"post_tag","embeddable":true,"href":"https:\/\/www.europesays.com\/fi\/wp-json\/wp\/v2\/tags?post=123424"}],"curies":[{"name":"wp","href":"https:\/\/api.w.org\/{rel}","templated":true}]}}