{"id":123430,"date":"2025-12-22T19:57:09","date_gmt":"2025-12-22T19:57:09","guid":{"rendered":"https:\/\/www.europesays.com\/fi\/123430\/"},"modified":"2025-12-22T19:57:09","modified_gmt":"2025-12-22T19:57:09","slug":"nasa-sai-uuden-johtajan-elon-muskin-luottomies-hyvaksyttiin-kuukausien-vaannon-jalkeen-uutisia-lyhyesti-2","status":"publish","type":"post","link":"https:\/\/www.europesays.com\/fi\/123430\/","title":{"rendered":"Nasa sai uuden johtajan \u2013 Elon Muskin luottomies hyv\u00e4ksyttiin kuukausien v\u00e4\u00e4nn\u00f6n j\u00e4lkeen | Uutisia lyhyesti"},"content":{"rendered":"<p class=\"aw-1gybjub aw-1p7kakr kEtdKx cEmitX yle__article__paragraph\">Autonkuljettaja ajoi bussipys\u00e4kkiin Frankfurtin pohjoispuolella Saksassa.<\/p>\n<p class=\"aw-1gybjub aw-1p7kakr kEtdKx cEmitX yle__article__paragraph\">Ainakin kolme ihmist\u00e4 loukkaantui, joista yksi vakavasti, viranomaiset kertovat. Onnettomuus tapahtui Gie\u00dfeniss\u00e4 noin kello 16.30 paikallista aikaa.<\/p>\n<p class=\"aw-1gybjub aw-1p7kakr kEtdKx cEmitX yle__article__paragraph\">Poliisin mukaan autonkuljettaja t\u00f6rm\u00e4si aluksi kahteen autoon ja ajoi sen j\u00e4lkeen bussipys\u00e4kill\u00e4 olleiden ihmisten p\u00e4\u00e4lle. Kuljettaja jatkoi ajamista, kunnes poliisi pys\u00e4ytti h\u00e4net.<\/p>\n<p class=\"aw-1gybjub aw-1p7kakr kEtdKx cEmitX yle__article__paragraph\">Poliisi otti kiinni 32-vuotiaan Azerbaid\u017eanista kotoisin olevan miehen.<\/p>\n<p class=\"aw-1gybjub aw-1p7kakr kEtdKx cEmitX yle__article__paragraph\">\u2013 Tapahtuman tarkat olosuhteet eiv\u00e4t ole viel\u00e4 tiedossa ja niit\u00e4 tutkitaan parhaillaan, poliisi kertoi lausunnossaan maanantai-iltana.<\/p>\n<p class=\"aw-1gybjub aw-1p7kakr kEtdKx cEmitX yle__article__paragraph\">Gie\u00dfen sijaitsee noin 53 kilometri\u00e4 Frankfurtista pohjoiseen.<\/p>\n<p class=\"aw-1gybjub aw-1p7kakr kEtdKx cEmitX yle__article__paragraph\">L\u00e4hde: AP<\/p>\n","protected":false},"excerpt":{"rendered":"Autonkuljettaja ajoi bussipys\u00e4kkiin Frankfurtin pohjoispuolella Saksassa. Ainakin kolme ihmist\u00e4 loukkaantui, joista yksi vakavasti, viranomaiset kertovat. Onnettomuus tapahtui Gie\u00dfeniss\u00e4&hellip;\n","protected":false},"author":2,"featured_media":123431,"comment_status":"","ping_status":"","sticky":false,"template":"","format":"standard","meta":{"footnotes":""},"categories":[114],"tags":[1497,453,1124,1498,1087,1205,585,1797,33,31,30,1324,118,452,1010,32,78,119,56,619],"class_list":{"0":"post-123430","1":"post","2":"type-post","3":"status-publish","4":"format-standard","5":"has-post-thumbnail","7":"category-avaruus","8":"tag-astronautit","9":"tag-avaruus","10":"tag-avaruusalukset","11":"tag-avaruuslennot","12":"tag-avaruusliikenne","13":"tag-avaruusohjelmat","14":"tag-donald-trump","15":"tag-elon-musk","16":"tag-fi","17":"tag-finland","18":"tag-finnish","19":"tag-nasa","20":"tag-science","21":"tag-space","22":"tag-spacex","23":"tag-suomi","24":"tag-talous","25":"tag-tiede","26":"tag-ulkomaat","27":"tag-yhdysvallat"},"share_on_mastodon":{"url":"https:\/\/pubeurope.com\/@fi\/115764988660592003","error":""},"_links":{"self":[{"href":"https:\/\/www.europesays.com\/fi\/wp-json\/wp\/v2\/posts\/123430","targetHints":{"allow":["GET"]}}],"collection":[{"href":"https:\/\/www.europesays.com\/fi\/wp-json\/wp\/v2\/posts"}],"about":[{"href":"https:\/\/www.europesays.com\/fi\/wp-json\/wp\/v2\/types\/post"}],"author":[{"embeddable":true,"href":"https:\/\/www.europesays.com\/fi\/wp-json\/wp\/v2\/users\/2"}],"replies":[{"embeddable":true,"href":"https:\/\/www.europesays.com\/fi\/wp-json\/wp\/v2\/comments?post=123430"}],"version-history":[{"count":0,"href":"https:\/\/www.europesays.com\/fi\/wp-json\/wp\/v2\/posts\/123430\/revisions"}],"wp:featuredmedia":[{"embeddable":true,"href":"https:\/\/www.europesays.com\/fi\/wp-json\/wp\/v2\/media\/123431"}],"wp:attachment":[{"href":"https:\/\/www.europesays.com\/fi\/wp-json\/wp\/v2\/media?parent=123430"}],"wp:term":[{"taxonomy":"category","embeddable":true,"href":"https:\/\/www.europesays.com\/fi\/wp-json\/wp\/v2\/categories?post=123430"},{"taxonomy":"post_tag","embeddable":true,"href":"https:\/\/www.europesays.com\/fi\/wp-json\/wp\/v2\/tags?post=123430"}],"curies":[{"name":"wp","href":"https:\/\/api.w.org\/{rel}","templated":true}]}}