{"id":123438,"date":"2025-12-22T20:13:10","date_gmt":"2025-12-22T20:13:10","guid":{"rendered":"https:\/\/www.europesays.com\/fi\/123438\/"},"modified":"2025-12-22T20:13:10","modified_gmt":"2025-12-22T20:13:10","slug":"tama-on-syy-bianca-censorin-nakuasuille","status":"publish","type":"post","link":"https:\/\/www.europesays.com\/fi\/123438\/","title":{"rendered":"T\u00e4m\u00e4 on syy Bianca Censorin nakuasuille"},"content":{"rendered":"<p>Arkkitehti ja Kanye Westin vaimo Bianca Censori kohtaa jatkuvasti paheksuntaa pukeutumistyylins\u00e4 vuoksi.<\/p>\n<p><img decoding=\"async\" class=\"image image-show image-preview\" src=\"https:\/\/www.europesays.com\/fi\/wp-content\/uploads\/2025\/12\/3ff94c61c1f1fc2b14af6966b22975560f9de3d2f7363737e51c567b0b4a3257.jpg\" alt=\"\"\/><img decoding=\"async\" class=\"image image-show\" src=\"https:\/\/www.europesays.com\/fi\/wp-content\/uploads\/2025\/12\/1766434390_800_3ff94c61c1f1fc2b14af6966b22975560f9de3d2f7363737e51c567b0b4a3257.jpg\" alt=\"\"\/><\/p>\n<p>Bianca Censori h\u00e4tk\u00e4ytt\u00e4\u00e4 v\u00e4h\u00e4pukeisuudellaan. AOP<\/p>\n<p class=\"paragraph\">Arkkitehti <strong>Bianca Censori<\/strong> tunnetaan ymp\u00e4ri maailmaa paljastavan pukeutumisensa t\u00e4hden. <strong>Kanye Westin<\/strong> vaimo n\u00e4hd\u00e4\u00e4n jatkuvalla sy\u00f6t\u00f6ll\u00e4 edustamassa joko t\u00e4ysin alasti tai hyvin l\u00e4helle sit\u00e4. Nyt Censori on antanut <a href=\"https:\/\/www.interviewmagazine.com\/art\/bianca-censoris-naked-truth\" rel=\"noopener nofollow\" target=\"_blank\">Interview<\/a>-lehdelle haastattelun, jossa h\u00e4n \u201dkaksoisolentonsa\u201d v\u00e4lityksell\u00e4 kertoi, miksi h\u00e4nen k\u00e4ytt\u00e4m\u00e4ns\u00e4 asut eiv\u00e4t j\u00e4t\u00e4 arvailun varaa.<\/p>\n<p class=\"paragraph\">Ehk\u00e4 maailmankaikkeuden erikoisimmassa haastattelussa latex-asuun verhoutunut Censori seisoi katse j\u00e4isen\u00e4 haastattelijaa tuijottaen. H\u00e4nen vieress\u00e4\u00e4n seisova nainen vastaili kysymyksiin muun muassa kohauttavaa pukeutumista koskien.<\/p>\n<p class=\"paragraph\">\u2013 Julkisuudessa olevan naisen on pakko katsoa eri versioita itsest\u00e4\u00e4n ilman omaa suostumustaan. Ihmiset projisoivat, keksiv\u00e4t, pyyhkiv\u00e4t pois. H\u00e4n muokkaa versioita, joita he luovat. H\u00e4n ei ole loukussa oman kuvansa sis\u00e4ll\u00e4. H\u00e4n tekee itsest\u00e4\u00e4n uusia versioita, kunnes alkuper\u00e4isest\u00e4 tulee myytti, klooni selitti aito Bianca vierell\u00e4\u00e4n.<\/p>\n<p class=\"paragraph\">Bianca Censorin v\u00e4h\u00e4pukeisuus her\u00e4tt\u00e4\u00e4 jatkuvaa ihmettely\u00e4 sosiaalisessa mediassa, ja paheksuntaa tulee oikealta ja vasemmalta. Kaksoisolentonsa v\u00e4lityksell\u00e4 Bianca kertoi, ettei etsi kehuja eik\u00e4 kohuja.<\/p>\n<p class=\"paragraph\">\u2013 Kohu ei ole p\u00e4\u00e4m\u00e4\u00e4r\u00e4, mutta se paljastaa paljon. Se n\u00e4ytt\u00e4\u00e4, miss\u00e4 on kulttuurisia herkkyyksi\u00e4 ja mit\u00e4 ihmiset eiv\u00e4t ole valmiita nime\u00e4m\u00e4\u00e4n. Bianca haluaa vain ilmaista itse\u00e4\u00e4n.<\/p>\n<p class=\"paragraph\">Censorilta kysyttiin my\u00f6s, miten paljon seksuaalisuus vaikuttaa h\u00e4nen tekemisiins\u00e4.<\/p>\n<p class=\"paragraph\">\u2013 Seksuaalisuus on sattumanvaraista. Se ei ole se pointti. Naiskeho ei ole vain seksuaalinen, se on kulttuurista tulkintaa.<\/p>\n<p class=\"paragraph\">H\u00e4mment\u00e4v\u00e4 haastattelu tehtiin Censorin performanssitaide-esityksen yhteydess\u00e4. Teos kantaa nime\u00e4 Bio Pop. Taideteoksellaan Censori pohtii objektisoinnin, kotiel\u00e4m\u00e4n ja naiseuden tematiikkaa.<\/p>\n<p class=\"paragraph\">Arkkitehti Bianca Censori muuttui t\u00e4ydellisesti tavattuaan r\u00e4pp\u00e4ri Kanye Westin. TMZ <a href=\"https:\/\/www.iltalehti.fi\/viihdeuutiset\/9452b489-d291-4c4c-a24e-b9d8156bb018\" rel=\"nofollow noopener\" target=\"_blank\">julkaisi vastik\u00e4\u00e4n kuvia<\/a>, joissa h\u00e4n n\u00e4ytti ennen liittoaan vuonna 2021 aivan tavalliselta naiselta. Ensi kertaa pari n\u00e4htiin yhdess\u00e4 vuonna 2023. West on vaikuttanut suuresti Censorin tyyliin.<\/p>\n<p class=\"paragraph\">Aluksi Censoria pidettiin jonkinlaisena kopiona r\u00e4pp\u00e4rin ex-vaimosta <strong>Kim Kardashianista<\/strong>. Sittemmin kaksikko on p\u00e4\u00e4ssyt otsikoihin kontrastisella pukeutumisellaan: r\u00e4pp\u00e4rill\u00e4 on usein hyvin peitt\u00e4v\u00e4t vaatteet, kun taas Censori on l\u00e4hes alastomana julkisilla paikoilla.<\/p>\n","protected":false},"excerpt":{"rendered":"Arkkitehti ja Kanye Westin vaimo Bianca Censori kohtaa jatkuvasti paheksuntaa pukeutumistyylins\u00e4 vuoksi. Bianca Censori h\u00e4tk\u00e4ytt\u00e4\u00e4 v\u00e4h\u00e4pukeisuudellaan. AOP Arkkitehti&hellip;\n","protected":false},"author":2,"featured_media":123439,"comment_status":"","ping_status":"","sticky":false,"template":"","format":"standard","meta":{"footnotes":""},"categories":[130],"tags":[35,138,137,33,31,30,47,141,32,484,416,109],"class_list":{"0":"post-123438","1":"post","2":"type-post","3":"status-publish","4":"format-standard","5":"has-post-thumbnail","7":"category-viihde","8":"tag-24h","9":"tag-audio","10":"tag-entertainment","11":"tag-fi","12":"tag-finland","13":"tag-finnish","14":"tag-musiikki","15":"tag-muusikot-bandit","16":"tag-suomi","17":"tag-taiteellinen-ilmaisu-ja-mediat","18":"tag-urbaani-nykymusiikki","19":"tag-viihde"},"share_on_mastodon":{"url":"https:\/\/pubeurope.com\/@fi\/115765051904431930","error":""},"_links":{"self":[{"href":"https:\/\/www.europesays.com\/fi\/wp-json\/wp\/v2\/posts\/123438","targetHints":{"allow":["GET"]}}],"collection":[{"href":"https:\/\/www.europesays.com\/fi\/wp-json\/wp\/v2\/posts"}],"about":[{"href":"https:\/\/www.europesays.com\/fi\/wp-json\/wp\/v2\/types\/post"}],"author":[{"embeddable":true,"href":"https:\/\/www.europesays.com\/fi\/wp-json\/wp\/v2\/users\/2"}],"replies":[{"embeddable":true,"href":"https:\/\/www.europesays.com\/fi\/wp-json\/wp\/v2\/comments?post=123438"}],"version-history":[{"count":0,"href":"https:\/\/www.europesays.com\/fi\/wp-json\/wp\/v2\/posts\/123438\/revisions"}],"wp:featuredmedia":[{"embeddable":true,"href":"https:\/\/www.europesays.com\/fi\/wp-json\/wp\/v2\/media\/123439"}],"wp:attachment":[{"href":"https:\/\/www.europesays.com\/fi\/wp-json\/wp\/v2\/media?parent=123438"}],"wp:term":[{"taxonomy":"category","embeddable":true,"href":"https:\/\/www.europesays.com\/fi\/wp-json\/wp\/v2\/categories?post=123438"},{"taxonomy":"post_tag","embeddable":true,"href":"https:\/\/www.europesays.com\/fi\/wp-json\/wp\/v2\/tags?post=123438"}],"curies":[{"name":"wp","href":"https:\/\/api.w.org\/{rel}","templated":true}]}}