{"id":123456,"date":"2025-12-22T20:43:08","date_gmt":"2025-12-22T20:43:08","guid":{"rendered":"https:\/\/www.europesays.com\/fi\/123456\/"},"modified":"2025-12-22T20:43:08","modified_gmt":"2025-12-22T20:43:08","slug":"nato-maassa-raivostuttiin-trumpille-iltalehti","status":"publish","type":"post","link":"https:\/\/www.europesays.com\/fi\/123456\/","title":{"rendered":"Nato-maassa raivostuttiin Trumpille &#8211; Iltalehti"},"content":{"rendered":"<ol>\n<li><a href=\"https:\/\/news.google.com\/rss\/articles\/CBMifEFVX3lxTE13UGlzbzdrVFFaTVR4al9fb0kzWG1MUk9qamZES2ZVU1o5MGw0NkE1Nm55M0JnUG13TDVfN2l2Z2N3XzExNmRMbk1FUVU3cDNTVXhORnNyZDdndGltOWNoSFZqbmh5TngySXZzOGF1LWt6X2N5QTFXcExJdnA?oc=5\" target=\"_blank\" rel=\"nofollow noopener\">Nato-maassa raivostuttiin Trumpille<\/a>&nbsp;&nbsp;Iltalehti<\/li>\n<li><a href=\"https:\/\/news.google.com\/rss\/articles\/CBMiXEFVX3lxTFBpQjV1cjBaOG1nRW1RWHdMekdKdWNEOTFlVkdnZ2tMMl9yNmxDcFN1ZnJkY1FadGR6MHFHT0dWT1BTTnpFdWtiWnY2NkJxVlA1UDIxWURpa1hjNGlZ?oc=5\" target=\"_blank\" rel=\"nofollow noopener\">Gr\u00f6nlanti | Trumpin uusi l\u00e4hettil\u00e4s: Tehd\u00e4\u00e4n Gr\u00f6nlannista osa Yhdysvaltoja<\/a>&nbsp;&nbsp;HS.fi<\/li>\n<li><a href=\"https:\/\/news.google.com\/rss\/articles\/CBMiXkFVX3lxTE9STnprc2dBMlB0V2RyRm8zeUU1WVV4eHdzZFdZM0V1M1hEcklOYnI1eGJHdVNabnNIYkV0MlJDNkFlMWJCM01NcVdvdVlSUlNMQU1sR1pGWVZHRU5NNFE?oc=5\" target=\"_blank\" rel=\"nofollow noopener\">Trumpin tuore erityisl\u00e4hettil\u00e4s: Yhdysvallat haluaa Gr\u00f6nlannin \u2013 Tanska \u00e4l\u00e4hti<\/a>&nbsp;&nbsp;Ilta-Sanomat<\/li>\n<li><a href=\"https:\/\/news.google.com\/rss\/articles\/CBMiVkFVX3lxTE4xRmFIV1JXbTFQZFNneTV0SzlycElqdE9UOG5CSjlXZVRVM3p5SzdsZmhhUVN3NEZoMVVSZVpYM3VMSTI1a3hNZjdrRnp3QmZ2SVlMT3Nn?oc=5\" target=\"_blank\" rel=\"nofollow noopener\">Puutiainen Velho-kissan turkissa ja lupiini t\u00e4ydess\u00e4 kukassa \u2013 katso lukijoiden erikoiset luontohavainnot<\/a>&nbsp;&nbsp;Yle<\/li>\n<li><a href=\"https:\/\/news.google.com\/rss\/articles\/CBMiQkFVX3lxTE5oMEVIZER5YzZPa0dfSFI4OW13MjJIXzYyVWpZa3hrZmYwR0p2dHJJME9ERVJ2a0xmUkdXTGhmZ0xkdw?oc=5\" target=\"_blank\" rel=\"nofollow noopener\">EU: Tanskan kuningaskunnan suvereniteetti on s\u00e4ilytett\u00e4v\u00e4<\/a>&nbsp;&nbsp;Yle<\/li>\n<\/ol>\n","protected":false},"excerpt":{"rendered":"Nato-maassa raivostuttiin Trumpille&nbsp;&nbsp;Iltalehti Gr\u00f6nlanti | Trumpin uusi l\u00e4hettil\u00e4s: Tehd\u00e4\u00e4n Gr\u00f6nlannista osa Yhdysvaltoja&nbsp;&nbsp;HS.fi Trumpin tuore erityisl\u00e4hettil\u00e4s: Yhdysvallat haluaa Gr\u00f6nlannin&hellip;\n","protected":false},"author":2,"featured_media":123457,"comment_status":"","ping_status":"","sticky":false,"template":"","format":"standard","meta":{"footnotes":""},"categories":[14],"tags":[35,22,23,26,27,33,31,30,17,24,25,28,29,15,18,21,142,637,144,32,19,20,56,16,638,59,60,61,143],"class_list":{"0":"post-123456","1":"post","2":"type-post","3":"status-publish","4":"format-standard","5":"has-post-thumbnail","7":"category-ulkomaat","8":"tag-24h","9":"tag-breaking-news","10":"tag-breakingnews","11":"tag-featured-news","12":"tag-featurednews","13":"tag-fi","14":"tag-finland","15":"tag-finnish","16":"tag-headlines","17":"tag-latest-news","18":"tag-latestnews","19":"tag-main-news","20":"tag-mainnews","21":"tag-news","22":"tag-otsikot","23":"tag-paauutiset","24":"tag-poliitikot","25":"tag-politiikka","26":"tag-presidentti","27":"tag-suomi","28":"tag-top-stories","29":"tag-topstories","30":"tag-ulkomaat","31":"tag-uutiset","32":"tag-valtiovalta","33":"tag-world","34":"tag-world-news","35":"tag-worldnews","36":"tag-yhdysvaltain-politiikka"},"share_on_mastodon":{"url":"https:\/\/pubeurope.com\/@fi\/115765169701119923","error":""},"_links":{"self":[{"href":"https:\/\/www.europesays.com\/fi\/wp-json\/wp\/v2\/posts\/123456","targetHints":{"allow":["GET"]}}],"collection":[{"href":"https:\/\/www.europesays.com\/fi\/wp-json\/wp\/v2\/posts"}],"about":[{"href":"https:\/\/www.europesays.com\/fi\/wp-json\/wp\/v2\/types\/post"}],"author":[{"embeddable":true,"href":"https:\/\/www.europesays.com\/fi\/wp-json\/wp\/v2\/users\/2"}],"replies":[{"embeddable":true,"href":"https:\/\/www.europesays.com\/fi\/wp-json\/wp\/v2\/comments?post=123456"}],"version-history":[{"count":0,"href":"https:\/\/www.europesays.com\/fi\/wp-json\/wp\/v2\/posts\/123456\/revisions"}],"wp:featuredmedia":[{"embeddable":true,"href":"https:\/\/www.europesays.com\/fi\/wp-json\/wp\/v2\/media\/123457"}],"wp:attachment":[{"href":"https:\/\/www.europesays.com\/fi\/wp-json\/wp\/v2\/media?parent=123456"}],"wp:term":[{"taxonomy":"category","embeddable":true,"href":"https:\/\/www.europesays.com\/fi\/wp-json\/wp\/v2\/categories?post=123456"},{"taxonomy":"post_tag","embeddable":true,"href":"https:\/\/www.europesays.com\/fi\/wp-json\/wp\/v2\/tags?post=123456"}],"curies":[{"name":"wp","href":"https:\/\/api.w.org\/{rel}","templated":true}]}}