{"id":123461,"date":"2025-12-22T20:56:09","date_gmt":"2025-12-22T20:56:09","guid":{"rendered":"https:\/\/www.europesays.com\/fi\/123461\/"},"modified":"2025-12-22T20:56:09","modified_gmt":"2025-12-22T20:56:09","slug":"huhut-samsung-valmistelee-levealla-naytolla-varustettua-taittuvaa-puhelinta-iphone-foldin-kilpailijaksi","status":"publish","type":"post","link":"https:\/\/www.europesays.com\/fi\/123461\/","title":{"rendered":"Huhut: Samsung valmistelee leve\u00e4ll\u00e4 n\u00e4yt\u00f6ll\u00e4 varustettua taittuvaa puhelinta iPhone Foldin kilpailijaksi"},"content":{"rendered":"<p>Samsung pyrkii haastamaan huhutun Apple iPhone Foldin leve\u00e4ll\u00e4 taittuvalla puhelimella.<\/p>\n<p><a href=\"https:\/\/muropaketti.com\/avainsana\/samsung\/\" rel=\"nofollow noopener\" target=\"_blank\">Samsungin<\/a> kerrotaan tuovan markkinoille uuden leve\u00e4ll\u00e4 n\u00e4yt\u00f6ll\u00e4 varustetun taittuvan puhelimen vuonna 2026, joka muistuttaisi ominaisuuksiltaan Applen ensimm\u00e4ist\u00e4 taittuvaa iPhonea. <a href=\"https:\/\/www.etnews.com\/20251219000227\" target=\"_blank\" rel=\"noreferrer noopener nofollow\">Korealaisen ET Newsin mukaan<\/a> laitteessa olisi 4:3-kuvasuhteen n\u00e4ytt\u00f6, joka olisi taitettuna noin 5,4 tuumaa ja avattuna 7,6 tuumaa. Rakenne olisi aiempaa leve\u00e4mpi ja matalampi.<\/p>\n<p>Huhujen mukaan my\u00f6s Applen tuleva foldable asettuisi hyvin samankaltaisiin mittoihin (noin 5,3\u201d \/ 7,7\u201d) ja kuvasuhteeseen, joka vastaa iPadien 4:3-formaattia. T\u00e4llainen n\u00e4ytt\u00f6 sopii hyvin lukemiseen, asiakirjoihin ja luovaan ty\u00f6h\u00f6n, mutta aiheuttaa suurempia mustia palkkeja videoiden katselussa.<\/p>\n<p>Sek\u00e4 Samsungin ett\u00e4 Applen taittuvien lippulaivojen odotetaan ilmestyv\u00e4n syksyll\u00e4 2026, mik\u00e4 enteilee suoraa kamppailua leve\u00e4mpien, tablettimaisempien taittuvien laitteiden saralla.<\/p>\n","protected":false},"excerpt":{"rendered":"Samsung pyrkii haastamaan huhutun Apple iPhone Foldin leve\u00e4ll\u00e4 taittuvalla puhelimella. Samsungin kerrotaan tuovan markkinoille uuden leve\u00e4ll\u00e4 n\u00e4yt\u00f6ll\u00e4 varustetun&hellip;\n","protected":false},"author":2,"featured_media":123462,"comment_status":"","ping_status":"","sticky":false,"template":"","format":"standard","meta":{"footnotes":""},"categories":[85],"tags":[33,31,30,419,418,799,32,91,92],"class_list":{"0":"post-123461","1":"post","2":"type-post","3":"status-publish","4":"format-standard","5":"has-post-thumbnail","7":"category-mobiili","8":"tag-fi","9":"tag-finland","10":"tag-finnish","11":"tag-mobiili","12":"tag-mobile","13":"tag-samsung","14":"tag-suomi","15":"tag-technology","16":"tag-teknologia"},"share_on_mastodon":{"url":"https:\/\/pubeurope.com\/@fi\/115765220769469974","error":""},"_links":{"self":[{"href":"https:\/\/www.europesays.com\/fi\/wp-json\/wp\/v2\/posts\/123461","targetHints":{"allow":["GET"]}}],"collection":[{"href":"https:\/\/www.europesays.com\/fi\/wp-json\/wp\/v2\/posts"}],"about":[{"href":"https:\/\/www.europesays.com\/fi\/wp-json\/wp\/v2\/types\/post"}],"author":[{"embeddable":true,"href":"https:\/\/www.europesays.com\/fi\/wp-json\/wp\/v2\/users\/2"}],"replies":[{"embeddable":true,"href":"https:\/\/www.europesays.com\/fi\/wp-json\/wp\/v2\/comments?post=123461"}],"version-history":[{"count":0,"href":"https:\/\/www.europesays.com\/fi\/wp-json\/wp\/v2\/posts\/123461\/revisions"}],"wp:featuredmedia":[{"embeddable":true,"href":"https:\/\/www.europesays.com\/fi\/wp-json\/wp\/v2\/media\/123462"}],"wp:attachment":[{"href":"https:\/\/www.europesays.com\/fi\/wp-json\/wp\/v2\/media?parent=123461"}],"wp:term":[{"taxonomy":"category","embeddable":true,"href":"https:\/\/www.europesays.com\/fi\/wp-json\/wp\/v2\/categories?post=123461"},{"taxonomy":"post_tag","embeddable":true,"href":"https:\/\/www.europesays.com\/fi\/wp-json\/wp\/v2\/tags?post=123461"}],"curies":[{"name":"wp","href":"https:\/\/api.w.org\/{rel}","templated":true}]}}